{"id":121826,"date":"2013-02-20T00:03:31","date_gmt":"2013-02-20T06:03:31","guid":{"rendered":"http:\/\/www.diarioimagen.net\/?p=121826"},"modified":"2013-02-20T03:15:26","modified_gmt":"2013-02-20T09:15:26","slug":"la-profesionalizacion-del-periodista-turistico","status":"publish","type":"post","link":"https:\/\/www.diarioimagen.net\/?p=121826","title":{"rendered":"La profesionalizaci\u00f3n del periodista tur\u00edstico"},"content":{"rendered":"<h2>Detr\u00e1s del Poder<\/h2>\n<h5>Jos\u00e9 Antonio L\u00f3pez Sosa<\/h5>\n<p>&nbsp;<\/p>\n<p><b>CANC\u00daN, QUINTANA ROO.<\/b>&#8211; Se han debatido y propuesto en el XI Foro Nacional de Turismo diversos caminos para reposicionar e impulsar a la industria tur\u00edstica nacional, sin embargo, una parte importante tiene que ver precisamente con quienes hacemos periodismo tur\u00edstico.<\/p>\n<p>El domingo pasado, en nuestro programa radiof\u00f3nico \u201cDe Viaje en F\u00f3rmula Confidencial\u201d transmitido desde Radio F\u00f3rmula Canc\u00fan, entrevistamos V\u00edctor Bl\u00e1zquez -quien nos honr\u00f3 con su compa\u00f1\u00eda en cabina-, Mart\u00edn Iglesias -director de Diario Imagen Quintana Roo- y este reportero a nuestro reconocido colega Rafael Cardona -quien acudi\u00f3 a moderar una de las mesas en este foro- y nos aport\u00f3 una importante reflexi\u00f3n con relaci\u00f3n al periodismo y el turismo, cito textual:<\/p>\n<p>\u201cYo tambi\u00e9n creo que as\u00ed como se est\u00e1 planteando el fomento de la actividad industrial tur\u00edstica, tambi\u00e9n debemos del lado de ac\u00e1 (del periodismo), y lo digo un poco, sin que me toque a m\u00ed el asunto porque yo no soy periodista especializado en cuestiones tur\u00edsticas. Es el momento en que M\u00e9xico tenga medios de especializaci\u00f3n tur\u00edstica que ayuden a la divulgaci\u00f3n pero en serio, no que anden viendo qui\u00e9n les da m\u00e1s planas o quien les da m\u00e1s lana, m\u00e1s negocios, que anden sableando ah\u00ed a los hoteleros. Se trata de hacer una prensa que genere opini\u00f3n p\u00fablica y que esa opini\u00f3n p\u00fablica, comprenda la necesidad del turismo. Alguien dijo hoy algo muy importante, sacar al turismo de las p\u00e1ginas de sociales y meterlo a las p\u00e1ginas de econom\u00eda y yo tambi\u00e9n digo, que es importante sacar a turismo de las p\u00e1ginas rojas para meterlo a las p\u00e1ginas editoriales. Esta es una actividad importante para M\u00e9xico y se debe abordar con responsabilidad desde todos los sectores que tienen que ver con ella\u201d<\/p>\n<p>Sin lugar a dudas, Cardona tiene toda la raz\u00f3n en cuanto a lo que compete a periodistas y medios de comunicaci\u00f3n focalizados y especializados en turismo. Desafortunadamente por un sector que prostituye o abusa del rubro, el periodista dedicado al turismo ha sido categorizado como poco serio o incluso irresponsable en los \u00faltimos a\u00f1os, dejando de lado a decenas de colegas cuya labor ha sido importante para la apertura de espacios desde los que de forma seria, se aborda el turismo informativo y se difunden los destinos que nuestro pa\u00eds tiene.<\/p>\n<p>Me parece que hizo falta en este foro una mesa con periodistas de turismo a fin de analizar el proceso del turismo desde la visi\u00f3n cr\u00edtica del periodista. Observ\u00e9 a muchos colegas que acudimos a reportear, a obtener informaci\u00f3n para analizarla y difundirla, pero tambi\u00e9n a muchos otros que emplearon este Foro Nacional de Turismo para \u00fanicamente tratar de vender espacios publicitarios. De pronto circularon revistas y medios que pareciera, solo se publican para estos foros y lejos de buscar a los actores pol\u00edticos o empresariales del turismo mexicano para fines informativos, el acercamiento despu\u00e9s de las mesas era para fines comerciales.<\/p>\n<p>Estamos conscientes que la publicidad es el medio de subsistencia de los medios de comunicaci\u00f3n de cualquier tama\u00f1o y de cualquier rubro, sin embargo confundir un foro de debate, de ideas y de reflexi\u00f3n con un mercado de la oferta publicitaria me parece deleznable y poco responsable.<\/p>\n<p>Existe tambi\u00e9n el problema en que se han convertido muchos periodistas denominados freelance, cuya misi\u00f3n m\u00e1s que hacer un trabajo period\u00edstico profesional es conseguir viajes gratis comprometiendo espacios que ni siquiera tienen garantizados. No pretendo generalizar en esta columna, hay casos y excepciones pero por unos pagamos todos.<\/p>\n<p>Por otro lado, la \u00fanica mesa en que un periodista especializado en turismo medi\u00f3 fue\u00a0 \u201cel factor ambiental\u201d, correspondi\u00f3 a nuestro colega Gustavo Armenta de Milenio por la ausencia de Dar\u00edo Celis, me parece que existen periodistas profesionales y especializados en turismo que bien pudiesen moderar la mayor\u00eda de las mesas por el conocimiento y trabajo que tienen detr\u00e1s en esta materia.<\/p>\n<p>En fin, este foro ha generado expectativas, compromisos, pero sobre todo, ideas para gestar desde la trinchera del periodismo, un ejercicio profesional en materia tur\u00edstica. Algo que va mucho m\u00e1s all\u00e1 de un medio, de un periodista o de un grupo, algo que tiene que ver con un sector del periodismo nacional, mismo que debemos evitar se siga prostituyendo.<\/p>\n<p><em><a href=\"mailto:lopez.sosa@mexico.com\" target=\"_blank\">lopez.sosa@mexico.com<\/a><\/em><br \/>\n<em><a href=\"http:\/\/twitter.com\/#%21\/joseantonio1977\" target=\"_blank\">@joseantonio1977<br \/>\n<\/a><\/em><em><a href=\"http:\/\/www.formulaconfidencial.com.mx\/\" target=\"_blank\">www.formulaconfidencial.com.mx<\/a><\/em><\/p>\n","protected":false},"excerpt":{"rendered":"<p><span style=\"color: #005497;\"><strong>Jos\u00e9 Antonio L\u00f3pez Sosa<\/strong><\/span><\/p>\n","protected":false},"author":1,"featured_media":0,"comment_status":"open","ping_status":"open","sticky":false,"template":"","format":"standard","meta":{"_monsterinsights_skip_tracking":false,"_monsterinsights_sitenote_active":false,"_monsterinsights_sitenote_note":"","_monsterinsights_sitenote_category":0,"footnotes":""},"categories":[637],"tags":[638,43690,43674,26183],"class_list":["post-121826","post","type-post","status-publish","format-standard","hentry","category-jose-antonio-lopez-sosa","tag-detras-del-poder","tag-jose-antonio-lopez-sosa","tag-opinion","tag-xi-foro-nacional-de-turismo"],"_links":{"self":[{"href":"https:\/\/www.diarioimagen.net\/index.php?rest_route=\/wp\/v2\/posts\/121826","targetHints":{"allow":["GET"]}}],"collection":[{"href":"https:\/\/www.diarioimagen.net\/index.php?rest_route=\/wp\/v2\/posts"}],"about":[{"href":"https:\/\/www.diarioimagen.net\/index.php?rest_route=\/wp\/v2\/types\/post"}],"author":[{"embeddable":true,"href":"https:\/\/www.diarioimagen.net\/index.php?rest_route=\/wp\/v2\/users\/1"}],"replies":[{"embeddable":true,"href":"https:\/\/www.diarioimagen.net\/index.php?rest_route=%2Fwp%2Fv2%2Fcomments&post=121826"}],"version-history":[{"count":0,"href":"https:\/\/www.diarioimagen.net\/index.php?rest_route=\/wp\/v2\/posts\/121826\/revisions"}],"wp:attachment":[{"href":"https:\/\/www.diarioimagen.net\/index.php?rest_route=%2Fwp%2Fv2%2Fmedia&parent=121826"}],"wp:term":[{"taxonomy":"category","embeddable":true,"href":"https:\/\/www.diarioimagen.net\/index.php?rest_route=%2Fwp%2Fv2%2Fcategories&post=121826"},{"taxonomy":"post_tag","embeddable":true,"href":"https:\/\/www.diarioimagen.net\/index.php?rest_route=%2Fwp%2Fv2%2Ftags&post=121826"}],"curies":[{"name":"wp","href":"https:\/\/api.w.org\/{rel}","templated":true}]}}