{"id":121993,"date":"2013-02-21T00:01:49","date_gmt":"2013-02-21T06:01:49","guid":{"rendered":"http:\/\/www.diarioimagen.net\/?p=121993"},"modified":"2013-02-21T05:45:31","modified_gmt":"2013-02-21T11:45:31","slug":"mexico-real-en-abrumadora-pobreza","status":"publish","type":"post","link":"https:\/\/www.diarioimagen.net\/?p=121993","title":{"rendered":"M\u00e9xico real: en  abrumadora pobreza"},"content":{"rendered":"<h2>Pol\u00edtica Spot<\/h2>\n<h5>Juan Manuel Maga\u00f1a<\/h5>\n<p>&nbsp;<\/p>\n<p>La quinta parte de los mexicanos, o sea unos 22 millones de ellos, vive con hambre.<\/p>\n<p>Este es el resultado m\u00e1s verdadero y vergonzoso de lo que le han hecho a este pa\u00eds en los \u00faltimos 30 a\u00f1os.\u00a0 Digan lo que digan. As\u00ed se echen la bolita unos a otros.<\/p>\n<p>Los datos son del Consejo Nacional para la Evaluaci\u00f3n de la Pol\u00edtica de Desarrollo Social (Coneval), organismo oficial encargado de evaluar la pol\u00edtica de desarrollo social, difundidos ayer. Se dicen f\u00e1cil, pero en realidad son terribles.<\/p>\n<p>Dichos de otra manera: uno de cada cinco mexicanos vive con hambre. La cantidad acumulada es comparable a la suma de la poblaci\u00f3n total de Chihuahua, Jalisco, Guerrero y el Distrito Federal.<\/p>\n<p>C\u00f3mo ha de ser en vivo la pobreza, para quienes nunca han volteado a verla, que habiendo concluido uno de sus \u00faltimos actos de campa\u00f1a en uno de los pueblos m\u00e1s pobres de Guerrero, el l\u00edder Andr\u00e9s Manuel L\u00f3pez Obrador sali\u00f3 aterrado -\u00e9ste s\u00ed acostumbrado a verla- y reconoci\u00f3 ante algunos de sus acompa\u00f1antes que el problema es casi imposible de resolver.<\/p>\n<p>No como vamos. Cuando en 1988 Carlos Salinas fue de campa\u00f1a a un municipio empobrecido de Nuevo Le\u00f3n pudo cerciorarse de que hab\u00eda mexicanos que beb\u00edan el agua de los charcos. Y de all\u00e1 para ac\u00e1 esa situaci\u00f3n ha empeorado.<\/p>\n<p>Durante su sexenio, Vicente Fox fue con Josefina V\u00e1zquez Mota, m\u00e1s una comitiva de reporteros y una camioneta con borregos, a entregarle a una familia de Hidalgo la tarjeta n\u00famero cuatro millones de un programa asistencial.<\/p>\n<p>Comieron barbacoa, se tomaron la foto, el asunto sali\u00f3 en todas las primeras planas y la familia nunca pudo utilizar la mentada tarjeta. As\u00ed se las gastaba el de las botas.<\/p>\n<p>Seg\u00fan el Coneval, s\u00f3lo dos de cada diez mexicanos no son considerados pobres ni sujetos a alguna carencia relacionada con vivienda, educaci\u00f3n, salud y acceso a la seguridad social.<\/p>\n<p>As\u00ed que tenemos una quinta parte que vive bastante bien (no se diga los pocos que se han adue\u00f1ado del pa\u00eds, que acent\u00faan el abismo de desigualdad y que conforman una oligarqu\u00eda); tres quintos que son pobres de alguna manera, y otro quinto que vive hambriento.<\/p>\n<p>El M\u00e9xico real es pobre. Los pol\u00edticos de las \u00faltimas tres d\u00e9cadas s\u00f3lo han producido pobres y discursos.<\/p>\n<p>En todo ese tiempo han hecho creer que hacen su trabajo entregando despensas. El salario, cuando sube, lo hace dos pesos por a\u00f1o.<\/p>\n<p>Los impuestos suben s\u00f3lo bolseando a la gente menos pudiente. Al problema de la pobreza se le menciona por casualidad dos veces al a\u00f1o en televisi\u00f3n y se hace suponer que todo va bien con un simple Telet\u00f3n.<\/p>\n<p>La Cruzada Nacional contra el Hambre, anunciada el 21 de enero, quiere atender en una primera etapa a 7.4 millones de personas de 400 municipios, que carecen de ingresos para alimentarse adecuadamente.<\/p>\n<p>Apenas una tercera parte del universo de mexicanos que, seg\u00fan el Coneval, se encuentran en esta situaci\u00f3n.\u00a0 Pit\u00e1goras no falla. As\u00ed que m\u00e1s vale que acierten con los recursos y que se apuren. Porque luego aparecen como de la nada los brotes de ingobernabilidad y criminalidad en todo el pa\u00eds.<\/p>\n<p><em><a href=\"mailto: maganapalace@yahoo.com.mx\" target=\"_blank\">maganapalace@yahoo.com.mx<\/a><\/em><\/p>\n","protected":false},"excerpt":{"rendered":"<p><span style=\"color: #005497;\"><strong>Juan Manuel Maga\u00f1a<\/strong><\/span><\/p>\n","protected":false},"author":1,"featured_media":0,"comment_status":"open","ping_status":"open","sticky":false,"template":"","format":"standard","meta":{"_monsterinsights_skip_tracking":false,"_monsterinsights_sitenote_active":false,"_monsterinsights_sitenote_note":"","_monsterinsights_sitenote_category":0,"footnotes":""},"categories":[22905],"tags":[43709,43674,2421,22904],"class_list":["post-121993","post","type-post","status-publish","format-standard","hentry","category-juan-manuel-magana","tag-juan-manuel-magana","tag-opinion","tag-pobreza","tag-politica-spot"],"_links":{"self":[{"href":"https:\/\/www.diarioimagen.net\/index.php?rest_route=\/wp\/v2\/posts\/121993","targetHints":{"allow":["GET"]}}],"collection":[{"href":"https:\/\/www.diarioimagen.net\/index.php?rest_route=\/wp\/v2\/posts"}],"about":[{"href":"https:\/\/www.diarioimagen.net\/index.php?rest_route=\/wp\/v2\/types\/post"}],"author":[{"embeddable":true,"href":"https:\/\/www.diarioimagen.net\/index.php?rest_route=\/wp\/v2\/users\/1"}],"replies":[{"embeddable":true,"href":"https:\/\/www.diarioimagen.net\/index.php?rest_route=%2Fwp%2Fv2%2Fcomments&post=121993"}],"version-history":[{"count":0,"href":"https:\/\/www.diarioimagen.net\/index.php?rest_route=\/wp\/v2\/posts\/121993\/revisions"}],"wp:attachment":[{"href":"https:\/\/www.diarioimagen.net\/index.php?rest_route=%2Fwp%2Fv2%2Fmedia&parent=121993"}],"wp:term":[{"taxonomy":"category","embeddable":true,"href":"https:\/\/www.diarioimagen.net\/index.php?rest_route=%2Fwp%2Fv2%2Fcategories&post=121993"},{"taxonomy":"post_tag","embeddable":true,"href":"https:\/\/www.diarioimagen.net\/index.php?rest_route=%2Fwp%2Fv2%2Ftags&post=121993"}],"curies":[{"name":"wp","href":"https:\/\/api.w.org\/{rel}","templated":true}]}}