{"id":122009,"date":"2013-02-21T00:07:33","date_gmt":"2013-02-21T06:07:33","guid":{"rendered":"http:\/\/www.diarioimagen.net\/?p=122009"},"modified":"2013-02-21T05:55:48","modified_gmt":"2013-02-21T11:55:48","slug":"el-alza-a-pollo-y-huevo-es-injustificable-economia","status":"publish","type":"post","link":"https:\/\/www.diarioimagen.net\/?p=122009","title":{"rendered":"El alza a pollo y huevo es injustificable: Econom\u00eda"},"content":{"rendered":"<ul>\n<li><em><strong>La dependencia se\u00f1ala que aplicar\u00e1 todos los instrumentos a su alcance para mantener la estabilidad de precios y proteger consumidores<\/strong><\/em><\/li>\n<\/ul>\n<div id=\"attachment_122081\" style=\"width: 250px\" class=\"wp-caption alignleft\"><a href=\"http:\/\/www.diarioimagen.net\/wp-content\/uploads\/2013\/02\/huevo-2041.jpg\"><img loading=\"lazy\" decoding=\"async\" aria-describedby=\"caption-attachment-122081\" class=\"size-medium wp-image-122081\" alt=\"La Secretar\u00eda de Econom\u00eda reiter\u00f3 ayer que el alza al precio del huevo y el pollo es absurda y que utilizar\u00e1 todos los instrumentos a su alcance para evitarla\" src=\"http:\/\/www.diarioimagen.net\/wp-content\/uploads\/2013\/02\/huevo-2041-240x135.jpg\" width=\"240\" height=\"135\" \/><\/a><p id=\"caption-attachment-122081\" class=\"wp-caption-text\">La Secretar\u00eda de Econom\u00eda reiter\u00f3 ayer que el alza al precio del huevo y el pollo es absurda y que utilizar\u00e1 todos los instrumentos a su alcance para evitarla<\/p><\/div>\n<p>La Secretar\u00eda de Econom\u00eda (SE) advirti\u00f3 que no se justifica el desabasto de huevo y carne de pollo, ni el aumento en los precios al consumidor de estos productos b\u00e1sicos.<\/p>\n<p>Por ello, subray\u00f3 que de registrarse incrementos no justificados aplicar\u00e1 inmediatamente todos los instrumentos a su alcance para mantener la estabilidad de precios y proteger a los consumidores.<\/p>\n<p>En un comunicado, la dependencia record\u00f3 que la Procuradur\u00eda Federal del Consumidor (Profeco) intensific\u00f3 los operativos de vigilancia en todo el pa\u00eds, principalmente en el estado de Guanajuato, y sancionar\u00e1 con todo el rigor de la ley a quienes incurran en abusos contra los consumidores.<\/p>\n<p>Refiere que el pasado 14 de febrero se present\u00f3 un nuevo brote de influenza aviar AH7N3 en granjas de la empresa Bachoco ubicadas en el estado de Guanajuato, y que la patogenicidad en este caso es igual a la que se present\u00f3 en Jalisco y Aguascalientes.<\/p>\n<p>La afectaci\u00f3n se concentra en 12 granjas de esa entidad, de las cuales 10 son de gallinas reproductoras pesadas (producen huevo incubable para la producci\u00f3n de pollo de engorda), y las otras dos son de gallinas de postura comercial (producen huevo para consumo humano).<\/p>\n<p>Las 12 granjas afectadas albergan una poblaci\u00f3n de alrededor de un mill\u00f3n de aves, todas propiedad de la empresa Bachoco.<\/p>\n<p>La dependencia aclara que las aves sacrificadas representan s\u00f3lo 0.31 por ciento de la parvada total de aves reproductoras y de postura del pa\u00eds.<\/p>\n<p>&nbsp;<\/p>\n","protected":false},"excerpt":{"rendered":"<p>La Secretar\u00eda de Econom\u00eda (SE) advirti\u00f3 que no se justifica el desabasto de huevo y carne de pollo, ni el aumento en los precios al consumidor de estos productos b\u00e1sicos.<\/p>\n","protected":false},"author":1,"featured_media":0,"comment_status":"open","ping_status":"open","sticky":false,"template":"","format":"standard","meta":{"_monsterinsights_skip_tracking":false,"_monsterinsights_sitenote_active":false,"_monsterinsights_sitenote_note":"","_monsterinsights_sitenote_category":0,"footnotes":""},"categories":[3],"tags":[1275,1213,23925,43673,356],"class_list":["post-122009","post","type-post","status-publish","format-standard","hentry","category-nacional","tag-economia","tag-huevo","tag-influenza-aviar","tag-nacional","tag-profeco"],"_links":{"self":[{"href":"https:\/\/www.diarioimagen.net\/index.php?rest_route=\/wp\/v2\/posts\/122009","targetHints":{"allow":["GET"]}}],"collection":[{"href":"https:\/\/www.diarioimagen.net\/index.php?rest_route=\/wp\/v2\/posts"}],"about":[{"href":"https:\/\/www.diarioimagen.net\/index.php?rest_route=\/wp\/v2\/types\/post"}],"author":[{"embeddable":true,"href":"https:\/\/www.diarioimagen.net\/index.php?rest_route=\/wp\/v2\/users\/1"}],"replies":[{"embeddable":true,"href":"https:\/\/www.diarioimagen.net\/index.php?rest_route=%2Fwp%2Fv2%2Fcomments&post=122009"}],"version-history":[{"count":0,"href":"https:\/\/www.diarioimagen.net\/index.php?rest_route=\/wp\/v2\/posts\/122009\/revisions"}],"wp:attachment":[{"href":"https:\/\/www.diarioimagen.net\/index.php?rest_route=%2Fwp%2Fv2%2Fmedia&parent=122009"}],"wp:term":[{"taxonomy":"category","embeddable":true,"href":"https:\/\/www.diarioimagen.net\/index.php?rest_route=%2Fwp%2Fv2%2Fcategories&post=122009"},{"taxonomy":"post_tag","embeddable":true,"href":"https:\/\/www.diarioimagen.net\/index.php?rest_route=%2Fwp%2Fv2%2Ftags&post=122009"}],"curies":[{"name":"wp","href":"https:\/\/api.w.org\/{rel}","templated":true}]}}