{"id":122012,"date":"2013-02-21T00:06:03","date_gmt":"2013-02-21T06:06:03","guid":{"rendered":"http:\/\/www.diarioimagen.net\/?p=122012"},"modified":"2013-02-21T05:54:59","modified_gmt":"2013-02-21T11:54:59","slug":"hubo-250-desapariciones-en-el-sexenio-de-calderon","status":"publish","type":"post","link":"https:\/\/www.diarioimagen.net\/?p=122012","title":{"rendered":"Hubo 250 desapariciones en el sexenio de Calder\u00f3n"},"content":{"rendered":"<ul>\n<li><em><strong>De ese total, en 149 casos hubo participaci\u00f3n militar o policial, afirma el director para las Am\u00e9ricas de HRW, Jos\u00e9 Miguel Vivanco<\/strong><\/em><\/li>\n<\/ul>\n<div id=\"attachment_122078\" style=\"width: 250px\" class=\"wp-caption alignleft\"><a href=\"http:\/\/www.diarioimagen.net\/wp-content\/uploads\/2013\/02\/human-2041.jpg\"><img loading=\"lazy\" decoding=\"async\" aria-describedby=\"caption-attachment-122078\" class=\"size-medium wp-image-122078\" alt=\"Jos\u00e9 Miguel Vivanco, director de la Divisi\u00f3n para las Am\u00e9ricas de Human Rights Watch.\" src=\"http:\/\/www.diarioimagen.net\/wp-content\/uploads\/2013\/02\/human-2041-240x135.jpg\" width=\"240\" height=\"135\" \/><\/a><p id=\"caption-attachment-122078\" class=\"wp-caption-text\">Jos\u00e9 Miguel Vivanco, director de la Divisi\u00f3n para las Am\u00e9ricas de Human Rights Watch.<\/p><\/div>\n<p>El secretario de Gobernaci\u00f3n, Miguel \u00c1ngel Osorio Chong, se reuni\u00f3 con el director de la Divisi\u00f3n para las Am\u00e9ricas de Human Rights Watch (HRW), Jos\u00e9 Miguel Vivanco, quien le entreg\u00f3 un informe sobre 250 casos de personas que, asegur\u00f3, desaparecieron en M\u00e9xico durante el sexenio de Felipe Calder\u00f3n.<\/p>\n<p>Al t\u00e9rmino de la reuni\u00f3n en las oficinas de Osorio Chong, en la colonia Polanco, el funcionario de HRW afirm\u00f3 que de acuerdo con el informe, en 149 casos existi\u00f3 participaci\u00f3n militar o policial en la desaparici\u00f3n de personas.<\/p>\n<p>Vivanco calific\u00f3 como \u201cgrave\u201d el fen\u00f3meno de las desapariciones forzadas en M\u00e9xico, \u201cdebido a que no se investiga y castiga a los responsables\u201d. Sin embargo, destac\u00f3 que el secretario de Gobernaci\u00f3n mexicano le garantiz\u00f3 que \u201cno habr\u00e1 impunidad\u201d.<\/p>\n<p>En su turno, la subsecretaria de Derechos Humanos de la Segob, L\u00eda Lim\u00f3n, confirm\u00f3 que a partir del pr\u00f3ximo lunes se podr\u00e1 contar con un registro preliminar del padr\u00f3n de personas desaparecidas en M\u00e9xico, \u201ccon nombre y apellido\u201d, que partir\u00e1 de una base de 27 mil casos.<\/p>\n<p>Explic\u00f3 que el objetivo central es tener una base de datos de personas desaparecidas con informaci\u00f3n gen\u00e9tica de los familiares \u201cy en los casos en que no haya \u00e9sta informaci\u00f3n gen\u00e9tica, se tendr\u00e1 que hacer un ejercicio por recabarla\u201d.<\/p>\n<p>Adelant\u00f3 que tambi\u00e9n se buscar\u00e1 tener una base de datos de cad\u00e1veres en los estados, a fin de hacer \u201ccruces\u201d de informaci\u00f3n y construir protocolos de b\u00fasqueda en los que se permita hacer una investigaci\u00f3n a fondo para encontrar personas desaparecidas que pudieran estar vivas.<\/p>\n<p>Precis\u00f3 que la migraci\u00f3n de la base de datos se hace del Centro Nacional de Planeaci\u00f3n, An\u00e1lisis e Informaci\u00f3n (Cenapi), de la PGR, hacia el Centro Nacional de Informaci\u00f3n, del Registro Nacional del Secretariado de Seguridad P\u00fablica, y que el pr\u00f3ximo lunes se concluir\u00e1 con este ejercicio en el que tambi\u00e9n participa el movimiento Fuerzas Unidas por Nuestros Desaparecidos en Coahuila.<\/p>\n<p>La funcionaria de la Segob explic\u00f3 que posteriormente se buscar\u00e1 la migraci\u00f3n de la informaci\u00f3n de las Procuradur\u00edas estatales a fin de que se actualice la informaci\u00f3n sobre desaparecidos.<\/p>\n<p>Indic\u00f3 que una tercera v\u00eda es la referente a las reformas legislativas pendientes, una de las cuales que tiene que ver con la desaparici\u00f3n forzada, que se toc\u00f3 en el encuentro de este d\u00eda y que tambi\u00e9n se incluye en el Informe de HRW.<\/p>\n<p>Por su parte, Jos\u00e9 Miguel Vivanco consider\u00f3 que ante los casos en materia de derechos humanos registrados en la administraci\u00f3n federal pasada M\u00e9xico tiene, con el nuevo gobierno, una oportunidad para avanzar en las investigaciones para lograr justicia y evitar la impunidad.<\/p>\n<p>Se\u00f1al\u00f3 que una forma de abordar el problema es asegurar y garantizar investigaciones judiciales serias, rigurosas, para determinar los hechos, establecer responsabilidades y, \u201cojal\u00e1 procesar y castigar ejemplarmente a los autores de estos hechos\u201d.<\/p>\n<p>Se\u00f1al\u00f3 que el Informe busca iniciar una relaci\u00f3n de trabajo con el gobierno federal \u201cdonde est\u00e1n sobre la mesa casos concretos de personas desaparecidas\u201d, y a\u00f1adi\u00f3 que si bien el gobierno ha anunciado medidas para que no se vuelvan a repetir \u00e9stos hechos, se debe hacer justicia.<\/p>\n<p>&nbsp;<\/p>\n","protected":false},"excerpt":{"rendered":"<p>El secretario de Gobernaci\u00f3n, Miguel \u00c1ngel Osorio Chong, se reuni\u00f3 con el director de la Divisi\u00f3n para las Am\u00e9ricas de Human Rights Watch (HRW), Jos\u00e9 Miguel Vivanco, quien le entreg\u00f3 un informe sobre 250 casos de personas que, asegur\u00f3, desaparecieron en M\u00e9xico durante el sexenio de Felipe Calder\u00f3n.<\/p>\n","protected":false},"author":1,"featured_media":0,"comment_status":"open","ping_status":"open","sticky":false,"template":"","format":"standard","meta":{"_monsterinsights_skip_tracking":false,"_monsterinsights_sitenote_active":false,"_monsterinsights_sitenote_note":"","_monsterinsights_sitenote_category":0,"footnotes":""},"categories":[3],"tags":[3676,43673],"class_list":["post-122012","post","type-post","status-publish","format-standard","hentry","category-nacional","tag-miguel-angel-osorio-chong","tag-nacional"],"_links":{"self":[{"href":"https:\/\/www.diarioimagen.net\/index.php?rest_route=\/wp\/v2\/posts\/122012","targetHints":{"allow":["GET"]}}],"collection":[{"href":"https:\/\/www.diarioimagen.net\/index.php?rest_route=\/wp\/v2\/posts"}],"about":[{"href":"https:\/\/www.diarioimagen.net\/index.php?rest_route=\/wp\/v2\/types\/post"}],"author":[{"embeddable":true,"href":"https:\/\/www.diarioimagen.net\/index.php?rest_route=\/wp\/v2\/users\/1"}],"replies":[{"embeddable":true,"href":"https:\/\/www.diarioimagen.net\/index.php?rest_route=%2Fwp%2Fv2%2Fcomments&post=122012"}],"version-history":[{"count":0,"href":"https:\/\/www.diarioimagen.net\/index.php?rest_route=\/wp\/v2\/posts\/122012\/revisions"}],"wp:attachment":[{"href":"https:\/\/www.diarioimagen.net\/index.php?rest_route=%2Fwp%2Fv2%2Fmedia&parent=122012"}],"wp:term":[{"taxonomy":"category","embeddable":true,"href":"https:\/\/www.diarioimagen.net\/index.php?rest_route=%2Fwp%2Fv2%2Fcategories&post=122012"},{"taxonomy":"post_tag","embeddable":true,"href":"https:\/\/www.diarioimagen.net\/index.php?rest_route=%2Fwp%2Fv2%2Ftags&post=122012"}],"curies":[{"name":"wp","href":"https:\/\/api.w.org\/{rel}","templated":true}]}}