{"id":122143,"date":"2013-02-22T00:03:15","date_gmt":"2013-02-22T06:03:15","guid":{"rendered":"http:\/\/www.diarioimagen.net\/?p=122143"},"modified":"2013-02-22T05:47:32","modified_gmt":"2013-02-22T11:47:32","slug":"el-ejercito-mexicano","status":"publish","type":"post","link":"https:\/\/www.diarioimagen.net\/?p=122143","title":{"rendered":"El Ej\u00e9rcito mexicano"},"content":{"rendered":"<h2>Detr\u00e1s del Poder<\/h2>\n<h5>Jos\u00e9 Antonio L\u00f3pez Sosa<\/h5>\n<p>&nbsp;<\/p>\n<p>Es un sentimiento dicot\u00f3mico el que puede provocar el Ej\u00e9rcito Mexicano.<\/p>\n<p>Hablamos de una instituci\u00f3n que ha tenido claroscuros a lo largo de los \u00faltimos cien a\u00f1os, sobre todo, desde que el r\u00e9gimen pri\u00edsta tom\u00f3 las riendas de este pa\u00eds.<\/p>\n<p>No podemos olvidar lo acontecido en 1968, en 1971, cuando el Ej\u00e9rcito sali\u00f3 a las calles a matar a civiles, en especial estudiantes en 1968.<\/p>\n<p>Tampoco podemos obviar la importancia que el Ej\u00e9rcito ha tenido en los desastres naturales a trav\u00e9s del plan DN-III donde han literalmente, salvado miles y miles de vidas.<\/p>\n<p>En los \u00faltimos seis a\u00f1os, quien fuera comandante supremo de las fuerzas armadas, el ex presidente Felipe Calder\u00f3n los sac\u00f3 a las calles a hacer labores policiales y a pelear una guerra sin cuartel, al mismo tiempo que parte de sus integrantes cayeron en las mieles de la corrupci\u00f3n y del crimen organizado.<\/p>\n<p>Para bien y para mal, me parece que el Ej\u00e9rcito Mexicano ha soportado bastantes irresponsabilidades, excesos y abusos de los gobiernos civiles, para nuestra fortuna no hay \u2013y esperemos no haya en lo futuro\u2014intenci\u00f3n alguna de un golpe o gobierno militar, el Ej\u00e9rcito ha soportado los embates m\u00e1s fuertes, esos de los pol\u00edticos que rigen sus destinos.<\/p>\n<p>En los \u00faltimos a\u00f1os, la violaci\u00f3n de derechos humanos y los excesos del Ej\u00e9rcito tambi\u00e9n han sido registrados en la ciudadan\u00eda mexicana, cosas que deben remediarse en especial si el Ej\u00e9rcito mexicano quiere recobrar su credibilidad como una de las instituciones m\u00e1s respetadas, as\u00ed como lo era hasta antes del a\u00f1o 2006.<\/p>\n<p>Me parece tambi\u00e9n, que el nombre de Felipe Calder\u00f3n Hinojosa fue de las peores cosas que le pudo ocurrir al Ej\u00e9rcito mexicano, lamentablemente el ex presidente con impunidad absoluta, a\u00fan es custodiado \u2013y lo ser\u00e1 hasta su muerte\u2014por efectivos del Ej\u00e9rcito.<\/p>\n<p>As\u00ed pues, nuestro Ej\u00e9rcito mexicano cumple cien a\u00f1os, con excesos y limitantes, con buenas y malas cuentas, como todo en nuestro pa\u00eds.<\/p>\n<p><em><a href=\"mailto:lopez.sosa@mexico.com\" target=\"_blank\">lopez.sosa@mexico.com<\/a><\/em><br \/>\n<em><a href=\"http:\/\/twitter.com\/#%21\/joseantonio1977\" target=\"_blank\">@joseantonio1977<br \/>\n<\/a><\/em><em><a href=\"http:\/\/www.formulaconfidencial.com.mx\/\" target=\"_blank\">www.formulaconfidencial.com.mx<\/a><\/em><\/p>\n","protected":false},"excerpt":{"rendered":"<p><span style=\"color: #005497;\"><strong>Jos\u00e9 Antonio L\u00f3pez Sosa<\/strong><\/span><\/p>\n","protected":false},"author":1,"featured_media":0,"comment_status":"open","ping_status":"open","sticky":false,"template":"","format":"standard","meta":{"_monsterinsights_skip_tracking":false,"_monsterinsights_sitenote_active":false,"_monsterinsights_sitenote_note":"","_monsterinsights_sitenote_category":0,"footnotes":""},"categories":[637],"tags":[638,3573,43690,43674],"class_list":["post-122143","post","type-post","status-publish","format-standard","hentry","category-jose-antonio-lopez-sosa","tag-detras-del-poder","tag-ejercito-mexicano","tag-jose-antonio-lopez-sosa","tag-opinion"],"_links":{"self":[{"href":"https:\/\/www.diarioimagen.net\/index.php?rest_route=\/wp\/v2\/posts\/122143","targetHints":{"allow":["GET"]}}],"collection":[{"href":"https:\/\/www.diarioimagen.net\/index.php?rest_route=\/wp\/v2\/posts"}],"about":[{"href":"https:\/\/www.diarioimagen.net\/index.php?rest_route=\/wp\/v2\/types\/post"}],"author":[{"embeddable":true,"href":"https:\/\/www.diarioimagen.net\/index.php?rest_route=\/wp\/v2\/users\/1"}],"replies":[{"embeddable":true,"href":"https:\/\/www.diarioimagen.net\/index.php?rest_route=%2Fwp%2Fv2%2Fcomments&post=122143"}],"version-history":[{"count":0,"href":"https:\/\/www.diarioimagen.net\/index.php?rest_route=\/wp\/v2\/posts\/122143\/revisions"}],"wp:attachment":[{"href":"https:\/\/www.diarioimagen.net\/index.php?rest_route=%2Fwp%2Fv2%2Fmedia&parent=122143"}],"wp:term":[{"taxonomy":"category","embeddable":true,"href":"https:\/\/www.diarioimagen.net\/index.php?rest_route=%2Fwp%2Fv2%2Fcategories&post=122143"},{"taxonomy":"post_tag","embeddable":true,"href":"https:\/\/www.diarioimagen.net\/index.php?rest_route=%2Fwp%2Fv2%2Ftags&post=122143"}],"curies":[{"name":"wp","href":"https:\/\/api.w.org\/{rel}","templated":true}]}}