{"id":122310,"date":"2013-02-25T00:05:44","date_gmt":"2013-02-25T06:05:44","guid":{"rendered":"http:\/\/www.diarioimagen.net\/?p=122310"},"modified":"2013-02-25T05:12:37","modified_gmt":"2013-02-25T11:12:37","slug":"silencio-de-los-granieristas","status":"publish","type":"post","link":"https:\/\/www.diarioimagen.net\/?p=122310","title":{"rendered":"Silencio de los granieristas"},"content":{"rendered":"<h2>De frente y de perfil<\/h2>\n<h5>Ram\u00f3n Zurita Sahag\u00fan<\/h5>\n<p>&nbsp;<\/p>\n<p>Un d\u00eda antes de terminar su mandato constitucional como gobernador de Tabasco, Andr\u00e9s Rafael Granier Melo abandon\u00f3 el estado con destino desconocido (los que lo conocen bien, aseguran que fue a Miami).<\/p>\n<p>Con ese adelanto del t\u00e9rmino de sus funciones, Granier Melo pretendi\u00f3 escabullirse antes de rendir cuentas sobre su gesti\u00f3n y evitar abucheos durante la ceremonia de cambio de poderes.<\/p>\n<p>En Tabasco era un rumor que recorr\u00eda toda la entidad el lamentable estado de las finanzas p\u00fablicas, la escasa obra p\u00fablica realizada, los excesos de familiares y colaboradores del gobernador y el poco esfuerzo de Granier Melo para ejercer sus funciones y poner orden.<\/p>\n<p>Por eso, no result\u00f3 sorpresivo que el nuevo mandatario, Arturo N\u00fa\u00f1ez Jim\u00e9nez, aprovechar\u00e1 el mismo discurso de toma de posesi\u00f3n para comprometerse ante la ciudadan\u00eda, para iniciar una investigaci\u00f3n sobre los il\u00edcitos y actuar en consecuencia.<\/p>\n<p>Solamente 51 d\u00edas tard\u00f3 el nuevo gobernador en encontrar los hoyos financieros, el desv\u00edo de recursos y los excesos y abusos cometidos por la anterior administraci\u00f3n.<\/p>\n<p>N\u00fa\u00f1ez Jim\u00e9nez no acus\u00f3 directamente a nadie, se limit\u00f3 a decir el monto de los faltantes y el estado de la deuda p\u00fablica estatal y a presentar las denuncias correspondientes para que sean las autoridades, las que diluciden responsabilidades.<\/p>\n<p>Sin embargo, los dardos apuntan hacia el secretario de Finanzas y otros funcionarios de la administraci\u00f3n estatal, los que van desde Salud, Obras P\u00fablicas, Educaci\u00f3n y la propia administraci\u00f3n de la casa de gobierno.<\/p>\n<p>El grupo cercano al gobernante era sumamente cerrado y en \u00e9l participaban algunos secretarios y otros que fueron considerados como ministros sin cartera. Aquellos que se encargaban de licitaciones y de otorgar contratos al c\u00edrculo de amigos y parientes.<\/p>\n<p>Se sab\u00eda de los abusos y excesos cometidos por el hijo mayor del gobernante, Fabi\u00e1n Granier Calles, el que fanfarroneaba con sus viajes en aviones privados, lo que le gan\u00f3 el mote de \u201cFavi\u00f3n\u201d.<\/p>\n<p>Su intervenci\u00f3n fue tan notoria que form\u00f3 su propio grupo paralelo para influir en la sucesi\u00f3n de su padre y patrocinaba grupos pol\u00edticos, manejando su propio presupuesto.<\/p>\n<p>Fabi\u00e1n tra\u00eda su candidato al gobierno de Tabasco, aunque no le cuaj\u00f3, pero r\u00edos de dinero se repartieron en la promoci\u00f3n del mismo.<\/p>\n<p>Este mismo personaje fue usado por su padre como instrumento promocional de las amenazas en su contra y de la familia, ya que ante los excesos que comet\u00eda, su padre esgrimi\u00f3 que lo sacaba del estado por las amenazas recibidas, aunque la realidad era otra, ya que se evidenciaba el manejo pol\u00edtico y econ\u00f3mico que ejerc\u00eda.<\/p>\n<p>Su \u00e9xodo fue usado como aparato de promoci\u00f3n pol\u00edtica, ya que de esa forma, el gobernante mostraba su valent\u00eda y arrojo para combatir la delincuencia, aunque en la realidad mostr\u00f3 otras caras, ya que las manifestaciones de violencia crecieron en forma desmesurada.<\/p>\n<p>En diversas ocasiones se publicitaron los excesos y abusos de la familia Granier Calles, los continuos viajes a Las Vegas, en los que participaban su c\u00edrculo cercano.<\/p>\n<p>Los nombres de Am\u00edlcar Sala, Humberto Domingo Mayans, Jos\u00e9 S\u00e1inz Pineda, H\u00e9ctor L\u00f3pez Peralta, Francisco Vega Celorio, Beatriz Luque, Paloma Rives, Adri\u00e1n Hern\u00e1ndez Balboa, Jos\u00e9 Carlos Becerra Oca\u00f1a, entre otros, fueron se\u00f1alados como parte de los excesos y abusos que se comet\u00edan.<\/p>\n<p>El presupuesto del estado no alcanzaba para nada, ya que el pretexto de las inundaciones era una extraordinaria coartada para no realizar obra p\u00fablica y con el control del Congreso en sus manos, el gobierno estatal no ten\u00eda freno para nada. La situaci\u00f3n fue tan impactante que al t\u00e9rmino de su administraci\u00f3n (los dos \u00faltimos meses), los hospitales y centro de salud se quedaron sin alimentos, medicinas y hasta dinero para los salarios, creando una gran crisis, la que hubo de subsanarse mediante compromisos a futuro.<\/p>\n<p>Era tan grande el desorden y el riesgo que se corr\u00eda, que el principal asesor de Granier Melo y controlador de los grupos pol\u00edticos pri\u00edstas del estado, Humberto Domingo Mayans Canabal renunci\u00f3 a la Secretar\u00eda de Gobierno, consciente de que no podr\u00eda ser candidato a gobernador, pero s\u00ed a senador, con lo que ganar\u00eda impunidad, bajo la figura del fuero.<\/p>\n<p>Mayans Canabal no pudo ganar la elecci\u00f3n, pero beneficiado por las bondades del sistema, se col\u00f3 como primera minor\u00eda y disfruta de un esca\u00f1o.<\/p>\n<p>Los otros personajes cercanos al gobierno de Granier Melo brillan por su ausencia y ante las denuncias del actual gobierno no se atreven a asomarse, ni a responder a los cuestionamientos, presumiendo que la acusaci\u00f3n es sobre desv\u00edo de recursos y endeudamientos, por lo que ser\u00e1 dif\u00edcil probarlo.<\/p>\n<p>Uno de ellos lleg\u00f3 a comentar a sus \u00edntimos, se\u00f1alan al gobierno del \u201cChelo\u201d (Andr\u00e9s Rafael Granier Melo) de ratero, no de pendejo, por lo que ser\u00e1 una tarea de titanes el comprobar esas denuncias.<\/p>\n<p>Por lo pronto, ninguno de ellos alz\u00f3 la voz, ni para defender la gesti\u00f3n del gobernante, muchos menos la suya o explicar hacia donde se destinaron esos recursos perdidos y el porqu\u00e9 del endeudamiento tan elevado.<\/p>\n<p align=\"center\"><b>RECONCILIACI\u00d3N\u00a0<\/b><b>POL\u00cdTICA<\/b><\/p>\n<p>El senador Luis Miguel Barbosa, coordinador de la bancada del PRD en la C\u00e1mara alta, consider\u00f3 necesaria la reconciliaci\u00f3n pol\u00edtica, para que el pa\u00eds avance y se beneficie a los que menos tienen.<\/p>\n<p>Consider\u00f3 necesario que a la par de los honores que se le realizan a la bandera mexicana cada 24 de febrero, en la misma fecha se rindan homenajes al escudo y al Himno Nacional, como parte de dichas celebraciones.<\/p>\n<p><em><a href=\"mailto:ramonzurita44@hotmail.com\" target=\"_blank\"><em>ramonzurita44@hotmail.com<br \/>\n<\/em><\/a><\/em><em><a href=\"mailto:zurita_sahagun@hotmail.com\" target=\"_blank\">zurita_sahagun@hotmail.com<\/a><\/em><\/p>\n","protected":false},"excerpt":{"rendered":"<p><span style=\"color: #005497;\"><strong>Ram\u00f3n Zurita Sahag\u00fan<\/strong><\/span><\/p>\n","protected":false},"author":1,"featured_media":0,"comment_status":"open","ping_status":"open","sticky":false,"template":"","format":"standard","meta":{"_monsterinsights_skip_tracking":false,"_monsterinsights_sitenote_active":false,"_monsterinsights_sitenote_note":"","_monsterinsights_sitenote_category":0,"footnotes":""},"categories":[234],"tags":[9248,304,43674,43687],"class_list":["post-122310","post","type-post","status-publish","format-standard","hentry","category-ramon-zurita-sahagun","tag-andres-rafael-granier-melo","tag-de-frente-y-de-perfil","tag-opinion","tag-ramon-zurita-sahagun"],"_links":{"self":[{"href":"https:\/\/www.diarioimagen.net\/index.php?rest_route=\/wp\/v2\/posts\/122310","targetHints":{"allow":["GET"]}}],"collection":[{"href":"https:\/\/www.diarioimagen.net\/index.php?rest_route=\/wp\/v2\/posts"}],"about":[{"href":"https:\/\/www.diarioimagen.net\/index.php?rest_route=\/wp\/v2\/types\/post"}],"author":[{"embeddable":true,"href":"https:\/\/www.diarioimagen.net\/index.php?rest_route=\/wp\/v2\/users\/1"}],"replies":[{"embeddable":true,"href":"https:\/\/www.diarioimagen.net\/index.php?rest_route=%2Fwp%2Fv2%2Fcomments&post=122310"}],"version-history":[{"count":0,"href":"https:\/\/www.diarioimagen.net\/index.php?rest_route=\/wp\/v2\/posts\/122310\/revisions"}],"wp:attachment":[{"href":"https:\/\/www.diarioimagen.net\/index.php?rest_route=%2Fwp%2Fv2%2Fmedia&parent=122310"}],"wp:term":[{"taxonomy":"category","embeddable":true,"href":"https:\/\/www.diarioimagen.net\/index.php?rest_route=%2Fwp%2Fv2%2Fcategories&post=122310"},{"taxonomy":"post_tag","embeddable":true,"href":"https:\/\/www.diarioimagen.net\/index.php?rest_route=%2Fwp%2Fv2%2Ftags&post=122310"}],"curies":[{"name":"wp","href":"https:\/\/api.w.org\/{rel}","templated":true}]}}