{"id":122325,"date":"2013-02-25T00:01:57","date_gmt":"2013-02-25T06:01:57","guid":{"rendered":"http:\/\/www.diarioimagen.net\/?p=122325"},"modified":"2013-02-25T06:31:33","modified_gmt":"2013-02-25T12:31:33","slug":"importante-cadena-hotelera-mantiene-constantemente-su-plataforma-de-lealtad","status":"publish","type":"post","link":"https:\/\/www.diarioimagen.net\/?p=122325","title":{"rendered":"Importante cadena hotelera mantiene constantemente su plataforma de lealtad"},"content":{"rendered":"<h2>De cinco estrellas<\/h2>\n<h5>Victoria Gonz\u00e1lez Prado<\/h5>\n<p>&nbsp;<\/p>\n<ul>\n<li><em><strong>Camiel Eurlings ser\u00e1 presidente y director general de la aerol\u00ednea holandesa<\/strong><\/em><\/li>\n<li><em><strong>Ponle tu nombre a un avi\u00f3n premi\u00f3 a 41 ganadores y volar\u00e1n gratis un a\u00f1o<\/strong><\/em><\/li>\n<li><em><strong>Rail Europe Inc. ofrece a los viajeros ahorros en los boletos de Eurostar<\/strong><\/em><\/li>\n<li><em><strong>El IV Foro de Medicina Est\u00e9tica y Antienvejecimiento, 1 y 2 de marzo en el WTC<\/strong><\/em><\/li>\n<\/ul>\n<div id=\"attachment_122456\" style=\"width: 250px\" class=\"wp-caption alignleft\"><a href=\"http:\/\/www.diarioimagen.net\/wp-content\/uploads\/2013\/02\/turismo-2043.jpg\"><img loading=\"lazy\" decoding=\"async\" aria-describedby=\"caption-attachment-122456\" class=\"size-medium wp-image-122456\" alt=\"Barcel\u00f3 Los Cabos.\" src=\"http:\/\/www.diarioimagen.net\/wp-content\/uploads\/2013\/02\/turismo-2043-240x135.jpg\" width=\"240\" height=\"135\" \/><\/a><p id=\"caption-attachment-122456\" class=\"wp-caption-text\">Barcel\u00f3 Los Cabos.<\/p><\/div>\n<p>Los cinco hoteles que conforman el complejo Barcel\u00f3 Maya Beach Resort en la Riviera Maya, adem\u00e1s de los hoteles en Huatulco, Ixtapa, Manzanillo, Puerto Vallarta y Los Cabos, desde hace tres a\u00f1os, realizan la promoci\u00f3n Venta Nocturna para usuarios del sitio barcelo.com, donde ofertan hospedaje de hasta 50% de descuento. Barcel\u00f3 prev\u00e9 que capt\u00f3 en esta primera edici\u00f3n un 15% de aumento en sus ventas por internet, a trav\u00e9s de su p\u00e1gina. As\u00ed, la cadena busca incrementar los usuarios registrados en internet respecto al a\u00f1o pasado. Por ello, desarrolla y mantiene constantemente su plataforma de lealtad a trav\u00e9s de Mi Barcel\u00f3, que bonifica con diversos atractivos a sus clientes frecuentes y registrados como ofertas exclusivas en M\u00e9xico y en cualquier hotel Barcel\u00f3 del mundo, descuentos adicionales a cumplea\u00f1eros,\u00a0 entre otros.<\/p>\n<p><em>\u2730\u2730\u2730\u2730\u2730<\/em><b>\u00a0<\/b>El Consejo de KLM, Compa\u00f1\u00eda Real Holandesa, anunci\u00f3 que <b>Camiel Eurlings<\/b> suceder\u00e1 a partir del 1 de julio de 2013 a <b>Peter Hartman<\/b>, quien ha ocupado el cargo de presidente, director general de KLM desde el 1 de abril de 2007. As\u00ed, el primer d\u00eda de julio pr\u00f3ximo, la Junta Estatutaria de Direcci\u00f3n de KLM estar\u00e1 integrada por <b>Camiel Eurlings<\/b>, <b>Pieter Elbers<\/b> y <b>Erik Varwijk<\/b>. Es importante se\u00f1alar que <b>Eurlings<\/b> se uni\u00f3 a la junta KLM el 1 de julio de 2011. <b>Peter Hartman<\/b> permanecer\u00e1 en KLM hasta su retiro el 1 de enero de 2014 y conservar\u00e1 su puesto en el Consejo de Administraci\u00f3n de <i>Air France KLM<\/i>, en esa calidad y seguir\u00e1 estrechamente en el desarrollo del grupo. \u201cEl Consejo de Administraci\u00f3n vot\u00f3 un\u00e1nimemente a favor de la designaci\u00f3n de <b>Camiel Eurlings<\/b> y ha expresado su plena confianza en \u00e9l y en el equipo de gesti\u00f3n que encabezar\u00e1 KLM bajo su direcci\u00f3n, efectivo a partir del 1 de julio de 2013\u201d, dijo <b>Kees Storm<\/b>, presidente del Consejo de Vigilancia. \u201cRecibo con satisfacci\u00f3n y mucho entusiasmo el nombramiento del Consejo de Supervisi\u00f3n de <b>Camiel Eurlings<\/b> como mi sucesor. El equipo de gesti\u00f3n que encabezar\u00e1 es altamente complementario en t\u00e9rminos de experiencia y formaci\u00f3n\u201d, coment\u00f3 <b>Peter Hartman<\/b>, actual presidente y director general de la aerol\u00ednea holandesa.<\/p>\n<p><i>\u2730\u2730\u2730\u2730\u2730<\/i>\u00a0Ponle tu nombre a un avi\u00f3n\u00a0 fue la m\u00e1s reciente promoci\u00f3n de Volaris en la que premiaron a 41 ganadores, quienes adem\u00e1s de obtener<strong> <\/strong><strong>vuelos gratis<\/strong> durante todo un a\u00f1o, tendr\u00e1n su nombre en uno de los <strong>41 aviones<\/strong> que conforman la <strong>flota<\/strong><b>\u00a0<\/b>m\u00e1s<b> <\/b><strong>moderna<\/strong><b> <\/b>de <strong>M\u00e9xico<\/strong><b>. <\/b>Este a\u00f1o la <strong>din\u00e1mica<\/strong><b>\u00a0<\/b>del\u00a0<strong>concurso<\/strong><b>\u00a0<\/b>\u201cGana un a\u00f1o de\u00a0<strong>bienvenidas<\/strong>\u00a0y ponle tu<strong>\u00a0<\/strong><strong>nombre<\/strong>\u00a0a un\u00a0<strong>avi\u00f3n<\/strong>\u201d, consisti\u00f3 en la realizaci\u00f3n\u00a0de un\u00a0<strong>video<\/strong>\u00a0-con duraci\u00f3n m\u00e1xima de un minuto- en el que cada concursante\u00a0 document\u00f3 la\u00a0<strong>bienvenida<\/strong>\u00a0m\u00e1s\u00a0<strong>original<\/strong>\u00a0y\u00a0<strong>emotiva<\/strong><b>\u00a0<\/b>que ha recibido o que le gustar\u00eda tener. El concurso inici\u00f3 en <strong>diciembre<\/strong>\u00a0pasado para aprovechar las bienvenidas que t\u00edpicamente se dan al recibir a\u00a0<strong>familiares<\/strong>\u00a0y\u00a0<strong>amigos <\/strong>para las fiestas de diciembre y enero. Durante el\u00a0<strong>evento de premiaci\u00f3n<\/strong><strong>,<\/strong>\u00a0celebrado en las oficinas de Volaris, <b>Enrique Beltranena<\/b>, <strong>director general<\/strong><strong> <\/strong><strong>de la compa\u00f1\u00eda a\u00e9rea,<\/strong><strong> <\/strong>adem\u00e1s de felicitar a los galardonados por su\u00a0<strong>creatividad<\/strong><b>,<\/b> les agradeci\u00f3 el entusiasmo y esmero mostrado en cada video, pero sobre todo agradeci\u00f3 su\u00a0<strong>lealtad<\/strong><b>\u00a0<\/b>a la<strong>\u00a0<\/strong><strong>aerol\u00ednea<\/strong><b>.<\/b> \u201cEn Volaris siempre nos es grato descubrir el gran talento que\u00a0 tienen nuestros<strong>\u00a0<\/strong><strong>clientes<\/strong><strong>. <\/strong>Ustedes como nosotros saben que\u00a0la\u00a0<strong>creatividad<\/strong>\u00a0en todo lo que hacemos marca la\u00a0<strong>diferencia<\/strong>\u00a0y nos separa claramente en el\u00a0<strong>mercado<\/strong><b>. <\/b>Gracias por\u00a0compartirnos un pedacito de sus\u00a0<strong>experiencias<\/strong>\u00a0m\u00e1s\u00a0<strong>emotivas<\/strong>\u00a0vividas en esos momentos tan peculiares y <b>f<\/b><strong>elices<\/strong><b>\u00a0<\/b>como\u00a0puede llegar a ser la\u00a0<strong>bienvenida<\/strong>\u00a0de un ser\u00a0<strong>querido<\/strong><b>\u201d<\/b>, dijo\u00a0<strong>Beltranena. <\/strong>Los\u00a0<strong>41 ganadores<\/strong><b>\u00a0<\/b>(25 mujeres y 16 hombres) -que proceden de distintos puntos de la <strong>Rep\u00fablica mexicana: Baja California, Jalisco, DF, Guanajuato, Sinaloa, Chihuahua, Estado de M\u00e9xico, Quer\u00e9taro, Nuevo Le\u00f3n,\u00a0y de Estados Unidos: Illinois y California, viajar\u00e1n gratis<\/strong><b>\u00a0<\/b>durante <strong>un a\u00f1o<\/strong><b>\u00a0<\/b>junto con un acompa\u00f1ante a cualquiera de los\u00a0<strong>39<\/strong><strong> <\/strong><strong>destinos<\/strong> que cubre\u00a0Volaris; <strong>\u00a0<\/strong><strong>29 en M\u00e9xico<\/strong><strong> <\/strong><strong>y 10 en<\/strong><strong> <\/strong><strong>Estados Unidos. El director general de Volaris se\u00f1al\u00f3 que con esta sexta edici\u00f3n <\/strong>el<strong>\u00a0<\/strong><strong>sue\u00f1o<\/strong><b>\u00a0<\/b>de\u00a0<strong>volar gratis un a\u00f1o<\/strong><b>\u00a0<\/b>es el m\u00e1ximo\u00a0<strong>premio<\/strong>\u00a0que\u00a0otorga la\u00a0<strong>aerol\u00ednea<\/strong>\u00a0y que los ganadores adem\u00e1s de lograr estrechar sus lazos familiares y conocer nuevos destinos, har\u00e1n amigos entre los dem\u00e1s ganadores con los que comparten m\u00faltiples experiencias y viajes. En esta sexta emisi\u00f3n del\u00a0<strong>concurso<\/strong>\u00a0hubo m\u00e1s de\u00a0<strong>70 mil visitas<\/strong><b>\u00a0<\/b>a la p\u00e1gina, m\u00e1s de\u00a04<strong> mil usuarios registrados<\/strong> y se recibieron 350 videos de M\u00e9xico y Estados Unidos. Los materiales fueron revisados por un jurado integrado por ejecutivos de la aerol\u00ednea y los videos ganadores se pueden ver en:\u00a0\u00a0\u00a0\u00a0\u00a0 <strong>\u00a0<\/strong><a href=\"http:\/\/www.viajavolaris.com\/aniversario2013\">www.viajavolaris.com\/aniversario2013<\/a>. Con promociones como \u00e9sta, Volaris alienta e impulsa al talento mexicano y contribuye a estrechar los lazos afectivos de sus clientes acortando<strong>\u00a0<\/strong><strong>distancia<\/strong><strong> <\/strong><strong>y tiempo entre<\/strong> los\u00a0<strong>seres queridos<\/strong><b>, <\/b>gracias a sus\u00a0<strong>precios bajos y atractivas promociones<\/strong><b>. <\/b><\/p>\n<p><i>\u2730\u2730\u2730\u2730\u2730<\/i>\u00a0El m\u00e1s grande distribuidor de productos ferroviarios de Europa en Norteam\u00e9rica, <i>Rail Europe<\/i> <i>Inc.,<\/i> ofrece a los viajeros la posibilidad de ahorrar en los boletos de <i>Eurostar<\/i> hasta el 1 de abril de 2013 con su exclusiva promoci\u00f3n 20% menos, 100% confort con <i>Eurostar Standard Premier.<\/i> Los viajeros pueden ahorrar tiempo y viajar entre Londres y Par\u00eds o Bruselas en alrededor de dos horas y 15 minutos y ahorrar dinero obteniendo 20% de descuento en los boletos <i>Eurostar Standard Premier<\/i>. Adem\u00e1s, podr\u00e1n explorar m\u00e1s de Londres y Par\u00eds con descuentos de 10%, menos en las <i>city cards<\/i>. El <i>London Pass<\/i> y el <i>Paris Pass<\/i> ofrecen acceso VIP a las ic\u00f3nicas atracciones de la ciudad y descuentos en transportaci\u00f3n local, restaurantes y tiendas participantes. Los precios empiezan en 160 d\u00f3lares por trayecto. Las reservaciones pueden realizarse al visitar la p\u00e1gina web de <i>Rail Europe<\/i> o llamando al centro de contacto. La clase <i>Eurostar Standard Premier<\/i> ofrece servicio r\u00e1pido, viajes c\u00f3modos que llevan del centro de una ciudad a otra con amplio espacio para las piernas, asientos reclinables, peri\u00f3dicos gratuitos y una comida ligera en su asiento. Las ofertas y precios por trayecto est\u00e1n sujetas a disponibilidad y cambios.<\/p>\n<p><i>\u2730\u2730\u2730\u2730\u2730<\/i>\u00a0El IV Foro de Medicina Est\u00e9tica y Antienvejecimiento<b>, <\/b>el 10o. Congreso Mexicano Cient\u00edfico de Medicina Est\u00e9tica y el 9o. Simposio de Mesoterapia<b> <\/b>se realizar\u00e1n los d\u00edas 1 y 2 de marzo en el <i>World Trade Center<\/i> de la ciudad de M\u00e9xico (WTC), as\u00ed lo dio a conocer<b> Blanca Miller Kobisher<\/b>, presidente y fundadora de la Sociedad Mexicana Cient\u00edfica de Medicina Est\u00e9tica (SMCME) y directora general del Instituto Panamericano de Profesionales Cient\u00edficos, A.C. (IPPC). Los eventos a celebrarse en el WTC est\u00e1n dirigidos a m\u00e9dicos est\u00e9ticos, especialistas y generales, quienes tendr\u00e1n la oportunidad de aprender y actualizarse sobre los \u00faltimos avances en la materia. Se abordar\u00e1n m\u00e1s de 40 temas, entre ellos: Empleo de fibroblastos aut\u00f3logos en regeneraci\u00f3n cut\u00e1nea, Relevancia de la praxis m\u00e9dica ante Cofepris y Profeco, Cambios anat\u00f3micos en el envejecimiento y su reposici\u00f3n facial, Un enfoque diferente en el tratamiento del sobrepeso y obesidad Importancia del estudio antropom\u00e9trico facial para la realizaci\u00f3n de procedimientos est\u00e9ticos, Mesoterapia en patolog\u00edas corporales, Factores que afectan la profundidad de los <i>peelings<\/i>. Adem\u00e1s se impartir\u00e1n m\u00e1s de 15 talleres de actualizaci\u00f3n. Los ponentes cuentan con reconocimiento nacional e internacional, y proceden de diversos pa\u00edses: Argentina, Venezuela, Rep\u00fablica Dominicana, Espa\u00f1a, Colombia, Estados Unidos y M\u00e9xico. Cabe resaltar por primera vez en este a\u00f1o se reconocer\u00e1 la trayectoria de m\u00e9dicos est\u00e9ticos que se formaron en nuestra instituci\u00f3n y que llevan m\u00e1s de 10 a\u00f1os en este campo de la medicina, y tambi\u00e9n el aporte acad\u00e9mico de tres destacados m\u00e9dicos que han enriquecido nuestras aulas con sus conocimientos a lo largo de estos a\u00f1os y a dos empresarios que han permanecido y apoyado a la industria de la medicina est\u00e9tica y antienvejecimiento. Al referirse a las actividades <b>Blanca Miller<\/b> explic\u00f3 que la Sociedad Mexicana Cient\u00edfica de Medicina Est\u00e9tica tiene como prop\u00f3sito estar siempre a la vanguardia del conocimiento y tecnolog\u00eda, por lo que \u00e9stos tendr\u00e1n como prioridad capacitar y actualizar a todos los m\u00e9dicos que deseen incursionar en la Medicina Est\u00e9tica, utilizando los \u00faltimos avances cient\u00edficos en pro de la salud y la est\u00e9tica humana.<i>\u00a0<\/i><\/p>\n<p><i><em><a href=\"mailto:victoriagprado@gmail.com\" target=\"_blank\">victoriagprado@gmail.com<\/a><\/em><\/i><\/p>\n<p>&nbsp;<\/p>\n","protected":false},"excerpt":{"rendered":"<p>Los cinco hoteles que conforman el complejo Barcel\u00f3 Maya Beach Resort en la Riviera Maya, adem\u00e1s de los hoteles en Huatulco, Ixtapa, Manzanillo, Puerto Vallarta y Los Cabos, desde hace tres a\u00f1os, realizan la promoci\u00f3n Venta Nocturna para usuarios del sitio barcelo.com, donde ofertan hospedaje de hasta 50% de descuento.<\/p>\n","protected":false},"author":1,"featured_media":0,"comment_status":"open","ping_status":"open","sticky":false,"template":"","format":"standard","meta":{"_monsterinsights_skip_tracking":false,"_monsterinsights_sitenote_active":false,"_monsterinsights_sitenote_note":"","_monsterinsights_sitenote_category":0,"footnotes":""},"categories":[11],"tags":[107,2527,43681,106],"class_list":["post-122325","post","type-post","status-publish","format-standard","hentry","category-turismo","tag-de-cinco-estrellas","tag-riviera-maya","tag-turismo","tag-victoria-gonzalez-prado"],"_links":{"self":[{"href":"https:\/\/www.diarioimagen.net\/index.php?rest_route=\/wp\/v2\/posts\/122325","targetHints":{"allow":["GET"]}}],"collection":[{"href":"https:\/\/www.diarioimagen.net\/index.php?rest_route=\/wp\/v2\/posts"}],"about":[{"href":"https:\/\/www.diarioimagen.net\/index.php?rest_route=\/wp\/v2\/types\/post"}],"author":[{"embeddable":true,"href":"https:\/\/www.diarioimagen.net\/index.php?rest_route=\/wp\/v2\/users\/1"}],"replies":[{"embeddable":true,"href":"https:\/\/www.diarioimagen.net\/index.php?rest_route=%2Fwp%2Fv2%2Fcomments&post=122325"}],"version-history":[{"count":0,"href":"https:\/\/www.diarioimagen.net\/index.php?rest_route=\/wp\/v2\/posts\/122325\/revisions"}],"wp:attachment":[{"href":"https:\/\/www.diarioimagen.net\/index.php?rest_route=%2Fwp%2Fv2%2Fmedia&parent=122325"}],"wp:term":[{"taxonomy":"category","embeddable":true,"href":"https:\/\/www.diarioimagen.net\/index.php?rest_route=%2Fwp%2Fv2%2Fcategories&post=122325"},{"taxonomy":"post_tag","embeddable":true,"href":"https:\/\/www.diarioimagen.net\/index.php?rest_route=%2Fwp%2Fv2%2Ftags&post=122325"}],"curies":[{"name":"wp","href":"https:\/\/api.w.org\/{rel}","templated":true}]}}