{"id":122330,"date":"2013-02-25T00:07:22","date_gmt":"2013-02-25T06:07:22","guid":{"rendered":"http:\/\/www.diarioimagen.net\/?p=122330"},"modified":"2013-02-25T05:12:20","modified_gmt":"2013-02-25T11:12:20","slug":"granier-un-dulce-ineludible-para-pena-nieto","status":"publish","type":"post","link":"https:\/\/www.diarioimagen.net\/?p=122330","title":{"rendered":"Granier, un dulce ineludible para Pe\u00f1a Nieto"},"content":{"rendered":"<h2>Tras la puerta del poder<\/h2>\n<h5>Roberto Vizca\u00edno<\/h5>\n<p>&nbsp;<\/p>\n<ul>\n<li><strong><i>El mexiquense cumplir\u00e1 sus primeros 100 d\u00edas de gobierno el 10 de marzo<\/i><\/strong><\/li>\n<li><strong><i>Granier podr\u00eda ser el primer ejemplo de combate a la corrupci\u00f3n por parte del Presidente<\/i><\/strong><\/li>\n<li><strong><i>El \u201cEscudo Centro\u201d, idea de Mancera, funciona ya en \u00c1rea Metropolitana<\/i><\/strong><\/li>\n<\/ul>\n<div id=\"attachment_122412\" style=\"width: 250px\" class=\"wp-caption alignleft\"><a href=\"http:\/\/www.diarioimagen.net\/wp-content\/uploads\/2013\/02\/FUEGO-trizas-2043.jpg\"><img loading=\"lazy\" decoding=\"async\" aria-describedby=\"caption-attachment-122412\" class=\"size-medium wp-image-122412\" alt=\"Fuego... | Trizas\" src=\"http:\/\/www.diarioimagen.net\/wp-content\/uploads\/2013\/02\/FUEGO-trizas-2043-240x180.jpg\" width=\"240\" height=\"180\" \/><\/a><p id=\"caption-attachment-122412\" class=\"wp-caption-text\">Fuego&#8230; | Trizas<\/p><\/div>\n<p>En sus primeros 100 d\u00edas que se cumplir\u00e1n el domingo 10 de marzo, el presidente Enrique Pe\u00f1a Nieto no s\u00f3lo habr\u00e1 vivido una catarata de programas nacionales (van 8), dos viajes internacionales, una Cruzada Nacional Contra el Hambre y la bendita firma del Pacto por M\u00e9xico que &#8211;muy similar en el fondo al famoso e hist\u00f3rico Pacto de la Moncloa en Espa\u00f1a&#8211;, le est\u00e1 permitiendo socializar y diluir entre todas las fuerzas pol\u00edticas nacionales el costo de las reformas estructurales que requiere el pa\u00eds sino que su buena fortuna y uno de sus opositores m\u00e1s duros y consistentes, el gobernador de Tabasco, el ex pri\u00edsta y neoperredista-lopezobradorista Arturo N\u00fa\u00f1ez, le ha puesto sobre la mesa todo un \u201cdulce\u201d que no puede ignorar: el posible encarcelamiento del ex gobernador pri\u00edsta Andr\u00e9s \u201cEl Qu\u00edmico\u201d Granier.<\/p>\n<p>Granier, con quien convivi\u00f3 dentro de las reuniones de la Conago y quiz\u00e1 otros actos de partido, cuando \u00e9l era gobernador del Estado de M\u00e9xico, result\u00f3 no s\u00f3lo un pillo novat\u00f3n, sino ingenuo a una edad donde eso se llama de otra forma.<\/p>\n<p>En sus apenas 55 d\u00edas al frente del gobierno de Tabasco, N\u00fa\u00f1ez &#8211;uno de los pol\u00edticos m\u00e1s avezados en M\u00e9xico&#8211;, le ha documentado a su antecesor la \u201cdesaparici\u00f3n\u201d de mil 900 millones de pesos que le fueron enviados para ser aplicados en programas federales &#8211;lo cual implica que su investigaci\u00f3n y procesamiento judicial caen autom\u00e1ticamente en la jurisdicci\u00f3n de la PGR, es decir en la mesa de Pe\u00f1a Nieto&#8211;, as\u00ed como una serie de deudas sin documentar que suman los 17 mil 717 millones de pesos y adeudos a acreedores y proveedores que representan 2 mil 300 millones m\u00e1s de pesos as\u00ed como un d\u00e9ficit presupuestal por otros 5 mil millones de pesos.<\/p>\n<p>Todo un pastelazo.<\/p>\n<p>Para encubrir sus fechor\u00edas imposibles de esconder, Granier y sus colaboradores (\u00bfdeber\u00edamos decir c\u00f3mplices?), simularon el robo de un cami\u00f3n donde supuestamente iban documentos que comprobaban parte de todo este dinero y programaron las computadoras del \u00e1rea de finanzas para que dejaran de operar la noche anterior de la entrega del gobierno de Granier a N\u00fa\u00f1ez.<\/p>\n<p>Por supuesto que nada de esto funcion\u00f3 y N\u00fa\u00f1ez le llev\u00f3 a Pe\u00f1a Nieto el primer paquete de la documentaci\u00f3n del atraco la tarde el lunes 14 de enero pasado.<\/p>\n<p>Luego de eso el gobernador ha ampliado este asunto ante el secretario de Hacienda, Luis Videgaray y el procurador General de la Rep\u00fablica, Jes\u00fas Murillo Karam.<\/p>\n<p>Hoy N\u00fa\u00f1ez anda en auto prestado, sin dinero para comprarse un helado pero anda feliz porque Pe\u00f1a Nieto ya orden\u00f3 que Videgaray lo apoyara con los recursos que requiere para salir del atolladero, pagar n\u00f3minas de la burocracia estatal y comenzar a abastecer de medicinas y equipos al sector salud tabasque\u00f1o que estaba a punto del colapso.<\/p>\n<p>De igual forma de la Hacienda federal han salido los recursos para hacer frente a las deudas con proveedores y comenzar a respirar otro futuro.<b>\u00a0<\/b><\/p>\n<p align=\"center\"><b>DAR\u00c1 EL EJEMPLO<\/b><\/p>\n<p>Con este rescate federal el asunto de Granier y socios, que ya era un problema federal, pas\u00f3 a ser un asunto de Pe\u00f1a Nieto.<\/p>\n<p>Quienes lo conocen saben que el mexiquense es un pol\u00edtico fr\u00edo, que no da paso sin haber medido sus consecuencias. Si Pe\u00f1a Nieto le entr\u00f3 al rescate de N\u00fa\u00f1ez y Tabasco, es porque sabe que le traer\u00e1 una rentabilidad del tama\u00f1o de la inversi\u00f3n que aporta.<\/p>\n<p>La obviedad indica que Pe\u00f1a dar\u00e1 un \u201cejemplo\u201d con el caso Granier. La muestra al pa\u00eds ser\u00e1 que va en serio contra la corrupci\u00f3n\u2026 y si es con un pri\u00edsta, mejor, para que quede en claro que \u00e9l no va a solapar a nadie de este partido que se porte mal.<\/p>\n<p>Hacia dentro del grupo del equipo y en el c\u00edrculo de los gobernadores del tricolor, eso ser\u00e1 una muestra de que no habr\u00e1 conmiseraci\u00f3n con quienes crean que las arcas p\u00fablicas pueden manejarse como cotos privados. Ese tiempo ya pas\u00f3.<\/p>\n<p>Pero la verdadera ganga es la adquisici\u00f3n de N\u00fa\u00f1ez y de Tabasco, dos elementos que autom\u00e1ticamente dejan de estar bajo la influencia de Andr\u00e9s Manuel L\u00f3pez Obrador y pasan al amparo de Pe\u00f1a Nieto.<\/p>\n<p>\u00bfO no?<\/p>\n<p>La importancia de esta oportunidad es por dem\u00e1s evidente: Tabasco es la tierra de AMLO, que hab\u00eda sido arrebatada en julio pasado al tricolor por un resentido del PRI llamado Arturo N\u00fa\u00f1ez.<\/p>\n<p>Todo eso bien vale un Granier, o dos, en la c\u00e1rcel.<\/p>\n<p align=\"center\"><b>PERMEA EXPERIENCIA\u00a0<\/b><b>DEL DF<\/b><\/p>\n<p>El viernes pasado, en Cuernavaca, Morelos, se realiz\u00f3 el Segundo Encuentro de la Regi\u00f3n de Seguridad Nacional, Zona Centro, mejor conocido como \u201cEscudo Centro\u201d a propuesta del Jefe de Gobierno del DF, Miguel \u00c1ngel Mancera.<\/p>\n<p>Ah\u00ed, Mancera y los gobernadores, Graco Ram\u00edrez de Morelos; Rafael Moreno Valle de Puebla; Francisco Olvera de Hidalgo; Eruviel \u00c1vila del Estado de M\u00e9xico, \u00c1ngel Heladio Aguirre Rivero de Guerrero y Mariano Gonz\u00e1lez Zarur de Tlaxcala emitieron un manifiesto para homologar acciones en materia de tecnolog\u00eda y comunicaci\u00f3n a fin de acotar las acometidas de los delincuentes.<\/p>\n<p>Esta propuesta, como la idea de crear el llamado \u201cEscudo Centro\u201d, surgieron de una serie de propuestas hechas por Miguel \u00c1ngel Mancera tanto al presidente Enrique Pe\u00f1a Nieto, a los miembros del Sistema Nacional de Seguridad como a la Conferencia Nacional de Gobernadores, la Conago.<\/p>\n<p>\u201cMientras mayor coordinaci\u00f3n haya entre autoridades, polic\u00edas y seguridad nacional, mejores planes se aplicar\u00e1n en defensa de los ciudadanos\u201d, dijo entonces el Jefe de Gobierno capitalino.<\/p>\n<p>Ya en su primera intervenci\u00f3n como Jefe de Gobierno del DF ante la Asamblea de Representantes, Mancera habl\u00f3 de blindar a la Ciudad de M\u00e9xico de las acciones de la delincuencia organizada y del narcotr\u00e1fico.<\/p>\n<p>Esta idea fue retomada por el gobierno federal como uno de sus esfuerzos desde Los Pinos por controlar las acometidas de los malos que tienen contra la pared a autoridades y habitantes de otras entidades.<\/p>\n<p>As\u00ed, en el encuentro del viernes pasado, Mancera indic\u00f3 ante\u00a0 los mandatarios de Morelos, Hidalgo, Estado de M\u00e9xico, Puebla, Tlaxcala y Guerrero, que otra soluci\u00f3n a extenderse en el pa\u00eds, es el uso de las videoc\u00e1maras de vigilancia que, instaladas a lo largo y ancho del DF han permitido a sus autoridades detectar, actuar y detener en flagrancia e investigaci\u00f3n a los transgresores de la ley.<\/p>\n<p>\u201cA nosotros nos ha funcionado muy bien\u2026 no veo por qu\u00e9 no a ustedes\u201d, les dijo.<\/p>\n<p>El comunicado de los acuerdos logrados durante ese encuentro por los gobernadores del Escudo Centro, ser\u00e1 llevado al pleno de los trabajos del Gabinete de Seguridad Nacional a celebrarse en las pr\u00f3ximas semanas en Acapulco.<\/p>\n<p>La idea esencial es la de comenzar a restituir el tejido social, volver a la paz social y a la tranquilidad y mejor calidad de vida, como la que aspiramos todos los mexicanos, indican los mandatarios en su documento.<\/p>\n<p>Este segundo encuentro de la zona centro, sirvi\u00f3 adem\u00e1s para que los gobernadores dieran un apoyo al mandatario del Estado de Guerrero, entidad que ha sufrido varios embates de la delincuencia durante los \u00faltimos d\u00edas.<\/p>\n<p>Por lo dem\u00e1s los gobernadores se pronunciaron por consolidar el Mando \u00danico Policial.<\/p>\n<p>En este punto Mancera se\u00f1al\u00f3 que en el DF la unificaci\u00f3n policiaca ha rendido frutos importantes\u2026 y que no ve por qu\u00e9 no pueda funcionar a nivel nacional\u2026 \u201cpodr\u00eda dar excelentes resultados\u201d dijo.<\/p>\n<p>Homologar acciones, se\u00f1al\u00f3, \u201ctraer\u00e1 beneficios a quienes debemos servir: a la poblaci\u00f3n\u201d.<\/p>\n<p>Insisti\u00f3 en que de entrada se deben consolidar los usos de las tecnolog\u00edas de la comunicaci\u00f3n.<\/p>\n<p>Todos ellos acordaron dar su apoyo a la propuesta del gobierno federal, ratificada por la CONAGO, para construir el modelo del Mando \u00danico y coordinado con los municipios que ya es operado en Morelos y que ya existe en el Distrito Federal.<\/p>\n<p>De igual forma hicieron un \u201crespetuoso\u201d exhorto al Senado de la Rep\u00fablica para que se apruebe el dictamen para facilitar los cambios legales pertinentes sobre el mando policial \u00fanico.<\/p>\n<p>Interesante ejercicio.<\/p>\n<p><em><a href=\"mailto:rvizcaino@gmail.com\" target=\"_blank\">rvizcaino@gmail.com<\/a><\/em><\/p>\n<p>&nbsp;<\/p>\n","protected":false},"excerpt":{"rendered":"<p><span style=\"color: #005497;\"><strong>Roberto Vizca\u00edno<\/strong><\/span><\/p>\n","protected":false},"author":1,"featured_media":0,"comment_status":"open","ping_status":"open","sticky":false,"template":"","format":"standard","meta":{"_monsterinsights_skip_tracking":false,"_monsterinsights_sitenote_active":false,"_monsterinsights_sitenote_note":"","_monsterinsights_sitenote_category":0,"footnotes":""},"categories":[136],"tags":[43674,93,94],"class_list":["post-122330","post","type-post","status-publish","format-standard","hentry","category-roberto-vizcaino-opinion","tag-opinion","tag-roberto-vizcaino","tag-tras-la-puerta-del-poder"],"_links":{"self":[{"href":"https:\/\/www.diarioimagen.net\/index.php?rest_route=\/wp\/v2\/posts\/122330","targetHints":{"allow":["GET"]}}],"collection":[{"href":"https:\/\/www.diarioimagen.net\/index.php?rest_route=\/wp\/v2\/posts"}],"about":[{"href":"https:\/\/www.diarioimagen.net\/index.php?rest_route=\/wp\/v2\/types\/post"}],"author":[{"embeddable":true,"href":"https:\/\/www.diarioimagen.net\/index.php?rest_route=\/wp\/v2\/users\/1"}],"replies":[{"embeddable":true,"href":"https:\/\/www.diarioimagen.net\/index.php?rest_route=%2Fwp%2Fv2%2Fcomments&post=122330"}],"version-history":[{"count":0,"href":"https:\/\/www.diarioimagen.net\/index.php?rest_route=\/wp\/v2\/posts\/122330\/revisions"}],"wp:attachment":[{"href":"https:\/\/www.diarioimagen.net\/index.php?rest_route=%2Fwp%2Fv2%2Fmedia&parent=122330"}],"wp:term":[{"taxonomy":"category","embeddable":true,"href":"https:\/\/www.diarioimagen.net\/index.php?rest_route=%2Fwp%2Fv2%2Fcategories&post=122330"},{"taxonomy":"post_tag","embeddable":true,"href":"https:\/\/www.diarioimagen.net\/index.php?rest_route=%2Fwp%2Fv2%2Ftags&post=122330"}],"curies":[{"name":"wp","href":"https:\/\/api.w.org\/{rel}","templated":true}]}}