{"id":122359,"date":"2013-02-25T00:07:36","date_gmt":"2013-02-25T06:07:36","guid":{"rendered":"http:\/\/www.diarioimagen.net\/?p=122359"},"modified":"2013-02-25T06:21:29","modified_gmt":"2013-02-25T12:21:29","slug":"la-pobreza-no-puede-ser-historia-de-nunca-acabar","status":"publish","type":"post","link":"https:\/\/www.diarioimagen.net\/?p=122359","title":{"rendered":"\u201cLa pobreza no puede ser historia de nunca acabar\u201d"},"content":{"rendered":"<ul>\n<li><em><strong>La secretaria de Acci\u00f3n Ind\u00edgena del PRI se\u00f1ala que la desigualdad y la injusticia no se deben perpetuar<\/strong><\/em><\/li>\n<\/ul>\n<div id=\"attachment_122435\" style=\"width: 250px\" class=\"wp-caption alignleft\"><a href=\"http:\/\/www.diarioimagen.net\/wp-content\/uploads\/2013\/02\/INDIGENA-2043.jpg\"><img loading=\"lazy\" decoding=\"async\" aria-describedby=\"caption-attachment-122435\" class=\"size-medium wp-image-122435\" alt=\"Narcedalia Ram\u00edrez Pineda present\u00f3 su libro \u201cLa Lucha contra la pobreza en la naci\u00f3n mixteca\u201d.\" src=\"http:\/\/www.diarioimagen.net\/wp-content\/uploads\/2013\/02\/INDIGENA-2043-240x135.jpg\" width=\"240\" height=\"135\" \/><\/a><p id=\"caption-attachment-122435\" class=\"wp-caption-text\">Narcedalia Ram\u00edrez Pineda present\u00f3 su libro \u201cLa Lucha contra la pobreza en la naci\u00f3n mixteca\u201d.<\/p><\/div>\n<p>La vicepresidenta de la Fundaci\u00f3n Ay\u00fa, Narcedalia Ram\u00edrez Pineda, afirm\u00f3 que la pobreza \u201cno puede ser una historia de nunca acabar\u201d, sobre todo en la zona mixteca.<\/p>\n<p>Durante la presentaci\u00f3n del libro \u201cLucha contra la pobreza en la naci\u00f3n mixteca\u201d, la tambi\u00e9n secretaria de Acci\u00f3n Ind\u00edgena del CEN del PRI, enfatiz\u00f3 que en esa zona se requieren acciones encaminadas a generar empleos y orientadas a una audaz redistribuci\u00f3n del ingreso.<\/p>\n<p>La vicepresidenta de la Fundaci\u00f3n Ay\u00fa indic\u00f3 que una estrategia de \u00e9stas caracter\u00edsticas coadyuva a detener el crecimiento del n\u00famero de pobres, tal como ha ocurrido en la regi\u00f3n que comprende los estados de Puebla, Guerrero y Oaxaca, donde incluso la Comisi\u00f3n Econ\u00f3mica para Am\u00e9rica Latina y el Caribe (CEPAL) destac\u00f3 el \u201cgran esfuerzo compartido con los pueblos m\u00e1s pobres y olvidados\u201d.<\/p>\n<p>En el Sal\u00f3n de Actos de la Fundaci\u00f3n Ay\u00fa, indic\u00f3 que la organizaci\u00f3n que encabeza implement\u00f3 una serie de proyectos para apoyar a las familias de una de las zonas geogr\u00e1ficas m\u00e1s marginadas del pa\u00eds, a fin de promover su mejora.<\/p>\n<p>En un video proyectado durante la presentaci\u00f3n del libro se detallan las acciones que la Fundaci\u00f3n Ay\u00fa impulsa, como el desarrollo productivo a trav\u00e9s de talleres de pintura, manejo de telares, reposter\u00eda y cultivo de setas, principalmente para las mujeres, quienes adem\u00e1s han adquirido una \u201cconciencia de liderazgo y su valor humano\u201d que rompe el esquema de la cultura machista.<\/p>\n<p>Adem\u00e1s, en el audiovisual, se mostraron otros apoyos como las becas a los ni\u00f1os de entre cinco y 12 a\u00f1os para que estudien, as\u00ed como dotarlos de refrigerios, \u00fatiles escolares y uniformes.<\/p>\n<p>Para los adultos se dieron apoyos que fomentan microempresas de artesan\u00edas y en \u00e1reas que tienen que ver con actividades agropecuarias, principalmente.<\/p>\n<p>M\u00e1s adelante, Ram\u00edrez Pineda expres\u00f3 que todos los proyectos buscan despertar la creaci\u00f3n de los mixtecos y que se acompa\u00f1an de una permanente capacitaci\u00f3n\u00a0 y asistencia t\u00e9cnica. Se han impulsado planes de reforestaci\u00f3n, combate a la desnutrici\u00f3n, programas de vivienda rural y fomento a la cultura del ahorro.<\/p>\n<p>Ram\u00edrez Pineda coment\u00f3 que la fundaci\u00f3n ha beneficiado a m\u00e1s de 50 mil personas en una zona cuyos niveles de marginaci\u00f3n social, econ\u00f3mica y cultural han obligan a sus habitantes a marcharse a otras entidades \u2013principalmente a la capital del pa\u00eds\u2013 y a los Estados Unidos.<\/p>\n<p>La secretaria de Acci\u00f3n Ind\u00edgena expres\u00f3 que \u201choy m\u00e1s que nunca, estoy convencida que la transformaci\u00f3n de la Mixteca tendr\u00e1 que ser obra de los mixtecos, apoyados en acciones gubernamentales y la solidaridad de las organizaciones de la sociedad civil\u201d.<\/p>\n<p>El acto cont\u00f3 con la participaci\u00f3n del director del Instituto de Investigaciones Jur\u00eddicas de la UNAM, Diego Valad\u00e9s; Alfonso Cebreros, director de Relaciones Gubernamentales del Grupo GRUMA; H\u00e9ctor Carlos Salazar, presidente de la Comisi\u00f3n Nacional de Productores Agr\u00edcolas de Ma\u00edz en M\u00e9xico; Modesto Seara-V\u00e1zquez, rector de la Universidad Tecnol\u00f3gica de la Mixteca y Luis de la Calle, director general de la Asociaci\u00f3n \u201cDe la Calle, Madrazo y Mancera\u201d.<\/p>\n<p>&nbsp;<\/p>\n","protected":false},"excerpt":{"rendered":"<p>La vicepresidenta de la Fundaci\u00f3n Ay\u00fa, Narcedalia Ram\u00edrez Pineda, afirm\u00f3 que la pobreza \u201cno puede ser una historia de nunca acabar\u201d, sobre todo en la zona mixteca.<\/p>\n","protected":false},"author":1,"featured_media":0,"comment_status":"open","ping_status":"open","sticky":false,"template":"","format":"standard","meta":{"_monsterinsights_skip_tracking":false,"_monsterinsights_sitenote_active":false,"_monsterinsights_sitenote_note":"","_monsterinsights_sitenote_category":0,"footnotes":""},"categories":[3],"tags":[43673,362],"class_list":["post-122359","post","type-post","status-publish","format-standard","hentry","category-nacional","tag-nacional","tag-pri"],"_links":{"self":[{"href":"https:\/\/www.diarioimagen.net\/index.php?rest_route=\/wp\/v2\/posts\/122359","targetHints":{"allow":["GET"]}}],"collection":[{"href":"https:\/\/www.diarioimagen.net\/index.php?rest_route=\/wp\/v2\/posts"}],"about":[{"href":"https:\/\/www.diarioimagen.net\/index.php?rest_route=\/wp\/v2\/types\/post"}],"author":[{"embeddable":true,"href":"https:\/\/www.diarioimagen.net\/index.php?rest_route=\/wp\/v2\/users\/1"}],"replies":[{"embeddable":true,"href":"https:\/\/www.diarioimagen.net\/index.php?rest_route=%2Fwp%2Fv2%2Fcomments&post=122359"}],"version-history":[{"count":0,"href":"https:\/\/www.diarioimagen.net\/index.php?rest_route=\/wp\/v2\/posts\/122359\/revisions"}],"wp:attachment":[{"href":"https:\/\/www.diarioimagen.net\/index.php?rest_route=%2Fwp%2Fv2%2Fmedia&parent=122359"}],"wp:term":[{"taxonomy":"category","embeddable":true,"href":"https:\/\/www.diarioimagen.net\/index.php?rest_route=%2Fwp%2Fv2%2Fcategories&post=122359"},{"taxonomy":"post_tag","embeddable":true,"href":"https:\/\/www.diarioimagen.net\/index.php?rest_route=%2Fwp%2Fv2%2Ftags&post=122359"}],"curies":[{"name":"wp","href":"https:\/\/api.w.org\/{rel}","templated":true}]}}