{"id":122472,"date":"2013-02-26T00:06:29","date_gmt":"2013-02-26T06:06:29","guid":{"rendered":"http:\/\/www.diarioimagen.net\/?p=122472"},"modified":"2013-02-26T07:08:45","modified_gmt":"2013-02-26T13:08:45","slug":"cartas-bomba-epr","status":"publish","type":"post","link":"https:\/\/www.diarioimagen.net\/?p=122472","title":{"rendered":"Cartas-bomba \u00bfEPR?"},"content":{"rendered":"<h2>\u00cdndice pol\u00edtico<\/h2>\n<h5>Francisco Rodr\u00edguez<\/h5>\n<p>&nbsp;<\/p>\n<p>A mi hermano Antonio. Por su entrega y pasi\u00f3n en su trabajo. Sobre todo, por su sensibilidad ante la tragedia humana<\/p>\n<p>El 10 de julio de 2007, cinco d\u00edas despu\u00e9s de que estallaran las primeras de un total de ocho cargas explosivas en ductos de Petr\u00f3leos Mexicanos (Pemex) en Celaya, Salamanca y Valle de Santiago, Guanajuato, as\u00ed como en la casa de v\u00e1lvulas de los ductos de la paraestatal en la comunidad Presa de Bravo, municipio de Corregidora, Quer\u00e9taro, el EPR se adjudic\u00f3 los hechos cual \u201cparte de una campa\u00f1a de hostigamiento al gobierno de Felipe Calder\u00f3n\u201d.<\/p>\n<p>\u00bfEst\u00e1 hoy el EPR, tambi\u00e9n, tras los tr\u00e1gicos sucesos del jueves 31 de enero?<\/p>\n<p>\u00bfEs, asimismo, el inicio de una escalada \u201cde hostigamiento\u201d, ahora en contra de la Administraci\u00f3n de Enrique Pe\u00f1a Nieto?<\/p>\n<p>Acudo al especialista en movimientos armados Jorge Lofredo y le pregunto al respecto.<\/p>\n<p>Me responde que, aunque \u201calgunas informaciones se\u00f1alan que el EPR se ha deslindado de cualquier responsabilidad por lo sucedido en la Torre de Pemex, tal no ha sido as\u00ed.<\/p>\n<p>\u201cA\u00fan no se ha conocido el posicionamiento de la organizaci\u00f3n al respecto, como tampoco de otras organizaciones clandestinas.\u00a0 De hecho, hasta el momento \u2013la ma\u00f1ana del domingo 3 de febrero\u2014, ni siquiera alguna de ellas se ha expresado sobre el tema.\u201d<\/p>\n<p>Observador acucioso, el cofundador del Centro de Documentaci\u00f3n de los Movimientos Armados (www.cedema.org), da seguimiento al tema no s\u00f3lo a trav\u00e9s de los comunicados que emiten los grupos guerrilleros, incluso la presencia de \u00e9stos en las redes sociales.<\/p>\n<p>Por tal, da aviso de que en una de ellas circul\u00f3 en ellas un fotomontaje que iguala lo sucedido en la torre de Pemex con lo de las torres gemelas en 2001.<\/p>\n<p>Y que ello se dio a conocer el jueves pasado a trav\u00e9s de Facebook, desde la cuenta \u201cGabriel Alberto Pdpr epr\u201d (Gabriel Alberto es una presunta referencia a Gabriel Alberto Cruz S\u00e1nchez, uno de los dos eperristas desaparecidos en Oaxaca en mayo de 2007).<\/p>\n<p>\u201cEsa cuenta\u00a0no la administra el grupo, sino que se trata de otras iniciativas que no tienen v\u00ednculo con el EPR.<\/p>\n<p>Pero fue en la red social donde apareci\u00f3 la imagen de ambas torres humeantes y con ello se crey\u00f3 dar con un deslinde eperrista. Pero no es as\u00ed. Im\u00e1genes y textos en ning\u00fan momento se atribuyen la palabra oficial del EPR.\u201d<\/p>\n<p>La imagen contiene un texto que habla de \u201cenga\u00f1o\u201d como \u201cpretexto para generar guerras\u201d.<\/p>\n<p>Ambas fotograf\u00edas contienen la frase de \u201cPetr\u00f3leo de Medio Oriente\u201d &#8211; \u201cPetr\u00f3leo de M\u00e9xico\u201d.<\/p>\n<p>En el fondo, estas escuetas palabras no hacen otra cosa que sostener una teor\u00eda conspirativa, la hip\u00f3tesis del autoatentado que justifique cualquier otra situaci\u00f3n a futuro; en este caso, una guerra.<\/p>\n<p>Pero, dice Lofredo, \u201ceste argumento no lo sostuvo el EPR en sus comunicados de septiembre de 2001, sino que, m\u00e1s bien, en ning\u00fan momento mencion\u00f3 sobre alguna responsabilidad en aquella ocasi\u00f3n y si culp\u00f3 a la administraci\u00f3n de Estados Unidos por su pol\u00edtica imperialista.\u00a0 En resumidas cuentas, el ataque a las torres gemelas, seg\u00fan el EPR, ha sido una represalia por su pol\u00edtica exterior.<\/p>\n<p>Queda evidente que este argumento es bastante diferente al que se sostiene ahora.\u201d<\/p>\n<p>\u201cPor otra parte\u00a0 \u2014agrega el autor de las reflexiones bajo el nombre Posdata\u2014 si este deslinde fuese real, ser\u00eda la primera vez que el EPR, como as\u00ed tambi\u00e9n alguna de las otras organizaciones clandestinas conocidas, se manifestaran en torno a un tema tan delicado a trav\u00e9s de una red social.<\/p>\n<p>Pero si continuamos a\u00fan profundizando la cuesti\u00f3n y otorgando una m\u00ednima posibilidad que el deslinde fuese real, \u00e9ste deber\u00eda apoyarse en un comunicado formal posterior, cosa que hasta el momento no ha sucedido, a\u00fan cuando el EPR acaba de repartir (este mismo domingo 3) un nuevo n\u00famero de su \u00f3rgano partidario, El Insurgente, sin que all\u00ed mencione ni una palabra sobre el tema.<\/p>\n<p>\u201c\u00bfEl deslinde del EPR a trav\u00e9s de un fotomontaje, junto a una serie de frases conspirativas, sin redundar en razones pol\u00edticas y a trav\u00e9s de una red social?\u00a0 Dif\u00edcil de creer y menos a\u00fan de aceptar.<\/p>\n<p><em><a href=\"http:\/\/www.indicepolitico.com\/\" target=\"_blank\"><em>www.indicepolitico.com<\/em><\/a><br \/>\n<\/em><em><a href=\"mailto:pacorodriguez@journalist.com\" target=\"_blank\">pacorodriguez@journalist.com<\/a><\/em><\/p>\n","protected":false},"excerpt":{"rendered":"<p><span style=\"color: #005497;\"><strong>Francisco Rodr\u00edguez<\/strong><\/span><\/p>\n","protected":false},"author":1,"featured_media":0,"comment_status":"open","ping_status":"open","sticky":false,"template":"","format":"standard","meta":{"_monsterinsights_skip_tracking":false,"_monsterinsights_sitenote_active":false,"_monsterinsights_sitenote_note":"","_monsterinsights_sitenote_category":0,"footnotes":""},"categories":[549],"tags":[25299,43689,550,43674],"class_list":["post-122472","post","type-post","status-publish","format-standard","hentry","category-francisco-rodriguez","tag-epr","tag-francisco-rodriguez","tag-indice-politico","tag-opinion"],"_links":{"self":[{"href":"https:\/\/www.diarioimagen.net\/index.php?rest_route=\/wp\/v2\/posts\/122472","targetHints":{"allow":["GET"]}}],"collection":[{"href":"https:\/\/www.diarioimagen.net\/index.php?rest_route=\/wp\/v2\/posts"}],"about":[{"href":"https:\/\/www.diarioimagen.net\/index.php?rest_route=\/wp\/v2\/types\/post"}],"author":[{"embeddable":true,"href":"https:\/\/www.diarioimagen.net\/index.php?rest_route=\/wp\/v2\/users\/1"}],"replies":[{"embeddable":true,"href":"https:\/\/www.diarioimagen.net\/index.php?rest_route=%2Fwp%2Fv2%2Fcomments&post=122472"}],"version-history":[{"count":0,"href":"https:\/\/www.diarioimagen.net\/index.php?rest_route=\/wp\/v2\/posts\/122472\/revisions"}],"wp:attachment":[{"href":"https:\/\/www.diarioimagen.net\/index.php?rest_route=%2Fwp%2Fv2%2Fmedia&parent=122472"}],"wp:term":[{"taxonomy":"category","embeddable":true,"href":"https:\/\/www.diarioimagen.net\/index.php?rest_route=%2Fwp%2Fv2%2Fcategories&post=122472"},{"taxonomy":"post_tag","embeddable":true,"href":"https:\/\/www.diarioimagen.net\/index.php?rest_route=%2Fwp%2Fv2%2Ftags&post=122472"}],"curies":[{"name":"wp","href":"https:\/\/api.w.org\/{rel}","templated":true}]}}