{"id":122484,"date":"2013-02-26T00:04:37","date_gmt":"2013-02-26T06:04:37","guid":{"rendered":"http:\/\/www.diarioimagen.net\/?p=122484"},"modified":"2013-02-26T07:09:02","modified_gmt":"2013-02-26T13:09:02","slug":"protesta","status":"publish","type":"post","link":"https:\/\/www.diarioimagen.net\/?p=122484","title":{"rendered":"Protesta"},"content":{"rendered":"<h2>Punto por punto<\/h2>\n<h5>Augusto Corro<\/h5>\n<p>&nbsp;<\/p>\n<p>En la frontera norte los mexicanos se enfrentan a un sinn\u00famero de agresiones e injusticias. La lista de v\u00edctimas incluye a mujeres, hombres y menores de edad.<\/p>\n<p>En ninguno de los casos que van registrados se nota el inter\u00e9s de hacer justicia.<\/p>\n<p>Nos ponemos a pensar c\u00f3mo actuar\u00eda Estados Unidos si esas agresiones las recibieran sus ciudadanos por parte de las autoridades mexicanas. Seguro que ya tendr\u00edamos en nuestro territorio a los \u201cmarines\u201d.<\/p>\n<p>Porque los estadunidenses son muy celosos por el trato de sus connacionales en otros pa\u00edses, pero poco cuidado tienen para impartir justicia a las personas que son agraviadas en la frontera.<\/p>\n<p>Los hechos son m\u00faltiples y todos tienen una fuerte dosis de injusticia, de profundo dolor humano por el ser querido asesinado o lesionado.<\/p>\n<p>Como en los casos mencionados se encuentran gente humilde, los hechos en los que abusaron las autoridades estadunidenses poco se conocen. Las noticias son para consumo local.<\/p>\n<p>Lo anterior viene a colaci\u00f3n, porque en la garita de San Ysidro, en Baja California, un grupo de hu\u00e9rfanos y parientes de personas agraviadas se dieron cita\u00a0 para exigir justicia.<\/p>\n<p>Para empezar, entre quienes protestaban se encontraban los cinco hijos menores de Valeria Tachiqu\u00edn, quien pereci\u00f3 al ser baleada por un patrullero, a menos de un metro de distancia.<\/p>\n<p>Tambi\u00e9n se dieron cita los v\u00e1stagos de Anastasio Hern\u00e1ndez. Este hombre fue esposado, golpeado y torturado con descargas el\u00e9ctricas. No soport\u00f3 los golpes y muri\u00f3.<\/p>\n<p>En esa conmovedora reuni\u00f3n, los asistentes, afectados profundamente por la p\u00e9rdida de sus seres queridos, solamente se ve\u00edan los rostros ba\u00f1ados por las l\u00e1grimas.<\/p>\n<p>Uno de los deudos, Jes\u00fas Carlos Lamadrid, micr\u00f3fono en mano dijo: \u201cquiero que me digan por qu\u00e9 mataron a mi hermano, si nada m\u00e1s estaba jugando\u201d.<\/p>\n<p>En el presente en los Estados Unidos se discuten reformas a las leyes migratorias. Es posible que este mismo a\u00f1o en el vecino pa\u00eds se cuente con c\u00f3digos m\u00e1s el\u00e1sticos para un trato m\u00e1s humano a quien llega a su pa\u00eds en busca de trabajo, sin la documentaci\u00f3n correspondiente.<\/p>\n<p>Dirigentes de los derechos humanos de los inmigrantes y de los trabajadores exhortar\u00e1n a las comunidades de latinos para alzar su voz, durante la semana del 7 de abril pr\u00f3ximo.<\/p>\n<p>Los planes de los l\u00edderes mencionados incluyen educaci\u00f3n c\u00edvica, marchas, manifestaciones, reuniones en las comunidades e iglesias.<\/p>\n<p>Tambi\u00e9n se buscar\u00e1n entrevistas con los legisladores para la aprobaci\u00f3n de un proyecto de ley que firme el presidente Obama, en el cual se asegure que los 11 millones de indocumentados que viven y aportan todos los d\u00edas a este pa\u00eds (Estados Unidos) puedan obtener la ciudadan\u00eda.<\/p>\n<p>As\u00ed pues, la maquinaria se mueve en\u00a0 diferentes \u00e1ngulos y el deseo de millones de inmigrantes de convertirse en ciudadanos estadounidenses podr\u00eda convertirse en una realidad, m\u00e1s acorde con los tiempos que vivimos.<\/p>\n<p>Claro, las nuevas leyes tendr\u00e1n que contemplar el respeto a los derechos humanos. En este caso concreto, es evitar el maltrato\u00a0 de las autoridades hacia los extranjeros, principalmente a los mexicanos que intentan trabajar en el vecino pa\u00eds.<\/p>\n<p>En el mitin frente la garita de San Ysidro, efectuada el fin de semana, se inform\u00f3 que los padres y abuelos de los menores que participaron en la protesta se entrevistar\u00e1n hoy martes, en Washington con los legisladores, a quienes les pedir\u00e1n que en las reformas migratorias se incluya una ley que castigue a los autoridades cuando cometan abusos de poder.<\/p>\n<p>\u00bfSe podr\u00e1 cambiar el pensamiento de trogloditas de los patrulleros y oficiales fronterizos?\u00a0 \u00bfAlguien tiene la\u00a0 respuesta?<\/p>\n<p><em><a href=\"mailto:aco2742@hotmail.com\" target=\"_blank\">aco2742@hotmail.com<\/a><\/em><\/p>\n","protected":false},"excerpt":{"rendered":"<p><span style=\"color: #005497;\"><strong>Augusto Corro<\/strong><\/span><\/p>\n","protected":false},"author":1,"featured_media":0,"comment_status":"open","ping_status":"open","sticky":false,"template":"","format":"standard","meta":{"_monsterinsights_skip_tracking":false,"_monsterinsights_sitenote_active":false,"_monsterinsights_sitenote_note":"","_monsterinsights_sitenote_category":0,"footnotes":""},"categories":[157],"tags":[43686,43674,11515],"class_list":["post-122484","post","type-post","status-publish","format-standard","hentry","category-augusto-corro","tag-augusto-corro","tag-opinion","tag-punto-por-punto"],"_links":{"self":[{"href":"https:\/\/www.diarioimagen.net\/index.php?rest_route=\/wp\/v2\/posts\/122484","targetHints":{"allow":["GET"]}}],"collection":[{"href":"https:\/\/www.diarioimagen.net\/index.php?rest_route=\/wp\/v2\/posts"}],"about":[{"href":"https:\/\/www.diarioimagen.net\/index.php?rest_route=\/wp\/v2\/types\/post"}],"author":[{"embeddable":true,"href":"https:\/\/www.diarioimagen.net\/index.php?rest_route=\/wp\/v2\/users\/1"}],"replies":[{"embeddable":true,"href":"https:\/\/www.diarioimagen.net\/index.php?rest_route=%2Fwp%2Fv2%2Fcomments&post=122484"}],"version-history":[{"count":0,"href":"https:\/\/www.diarioimagen.net\/index.php?rest_route=\/wp\/v2\/posts\/122484\/revisions"}],"wp:attachment":[{"href":"https:\/\/www.diarioimagen.net\/index.php?rest_route=%2Fwp%2Fv2%2Fmedia&parent=122484"}],"wp:term":[{"taxonomy":"category","embeddable":true,"href":"https:\/\/www.diarioimagen.net\/index.php?rest_route=%2Fwp%2Fv2%2Fcategories&post=122484"},{"taxonomy":"post_tag","embeddable":true,"href":"https:\/\/www.diarioimagen.net\/index.php?rest_route=%2Fwp%2Fv2%2Ftags&post=122484"}],"curies":[{"name":"wp","href":"https:\/\/api.w.org\/{rel}","templated":true}]}}