{"id":122505,"date":"2013-02-26T00:07:20","date_gmt":"2013-02-26T06:07:20","guid":{"rendered":"http:\/\/www.diarioimagen.net\/?p=122505"},"modified":"2013-02-28T02:02:55","modified_gmt":"2013-02-28T08:02:55","slug":"pena-nieto-pinta-su-raya-a-elba-esther","status":"publish","type":"post","link":"https:\/\/www.diarioimagen.net\/?p=122505","title":{"rendered":"Pe\u00f1a Nieto pinta su raya a Elba Esther"},"content":{"rendered":"<h2>Tras la puerta del poder<\/h2>\n<h5>Roberto Vizca\u00edno<\/h5>\n<p>&nbsp;<\/p>\n<ul>\n<li><strong><i>El mensaje de Chuayffet es del Presidente a la lideresa magisterial: \u201co te al\u00edneas o te al\u00edneo\u201d<\/i><\/strong><\/li>\n<li><strong><i>En todos hay la certidumbre de que la maestra tiene que arriar banderas de guerra para ir a la negociaci\u00f3n<\/i><\/strong><\/li>\n<li><strong><i>Mientras tanto Manlio Fabio Beltrones insiste en un camino por la autonom\u00eda pol\u00edtica<\/i><\/strong><\/li>\n<\/ul>\n<div id=\"attachment_122579\" style=\"width: 250px\" class=\"wp-caption alignleft\"><a href=\"http:\/\/www.diarioimagen.net\/wp-content\/uploads\/2013\/02\/la-gripe-aviar-trizas-2044.jpg\"><img loading=\"lazy\" decoding=\"async\" aria-describedby=\"caption-attachment-122579\" class=\"size-medium wp-image-122579\" alt=\"La gripe aviar... | Trizas\" src=\"http:\/\/www.diarioimagen.net\/wp-content\/uploads\/2013\/02\/la-gripe-aviar-trizas-2044-240x227.jpg\" width=\"240\" height=\"227\" \/><\/a><p id=\"caption-attachment-122579\" class=\"wp-caption-text\">La gripe aviar&#8230; | Trizas<\/p><\/div>\n<p>Nadie la mencion\u00f3 por su nombre, pero todos quienes acudimos al evento del patio de honor de Palacio Nacional supimos que Emilio Chuayffet le hablaba a ella:<\/p>\n<p>\u201cContra la Reforma, se han propalado rumores falsos que se acompa\u00f1an por la ignorancia, cuando no por la mala fe.<\/p>\n<p>\u201cSe dice que gracias a la reforma la escuela dejar\u00e1 de ser gratuita y que, por virtud de ella, se sacrificar\u00e1n derechos adquiridos de los profesores.<\/p>\n<p>\u201cAqu\u00ed, en el Centro de la Rep\u00fablica, en la sede del Poder Ejecutivo Federal (Palacio Nacional), afirmamos: nada es m\u00e1s falso.<\/p>\n<p>\u201cFrente a los vientos de la transparencia y de la calidad que inspira a la reforma, hay quienes izan, por intereses particulares, las banderas de la confusi\u00f3n\u2026<\/p>\n<p>\u201cQue les quede claro: ha sido el Poder Constituyente de la Uni\u00f3n el que ha dado el paso. <b>No hay marcha atr\u00e1s<\/b>. La reforma se har\u00e1 en favor de los maestros, de los ni\u00f1os, de los padres de familia y de la Patria toda\u201d.<\/p>\n<p>Con esta intervenci\u00f3n qued\u00f3 sellado el parte de guerra del Gobierno Federal en contra Elba Ester Gordillo, lideresa del magisterio, quien ha declarado durante los d\u00edas anteriores su rechazo a la Reforma Educativa de Pe\u00f1a Nieto, el PAN, PRD, PRI y los gobiernos estatales.<\/p>\n<p>Anteayer el SNTE que comanda Elba Ester Gordillo desde hace 23 a\u00f1os coloc\u00f3 un desplegado en varios diarios de los llamados nacionales, para calificar a Chauyffet de ignorante y para advertir que la Reforma Educativa \u00a0que ayer promulg\u00f3 el presidente Enrique Pe\u00f1a Nieto era para privatizar la educaci\u00f3n en M\u00e9xico.<\/p>\n<p>Ayer, desde Palacio Nacional, Pe\u00f1a Nieto, su gabinete, el PR-PRI-PAN y PVEM as\u00ed como el PAN-PRD y PRI le respondieron:<\/p>\n<p>\u201cNo hay marcha atr\u00e1s\u201d.<\/p>\n<p>\u201cHoy, culmina un proceso de Reforma Constitucional en Materia Educativa, gracias a la iniciativa del Presidente Enrique Pe\u00f1a y de la voluntad pol\u00edtica demostrada por los firmantes del Pacto por M\u00e9xico.<\/p>\n<p>\u201cLa reforma que hoy se promulga, har\u00e1 posible lograr una educaci\u00f3n de calidad.\u00a0 Educar con calidad no es pensar en abstracto.\u00a0 La educaci\u00f3n debe dar puntual respuesta a las necesidades concretas del pa\u00eds; necesidades que se atienden con la formaci\u00f3n de competencias espec\u00edficas y habilidades t\u00e9cnicas.<\/p>\n<p>\u201cPor eso, la reforma establece mecanismos para la evaluaci\u00f3n educativa. Ello nos permitir\u00e1 conocer mejor las fallas, las carencias y las fortalezas del Sistema Educativo, para que con base en ese diagn\u00f3stico, las autoridades podamos articular soluciones urgentes y eficaces para\u00a0 que la educaci\u00f3n mejore en su calidad.<\/p>\n<p>\u201cPor otra parte, los cambios constitucionales establecen un sistema profesional con incentivos y mejores procesos de capacitaci\u00f3n a favor de los maestros. Ellos son los protagonistas del proceso educativo y es obligaci\u00f3n del Estado darles certeza en su ingreso, certeza en su permanencia y certeza en la promoci\u00f3n del servicio. El Sistema Profesional Docente permitir\u00e1 a alumnos y padres de familia, tener la confianza de que con mejores maestros habr\u00e1 una mejor educaci\u00f3n.<\/p>\n<p>A pesar de ello, contra la reforma, se han propalado\u00a0 rumores falsos que se acompa\u00f1an por la ignorancia, cuando no, por la mala fe. Se dice que gracias a la reforma, la escuela dejar\u00e1 de ser gratuita, y que, por virtud de ella, se sacrificar\u00e1n derechos adquiridos de los profesores.<\/p>\n<p>\u201cAqu\u00ed, en el centro de la Rep\u00fablica, en <b>la sede del Poder Ejecutivo Federal<\/b>, afirmamos: nada es m\u00e1s falso. Frente a los nuevos vientos de la transparencia y de la calidad que inspira la reforma, hay quienes izan por intereses particulares las banderas de la confusi\u00f3n.<\/p>\n<p>\u201cQue les quede claro: ha sido el poder constituyente de la uni\u00f3n el que ha dado el paso. No hay marcha atr\u00e1s. La reforma se har\u00e1 en favor de los maestros, de los ni\u00f1os, de los padres de familia y de la patria toda; lo dec\u00eda Vasconcelos: es leg\u00edtimamente maestro el que trata de aprender y se empe\u00f1a en mejorarse a s\u00ed mismo. Para la reglamentaci\u00f3n legal de la reforma, la autoridad escuchar\u00e1 a todos los individuos y a la sociedad involucrada en ella. No s\u00f3lo a un grupo ni a una persona.<\/p>\n<p>\u201cTorres Bodet, con raz\u00f3n, advert\u00eda: los talleres en los que se forma el alma del pueblo, son los hogares y son las escuelas, pero tambi\u00e9n predicaba toda reforma pedag\u00f3gica demanda tiempo, humildad, paciencia y voluntad general de cooperaci\u00f3n.<\/p>\n<p>\u201cEstamos en tiempo. Vamos a perseverar y a seguir convocando a todos para que la autoridad siga siendo la rectora en materia educativa, y que esa rector\u00eda ni se traicione, ni se empantane, ni sea motivo de chantaje, ni mucho menos, como lo ha sido, de frivolidad.<\/p>\n<p>\u201cM\u00e9xico se mueve con el Presidente Pe\u00f1a Nieto por una educaci\u00f3n que promueva la inclusi\u00f3n, la tolerancia y la paz\u201d, dijo.<\/p>\n<p>No hay que decir que Emilio Chuayffet no habl\u00f3 ayer no nombre personal, sino del presidente Enrique Pe\u00f1a Nieto.La advertencia est\u00e1 m\u00e1s que clara: o te alineas, o te alineo.<\/p>\n<p>Ni que decir que Elba Esther llego a la dirigencia del SNTE por una decisi\u00f3n de Carlos Salinas y en ellos intervino fundamentalmente Manlio Fabio Beltones, entonces subsecretario de Gobernaci\u00f3n.<\/p>\n<p>Hoy Pe\u00f1a Nieto podr\u00eda intervenir para retirarle la dirigencia del magisterio. Ella lo sabe. Es consciente que es muy vulnerable ante el poder del Estado. En esta contienda no va sola, est\u00e1n en medio sus hijas, su grupo.<\/p>\n<p>De ah\u00ed que los se\u00f1alamientos de ayer sean un parte aguas de la contienda por la aceptaci\u00f3n de la Reforma Educativa. No tiene m\u00e1s que leer, escuchar a Emilio Chuauyffet.<\/p>\n<p>Seguro que lo har\u00e1 y se alinear\u00e1. No es s\u00f3lo ella, es su familia y su entorno lo que est\u00e1 en juego.<\/p>\n<p align=\"center\"><b>MANLIO CON LO SUYO<\/b><\/p>\n<p>En medio del caos, Manlio Fabio Beltrones insiste:<\/p>\n<p>\u201cLas condiciones del desarrollo econ\u00f3mico de los Estados nacionales en un mundo globalizado e interdependiente, requiere de pesos y contrapesos que no estaban originalmente contemplados en los pactos constitucionales, ya que las circunstancias actuales rebasan la organizaci\u00f3n tripartita de las democracias cl\u00e1sicas.<\/p>\n<p>\u201cLa emergencia de nuevos nichos econ\u00f3micos, la competencia impuesta por el mercado y la natural tendencia hacia la monopolizaci\u00f3n en los sectores de una econom\u00eda, hacen indispensable la configuraci\u00f3n de nuevos \u00f3rganos de regulaci\u00f3n econ\u00f3mica dentro de las estructuras estatales, cuya autonom\u00eda debe estar garantizada en el texto constitucional. Y tal autonom\u00eda debe incluir la participaci\u00f3n del Legislativo en la designaci\u00f3n de quienes encabecen tales organismos.<\/p>\n<p>\u201cDicho de otro modo, las nuevas condiciones de la competencia econ\u00f3mica requieren que sea el Estado &#8211; y no el gobierno, el que finalmente emana de un partido &#8211; el que se ocupe de regular las actividades estrat\u00e9gicas para el desarrollo econ\u00f3mico, con el fin de garantizar la equidad en el uso de recursos &#8211; especialmente si \u00e9stos son propiedad de la Naci\u00f3n y est\u00e1n concesionados a terceros -, as\u00ed como la seguridad jur\u00eddica de su uso y usufructo, adem\u00e1s de la imparcialidad con respecto a los agentes econ\u00f3micos.<\/p>\n<p>\u201cLa tendencia a la consolidaci\u00f3n de \u00f3rganos constitucionales aut\u00f3nomos de regulaci\u00f3n econ\u00f3mica, que promueven la competencia y la seguridad jur\u00eddica en beneficio directo de la poblaci\u00f3n y la competitividad del aparato productivo, es una caracter\u00edstica del desarrollo institucional de las democracias contempor\u00e1neas.<\/p>\n<p>\u201cCon el antecedente de la autonom\u00eda del Banco de M\u00e9xico (1994), actualmente est\u00e1 en el debate legislativo la ratificaci\u00f3n en el Senado de la Rep\u00fablica de los comisionados de los tres \u00f3rganos de regulaci\u00f3n econ\u00f3mica: la Comisi\u00f3n Federal de Competencia, la Comisi\u00f3n Reguladora de Energ\u00eda y la Comisi\u00f3n Federal de Telecomunicaciones, con la idea de que la autonom\u00eda de estos \u00f3rganos no s\u00f3lo sea en t\u00e9rminos jur\u00eddicos y de su estructura organizativa, sino que quienes est\u00e9n a cargo de ellos, respondan a los intereses de la sociedad y no a la del gobierno en turno\u201d.<\/p>\n<p>Es decir, quiere m\u00e1s autonom\u00eda para las acciones pol\u00edticas.<\/p>\n<p><em><a href=\"mailto:rvizcaino@gmail.com\" target=\"_blank\">rvizcaino@gmail.com<\/a><\/em><\/p>\n","protected":false},"excerpt":{"rendered":"<p><span style=\"color: #005497;\"><strong>Roberto Vizca\u00edno<\/strong><\/span><\/p>\n","protected":false},"author":1,"featured_media":0,"comment_status":"open","ping_status":"open","sticky":false,"template":"","format":"standard","meta":{"_monsterinsights_skip_tracking":false,"_monsterinsights_sitenote_active":false,"_monsterinsights_sitenote_note":"","_monsterinsights_sitenote_category":0,"footnotes":""},"categories":[136],"tags":[43674,93,94],"class_list":["post-122505","post","type-post","status-publish","format-standard","hentry","category-roberto-vizcaino-opinion","tag-opinion","tag-roberto-vizcaino","tag-tras-la-puerta-del-poder"],"_links":{"self":[{"href":"https:\/\/www.diarioimagen.net\/index.php?rest_route=\/wp\/v2\/posts\/122505","targetHints":{"allow":["GET"]}}],"collection":[{"href":"https:\/\/www.diarioimagen.net\/index.php?rest_route=\/wp\/v2\/posts"}],"about":[{"href":"https:\/\/www.diarioimagen.net\/index.php?rest_route=\/wp\/v2\/types\/post"}],"author":[{"embeddable":true,"href":"https:\/\/www.diarioimagen.net\/index.php?rest_route=\/wp\/v2\/users\/1"}],"replies":[{"embeddable":true,"href":"https:\/\/www.diarioimagen.net\/index.php?rest_route=%2Fwp%2Fv2%2Fcomments&post=122505"}],"version-history":[{"count":0,"href":"https:\/\/www.diarioimagen.net\/index.php?rest_route=\/wp\/v2\/posts\/122505\/revisions"}],"wp:attachment":[{"href":"https:\/\/www.diarioimagen.net\/index.php?rest_route=%2Fwp%2Fv2%2Fmedia&parent=122505"}],"wp:term":[{"taxonomy":"category","embeddable":true,"href":"https:\/\/www.diarioimagen.net\/index.php?rest_route=%2Fwp%2Fv2%2Fcategories&post=122505"},{"taxonomy":"post_tag","embeddable":true,"href":"https:\/\/www.diarioimagen.net\/index.php?rest_route=%2Fwp%2Fv2%2Ftags&post=122505"}],"curies":[{"name":"wp","href":"https:\/\/api.w.org\/{rel}","templated":true}]}}