{"id":122520,"date":"2013-02-26T00:02:15","date_gmt":"2013-02-26T06:02:15","guid":{"rendered":"http:\/\/www.diarioimagen.net\/?p=122520"},"modified":"2013-02-27T01:44:17","modified_gmt":"2013-02-27T07:44:17","slug":"el-gdf-y-la-unam-presentan-proyecto-de-difusion-cultural","status":"publish","type":"post","link":"https:\/\/www.diarioimagen.net\/?p=122520","title":{"rendered":"El GDF y la UNAM presentan proyecto de difusi\u00f3n cultural"},"content":{"rendered":"<ul>\n<li><em><strong>El objetivo es dar a la ciudad un impulso en la difusi\u00f3n del conocimiento, las actividades art\u00edsticas y el desarrollo del espacio f\u00edsico, se\u00f1alaron<\/strong><\/em><\/li>\n<\/ul>\n<div id=\"attachment_122570\" style=\"width: 250px\" class=\"wp-caption alignleft\"><a href=\"http:\/\/www.diarioimagen.net\/wp-content\/uploads\/2013\/02\/MANCERA-2044.jpg\"><img loading=\"lazy\" decoding=\"async\" aria-describedby=\"caption-attachment-122570\" class=\"size-medium wp-image-122570\" alt=\"El jefe de gobierno del DF, Miguel \u00c1ngel Mancera y el rector de la UNAM, Jos\u00e9 Narro, pusieron en marcha un programa cultural; los observa el empresario Carlos Slim.\" src=\"http:\/\/www.diarioimagen.net\/wp-content\/uploads\/2013\/02\/MANCERA-2044-240x135.jpg\" width=\"240\" height=\"135\" \/><\/a><p id=\"caption-attachment-122570\" class=\"wp-caption-text\">El jefe de gobierno del DF, Miguel \u00c1ngel Mancera y el rector de la UNAM, Jos\u00e9 Narro, pusieron en marcha un programa cultural; los observa el empresario Carlos Slim.<\/p><\/div>\n<p>Los inmuebles y espacios p\u00fablicos del Centro Hist\u00f3rico del Distrito Federal reunir\u00e1n al capital intelectual, art\u00edstico y cultural de la Universidad Nacional Aut\u00f3noma de M\u00e9xico (UNAM), para ofrecer a sus visitantes un vasto cat\u00e1logo de actividades de las m\u00e1s diversas disciplinas, a trav\u00e9s del proyecto \u201cSuSede en el Centro\u201d.<\/p>\n<p>As\u00ed lo dieron a conocer el jefe de gobierno, Miguel \u00c1ngel Mancera Espinosa y el rector de la UNAM, Jos\u00e9 Narro Robles, durante la presentaci\u00f3n de este programa, en la que tambi\u00e9n estuvo el empresario Carlos Slim, que acercar\u00e1 a la ciudadan\u00eda, la vida cultural que resguardan los recintos de la m\u00e1xima casa de estudios, ubicados en el coraz\u00f3n de la ciudad.<\/p>\n<p>En el Colegio de San Ildefonso, Mancera Espinosa indic\u00f3 que esta alianza estrat\u00e9gica y constante entre la UNAM y el GDF, que hoy se traduce en el programa \u201cSuSede en el Centro\u201d, dar\u00e1 a la ciudad un impulso en la difusi\u00f3n del conocimiento, la cultura y el desarrollo del espacio f\u00edsico.<\/p>\n<p>Al respecto, recalc\u00f3 que la administraci\u00f3n a su cargo no dejar\u00e1 de atender el rescate y recuperaci\u00f3n de los inmuebles y espacios p\u00fablicos del Centro Hist\u00f3rico, para goce y disfrute de todos sus habitantes y visitantes, actividad cuyos frutos \u201cson visibles y palpables\u201d.<\/p>\n<p>\u201cEntre las principales actividades que son orgullo de la capital y del pa\u00eds entero, se encuentran las expresiones art\u00edsticas, cient\u00edficas y culturales que dan grandeza, con mayor impulso y fuerza al nombre de M\u00e9xico\u201d, expres\u00f3 el mandatario capitalino al considerar que con este proyecto, los mexicanos tendr\u00e1n m\u00e1s oportunidades de conocer todo lo que representa el bagaje de la Universidad.<\/p>\n<p>\u201cSuSede en el Centro\u201d se realizar\u00e1 en diversos recintos universitarios ubicados en el Centro Hist\u00f3rico, como el Palacio de la Autonom\u00eda, la Antigua Escuela de Medicina, el Antiguo Colegio de San Ildefonso, la Academia de San Carlos, el Palacio de Miner\u00eda, la Antigua Escuela de Jurisprudencia, as\u00ed como las calles y espacios p\u00fablicos de este cuadro de la ciudad.<\/p>\n<p>Asimismo, a trav\u00e9s de Fundaci\u00f3n UNAM, se fortalecer\u00e1 el apoyo a la educaci\u00f3n, la investigaci\u00f3n y la difusi\u00f3n de la cultura, pues con \u201cSuSede en el Centro\u201d adem\u00e1s de incrementar la promoci\u00f3n cultural y de continuar con la revitalizaci\u00f3n del Centro Hist\u00f3rico, se generar\u00e1n, con el apoyo de patrocinadores en la realizaci\u00f3n de eventos, recursos para apoyar la educaci\u00f3n universitaria.<\/p>\n<p>Narro Robles abund\u00f3 al respecto que los recursos que de este proyecto resulten ser\u00e1n destinados a m\u00e1s becas para los universitarios, \u201choy son m\u00e1s de 150 mil quienes tienen una beca, pero tenemos que hacer un esfuerzo adicional todav\u00eda. Tengo que reconocer que el esfuerzo mayor procede del caso de las becas que ofrece para Educaci\u00f3n Media Superior el gobierno de la ciudad\u201d, concluy\u00f3.<\/p>\n<p>&nbsp;<\/p>\n","protected":false},"excerpt":{"rendered":"<p>Los inmuebles y espacios p\u00fablicos del Centro Hist\u00f3rico del Distrito Federal reunir\u00e1n al capital intelectual, art\u00edstico y cultural de la Universidad Nacional Aut\u00f3noma de M\u00e9xico (UNAM), para ofrecer a sus visitantes un vasto cat\u00e1logo de actividades de las m\u00e1s diversas disciplinas, a trav\u00e9s del proyecto \u201cSuSede en el Centro\u201d.<\/p>\n","protected":false},"author":1,"featured_media":0,"comment_status":"open","ping_status":"open","sticky":false,"template":"","format":"standard","meta":{"_monsterinsights_skip_tracking":false,"_monsterinsights_sitenote_active":false,"_monsterinsights_sitenote_note":"","_monsterinsights_sitenote_category":0,"footnotes":""},"categories":[17,6],"tags":[239,39,5314,570],"class_list":["post-122520","post","type-post","status-publish","format-standard","hentry","category-especiales","category-cd-de-mexico","tag-centro-historico","tag-distrito-federal","tag-miguel-angel-mancera-espinosa","tag-unam"],"_links":{"self":[{"href":"https:\/\/www.diarioimagen.net\/index.php?rest_route=\/wp\/v2\/posts\/122520","targetHints":{"allow":["GET"]}}],"collection":[{"href":"https:\/\/www.diarioimagen.net\/index.php?rest_route=\/wp\/v2\/posts"}],"about":[{"href":"https:\/\/www.diarioimagen.net\/index.php?rest_route=\/wp\/v2\/types\/post"}],"author":[{"embeddable":true,"href":"https:\/\/www.diarioimagen.net\/index.php?rest_route=\/wp\/v2\/users\/1"}],"replies":[{"embeddable":true,"href":"https:\/\/www.diarioimagen.net\/index.php?rest_route=%2Fwp%2Fv2%2Fcomments&post=122520"}],"version-history":[{"count":0,"href":"https:\/\/www.diarioimagen.net\/index.php?rest_route=\/wp\/v2\/posts\/122520\/revisions"}],"wp:attachment":[{"href":"https:\/\/www.diarioimagen.net\/index.php?rest_route=%2Fwp%2Fv2%2Fmedia&parent=122520"}],"wp:term":[{"taxonomy":"category","embeddable":true,"href":"https:\/\/www.diarioimagen.net\/index.php?rest_route=%2Fwp%2Fv2%2Fcategories&post=122520"},{"taxonomy":"post_tag","embeddable":true,"href":"https:\/\/www.diarioimagen.net\/index.php?rest_route=%2Fwp%2Fv2%2Ftags&post=122520"}],"curies":[{"name":"wp","href":"https:\/\/api.w.org\/{rel}","templated":true}]}}