{"id":122526,"date":"2013-02-26T00:06:39","date_gmt":"2013-02-26T06:06:39","guid":{"rendered":"http:\/\/www.diarioimagen.net\/?p=122526"},"modified":"2013-02-26T07:17:11","modified_gmt":"2013-02-26T13:17:11","slug":"pacto-por-mexico-no-sustituye-al-congreso","status":"publish","type":"post","link":"https:\/\/www.diarioimagen.net\/?p=122526","title":{"rendered":"Pacto por M\u00e9xico no sustituye al Congreso"},"content":{"rendered":"<ul>\n<li><em><strong>Afirman que en materia de telecomunicaciones el acuerdo entre dirigentes partidistas no ser\u00e1 avalado\u00a0de manera autom\u00e1tica por el Senado de la Rep\u00fablica<\/strong><\/em><\/li>\n<\/ul>\n<div id=\"attachment_122597\" style=\"width: 250px\" class=\"wp-caption alignleft\"><a href=\"http:\/\/www.diarioimagen.net\/wp-content\/uploads\/2013\/02\/senado-2044.jpg\"><img loading=\"lazy\" decoding=\"async\" aria-describedby=\"caption-attachment-122597\" class=\"size-medium wp-image-122597\" alt=\"Los coordinadores parlamentarios del PRI, PAN y PRD fijaron su postura sobre la reforma en telecomunicaciones.\" src=\"http:\/\/www.diarioimagen.net\/wp-content\/uploads\/2013\/02\/senado-2044-240x135.jpg\" width=\"240\" height=\"135\" \/><\/a><p id=\"caption-attachment-122597\" class=\"wp-caption-text\">Los coordinadores parlamentarios del PRI, PAN y PRD fijaron su postura sobre la reforma en telecomunicaciones.<\/p><\/div>\n<p>Los coordinadores parlamentarios del PRI, PAN y PRD en el Senado advirtieron que la negociaci\u00f3n de la mesa del Pacto por M\u00e9xico para la reforma de telecomunicaciones no sustituye la negociaci\u00f3n y la discusi\u00f3n del tema en las c\u00e1maras del Congreso.<\/p>\n<p>Entrevistados en la sede de la C\u00e1mara alta, los legisladores coincidieron en se\u00f1alar que a\u00fan cuando el Ejecutivo y las dirigencias nacionales de los partidos construyan un acuerdo sobre el tema, el consenso no ser\u00e1 avalado de manera autom\u00e1tica en el Senado.<\/p>\n<p>\u201cEl Congreso har\u00e1 su tarea, no nos van a sustituir, lo hemos dicho abiertamente. El Congreso har\u00e1 su trabajo serio, responsable y con visi\u00f3n de Estado para definir qu\u00e9 le conviene al pa\u00eds\u201d, \u00adadelant\u00f3 el coordinador del PRI, Emilio Gamboa.<\/p>\n<p>En el mismo sentido, el l\u00edder de los panistas, Ernesto Cordero, asegur\u00f3 que se equivocan quienes piensan que el debate en la mesa del pacto puede sustituir la deliberaci\u00f3n de los legisladores en materia de telecomunicaciones.<\/p>\n<p>\u201cEl mecanismo del Pacto sigue funcionando, nada m\u00e1s hay que entender que el pacto no sustituye al Poder Legislativo. Si hay quien piense que porque en la mesa del pacto se consideran opiniones de legisladores y que con eso toda la parte del debate legislativo est\u00e1 subsanado o est\u00e1 allanada, pues no es as\u00ed\u201d, sostuvo.<\/p>\n<p>\u201cLa mesa del pacto no sustituye el debate, la argumentaci\u00f3n de todo el proceso que tiene que darse que es muy sano en un pa\u00eds democr\u00e1tico en el Congreso. No est\u00e1 fallando el mecanismo de la mesa del pacto, simplemente no son sustitutos\u201d.<\/p>\n<p>El coordinador del PRD, Miguel Barbosa, defendi\u00f3 el papel del Poder Legislativo y confirm\u00f3 que los senadores no fueron tomados en cuenta para elaborar la reforma en materia de telecomunicaciones que ser\u00e1 enviada al Congreso esta misma semana.<\/p>\n<p>\u201cEntre ma\u00f1ana y el jueves ser\u00e1 presentada. Como nosotros no intervenimos en su construcci\u00f3n no podemos definirlo. Tambi\u00e9n no conocemos apenas cu\u00e1l ser\u00e1 la c\u00e1mara de origen, si es diputados o senadores\u201d.<\/p>\n<p>&nbsp;<\/p>\n","protected":false},"excerpt":{"rendered":"<p>Los coordinadores parlamentarios del PRI, PAN y PRD en el Senado advirtieron que la negociaci\u00f3n de la mesa del Pacto por M\u00e9xico para la reforma de telecomunicaciones no sustituye la negociaci\u00f3n y la discusi\u00f3n del tema en las c\u00e1maras del Congreso.<\/p>\n","protected":false},"author":1,"featured_media":0,"comment_status":"open","ping_status":"open","sticky":false,"template":"","format":"standard","meta":{"_monsterinsights_skip_tracking":false,"_monsterinsights_sitenote_active":false,"_monsterinsights_sitenote_note":"","_monsterinsights_sitenote_category":0,"footnotes":""},"categories":[3],"tags":[43673,25488,91,211,362],"class_list":["post-122526","post","type-post","status-publish","format-standard","hentry","category-nacional","tag-nacional","tag-pacto-por-mexico","tag-pan","tag-prd","tag-pri"],"_links":{"self":[{"href":"https:\/\/www.diarioimagen.net\/index.php?rest_route=\/wp\/v2\/posts\/122526","targetHints":{"allow":["GET"]}}],"collection":[{"href":"https:\/\/www.diarioimagen.net\/index.php?rest_route=\/wp\/v2\/posts"}],"about":[{"href":"https:\/\/www.diarioimagen.net\/index.php?rest_route=\/wp\/v2\/types\/post"}],"author":[{"embeddable":true,"href":"https:\/\/www.diarioimagen.net\/index.php?rest_route=\/wp\/v2\/users\/1"}],"replies":[{"embeddable":true,"href":"https:\/\/www.diarioimagen.net\/index.php?rest_route=%2Fwp%2Fv2%2Fcomments&post=122526"}],"version-history":[{"count":0,"href":"https:\/\/www.diarioimagen.net\/index.php?rest_route=\/wp\/v2\/posts\/122526\/revisions"}],"wp:attachment":[{"href":"https:\/\/www.diarioimagen.net\/index.php?rest_route=%2Fwp%2Fv2%2Fmedia&parent=122526"}],"wp:term":[{"taxonomy":"category","embeddable":true,"href":"https:\/\/www.diarioimagen.net\/index.php?rest_route=%2Fwp%2Fv2%2Fcategories&post=122526"},{"taxonomy":"post_tag","embeddable":true,"href":"https:\/\/www.diarioimagen.net\/index.php?rest_route=%2Fwp%2Fv2%2Ftags&post=122526"}],"curies":[{"name":"wp","href":"https:\/\/api.w.org\/{rel}","templated":true}]}}