{"id":122529,"date":"2013-02-26T00:07:08","date_gmt":"2013-02-26T06:07:08","guid":{"rendered":"http:\/\/www.diarioimagen.net\/?p=122529"},"modified":"2013-02-26T07:17:52","modified_gmt":"2013-02-26T13:17:52","slug":"mondragon-y-kalb-fue-ratificado-en-la-cns","status":"publish","type":"post","link":"https:\/\/www.diarioimagen.net\/?p=122529","title":{"rendered":"Manuel Mondrag\u00f3n y Kalb fue ratificado en la CNS"},"content":{"rendered":"<ul>\n<li><em><strong>Al comparecer ante las Comisiones Unidas de Gobernaci\u00f3n y de Seguridad del Senado, promete cero tolerancia a la corrupci\u00f3n<\/strong><\/em><\/li>\n<\/ul>\n<div id=\"attachment_122593\" style=\"width: 250px\" class=\"wp-caption alignleft\"><a href=\"http:\/\/www.diarioimagen.net\/wp-content\/uploads\/2013\/02\/Mondragon-2044.jpg\"><img loading=\"lazy\" decoding=\"async\" aria-describedby=\"caption-attachment-122593\" class=\"size-medium wp-image-122593\" alt=\"Manuel Mondrag\u00f3n y Kalb, subsecretario de Planeaci\u00f3n y Protecci\u00f3n Institucional.\" src=\"http:\/\/www.diarioimagen.net\/wp-content\/uploads\/2013\/02\/Mondragon-2044-240x135.jpg\" width=\"240\" height=\"135\" \/><\/a><p id=\"caption-attachment-122593\" class=\"wp-caption-text\">Manuel Mondrag\u00f3n y Kalb, subsecretario de Planeaci\u00f3n y Protecci\u00f3n Institucional.<\/p><\/div>\n<p>El subsecretario de Planeaci\u00f3n y Protecci\u00f3n Institucional de la Secretar\u00eda de Gobernaci\u00f3n, Manuel Mondrag\u00f3n y Kalb, compareci\u00f3 ayer ante Comisiones Unidas del Senado para su ratificaci\u00f3n al frente de la Comisi\u00f3n Nacional de Seguridad (CNS), la cual fue avalada por unanimidad.<\/p>\n<p>Mencion\u00f3 a los senadores de las comisiones de Gobernaci\u00f3n y de Seguridad, que la cero tolerancia a la corrupci\u00f3n se dar\u00e1 dentro de la CNS, desde su titular hasta llegar a todos los niveles de la dependencia, \u201ctope lo que tope, y le guste a quien le guste\u201d.<\/p>\n<p>En otro tema, el funcionario mencion\u00f3 que se espera que la gendarmer\u00eda opere a finales de a\u00f1o con 10 mil elementos y en un primer momento ser\u00e1 apoyada por el Ej\u00e9rcito mexicano y la Armada de M\u00e9xico.<\/p>\n<p>Ser\u00e1 una polic\u00eda de proximidad que atender\u00e1 prioritariamente los delitos del fuero com\u00fan, expuso el subsecretario de la Secretar\u00eda de Gobernaci\u00f3n (Segob).<\/p>\n<p>Al dar respuesta a las preguntas y se\u00f1alamientos de los senadores, Mondrag\u00f3n y Kalb se\u00f1al\u00f3 que los elementos de la gendarmer\u00eda est\u00e1n siendo capacitados actualmente por sus mandos castrenses.<\/p>\n<p>Explic\u00f3 que la gendarmer\u00eda tiene que ser de formaci\u00f3n castrense, como la Polic\u00eda Federal, lo que ser\u00e1 de forma inicial porque no tendr\u00edamos capacidad de formaci\u00f3n inmediata, los estaremos manejando a trav\u00e9s de la colaboraci\u00f3n de Ej\u00e9rcito con 8 mil 500 personas y de la Armada con mil 500 elementos.<\/p>\n<p>Para diciembre de este a\u00f1o, asever\u00f3, habremos de tener el primer grupo de gendarmer\u00eda con 10 mil elementos, \u201cson de formaci\u00f3n castrense, son apoyo de la Secretar\u00eda de la Defensa y de la Marina\u201d.<\/p>\n<p>Sin embargo, tendr\u00e1n sin duda en la acci\u00f3n diaria, la formaci\u00f3n policial obligada y despu\u00e9s pasar\u00e1n a formar parte de la Comisi\u00f3n Nacional de Seguridad, bajo el mando de esta comisi\u00f3n, subray\u00f3.<\/p>\n<p>Tras ser ratificado por unanimidad en comisiones, dijo en entrevista que luego de ser ratificado vendr\u00e1 al pleno a protestar para continuar trabajando como comisionado Nacional de Seguridad para darle la continuidad y la fuerza que implica esta gran responsabilidad.<\/p>\n<p>Mondrag\u00f3n y Kalb expuso que no se puede pensar en polic\u00edas comunitarias, confundirlas con grupos de autodefensa, todas tienen una raz\u00f3n de ser, son motivo de un an\u00e1lisis cuidadoso.<\/p>\n<p>Asegur\u00f3 que el titular de la Secretar\u00eda de Gobernaci\u00f3n, Miguel \u00c1ngel Osorio Chong, est\u00e1 ubicado en esta realidad, \u201cestamos tratando de tener el diagn\u00f3stico preciso para establecer medidas de soluci\u00f3n\u201d.<\/p>\n<p>En el combate a la delincuencia y la delincuencia organizada, en todos los puntos y brotes se tiene que trabajar \u201cen coordinaci\u00f3n con todas las fuerzas del Estado, con los tres niveles de gobierno y a eso nos estamos dedicando\u201d, subray\u00f3.<\/p>\n<p>Record\u00f3 que \u201cel Presidente de la Rep\u00fablica ha subrayado que el trabajo tiene que darse en total coordinaci\u00f3n, en armon\u00eda de primer nivel y esto se ha logrado con la coordinaci\u00f3n del secretario de Gobernaci\u00f3n.<\/p>\n<p>\u201cSe trabaja tambi\u00e9n del brazo con el Ej\u00e9rcito mexicano, con la Armada de M\u00e9xico, la Procuradur\u00eda General de la Rep\u00fablica y nosotros y se han sostenido reuniones de trabajo con todos los gobernadores de los estados, sin excepci\u00f3n\u201d, concluy\u00f3.<\/p>\n<p>&nbsp;<\/p>\n","protected":false},"excerpt":{"rendered":"<p>El subsecretario de Planeaci\u00f3n y Protecci\u00f3n Institucional de la Secretar\u00eda de Gobernaci\u00f3n, Manuel Mondrag\u00f3n y Kalb, compareci\u00f3 ayer ante Comisiones Unidas del Senado para su ratificaci\u00f3n al frente de la Comisi\u00f3n Nacional de Seguridad (CNS), la cual fue avalada por unanimidad.<\/p>\n","protected":false},"author":1,"featured_media":0,"comment_status":"open","ping_status":"open","sticky":false,"template":"","format":"standard","meta":{"_monsterinsights_skip_tracking":false,"_monsterinsights_sitenote_active":false,"_monsterinsights_sitenote_note":"","_monsterinsights_sitenote_category":0,"footnotes":""},"categories":[3],"tags":[26250,6213,43673,25796],"class_list":["post-122529","post","type-post","status-publish","format-standard","hentry","category-nacional","tag-comision-nacional-de-seguridad","tag-manuel-mondragon-y-kalb","tag-nacional","tag-planeacion-y-proteccion-institucional"],"_links":{"self":[{"href":"https:\/\/www.diarioimagen.net\/index.php?rest_route=\/wp\/v2\/posts\/122529","targetHints":{"allow":["GET"]}}],"collection":[{"href":"https:\/\/www.diarioimagen.net\/index.php?rest_route=\/wp\/v2\/posts"}],"about":[{"href":"https:\/\/www.diarioimagen.net\/index.php?rest_route=\/wp\/v2\/types\/post"}],"author":[{"embeddable":true,"href":"https:\/\/www.diarioimagen.net\/index.php?rest_route=\/wp\/v2\/users\/1"}],"replies":[{"embeddable":true,"href":"https:\/\/www.diarioimagen.net\/index.php?rest_route=%2Fwp%2Fv2%2Fcomments&post=122529"}],"version-history":[{"count":0,"href":"https:\/\/www.diarioimagen.net\/index.php?rest_route=\/wp\/v2\/posts\/122529\/revisions"}],"wp:attachment":[{"href":"https:\/\/www.diarioimagen.net\/index.php?rest_route=%2Fwp%2Fv2%2Fmedia&parent=122529"}],"wp:term":[{"taxonomy":"category","embeddable":true,"href":"https:\/\/www.diarioimagen.net\/index.php?rest_route=%2Fwp%2Fv2%2Fcategories&post=122529"},{"taxonomy":"post_tag","embeddable":true,"href":"https:\/\/www.diarioimagen.net\/index.php?rest_route=%2Fwp%2Fv2%2Ftags&post=122529"}],"curies":[{"name":"wp","href":"https:\/\/api.w.org\/{rel}","templated":true}]}}