{"id":122696,"date":"2013-02-27T00:06:10","date_gmt":"2013-02-27T06:06:10","guid":{"rendered":"http:\/\/www.diarioimagen.net\/?p=122696"},"modified":"2013-02-27T03:33:37","modified_gmt":"2013-02-27T09:33:37","slug":"urgen-empleos-para-prevenir-delincuencia-navarrete-prida","status":"publish","type":"post","link":"https:\/\/www.diarioimagen.net\/?p=122696","title":{"rendered":"Urgen empleos para prevenir delincuencia: Navarrete Prida"},"content":{"rendered":"<ul>\n<li><em><strong>Centro de la pol\u00edtica del gobierno federal<\/strong><\/em><\/li>\n<\/ul>\n<div id=\"attachment_122802\" style=\"width: 250px\" class=\"wp-caption alignleft\"><a href=\"http:\/\/www.diarioimagen.net\/wp-content\/uploads\/2013\/02\/Navarrete-2045.jpg\"><img loading=\"lazy\" decoding=\"async\" aria-describedby=\"caption-attachment-122802\" class=\"size-medium wp-image-122802\" alt=\"Con la generaci\u00f3n de empleos, los empresarios contribuir\u00e1n al Programa de Prevenci\u00f3n Social, dijo Alfonso Navarrete Prida, secretario del Trabajo.\" src=\"http:\/\/www.diarioimagen.net\/wp-content\/uploads\/2013\/02\/Navarrete-2045-240x135.jpg\" width=\"240\" height=\"135\" \/><\/a><p id=\"caption-attachment-122802\" class=\"wp-caption-text\">Con la generaci\u00f3n de empleos, los empresarios contribuir\u00e1n al Programa de Prevenci\u00f3n Social, dijo Alfonso Navarrete Prida, secretario del Trabajo.<\/p><\/div>\n<p>El secretario del Trabajo y Previsi\u00f3n Social, Alfonso Navarrete Prida, pidi\u00f3 a los sectores productivos del pa\u00eds sumarse al Programa Nacional de Prevenci\u00f3n Social de la Violencia y la Delincuencia, con la generaci\u00f3n de m\u00e1s puestos de trabajos formales.<\/p>\n<p>Al poner en marcha la Jornada de Apoyo al Empleo Zacatecas 2013, afirm\u00f3 que el empleo est\u00e1 en el centro de las pol\u00edticas m\u00e1s importantes del gobierno federal, a fin de generar las condiciones que permitan a inversionistas establecer empresas y crear empleos formales.<\/p>\n<p>Ante el gobernador de Zacatecas, Miguel \u00c1ngel Alonso Reyes, el titular de la Secretar\u00eda del Trabajo y Previsi\u00f3n Social (STPS) dijo que la dependencia a su cargo seguir\u00e1 impulsando estas jornadas y las ferias de empleo, para que quienes buscan un puesto de trabajo lo obtengan.<\/p>\n<p>En particular, a\u00f1adi\u00f3, los j\u00f3venes, para que se consolide la cultura de trabajo, para que se haga realidad el empleo digno y socialmente \u00fatil como forma de tener una vida productiva.<\/p>\n<p>Navarrete Prida agreg\u00f3 que la gente con trabajo previene la delincuencia, porque al contar con una oportunidad las mujeres y los hombres que dignamente dan sustento a sus familias no delinquen.<\/p>\n<p>Expuso que la STPS hace su labor para que programas y acciones id\u00f3neos, como el Programa de Apoyo al Empleo y de Vinculaci\u00f3n Laboral, se ajusten a la l\u00f3gica del Programa Nacional de Prevenci\u00f3n Social de la Violencia y la Delincuencia.<\/p>\n<p>El funcionario federal inaugur\u00f3 la Feria de Empleo en Zacatecas, acto que se desarrolla en el marco de la Primera Feria Nacional de Empleo, en la que los interesados podr\u00e1n acceder a m\u00e1s de 270 mil vacantes de todos los perfiles en la Rep\u00fablica.<\/p>\n<p>&nbsp;<\/p>\n","protected":false},"excerpt":{"rendered":"<p>El secretario del Trabajo y Previsi\u00f3n Social, Alfonso Navarrete Prida, pidi\u00f3 a los sectores productivos del pa\u00eds sumarse al Programa Nacional de Prevenci\u00f3n Social de la Violencia y la Delincuencia, con la generaci\u00f3n de m\u00e1s puestos de trabajos formales.<\/p>\n","protected":false},"author":1,"featured_media":0,"comment_status":"open","ping_status":"open","sticky":false,"template":"","format":"standard","meta":{"_monsterinsights_skip_tracking":false,"_monsterinsights_sitenote_active":false,"_monsterinsights_sitenote_note":"","_monsterinsights_sitenote_category":0,"footnotes":""},"categories":[3],"tags":[11708,8654,5557,43673,5066],"class_list":["post-122696","post","type-post","status-publish","format-standard","hentry","category-nacional","tag-alfonso-navarrete-prida","tag-delincuencia","tag-empleos","tag-nacional","tag-violencia"],"_links":{"self":[{"href":"https:\/\/www.diarioimagen.net\/index.php?rest_route=\/wp\/v2\/posts\/122696","targetHints":{"allow":["GET"]}}],"collection":[{"href":"https:\/\/www.diarioimagen.net\/index.php?rest_route=\/wp\/v2\/posts"}],"about":[{"href":"https:\/\/www.diarioimagen.net\/index.php?rest_route=\/wp\/v2\/types\/post"}],"author":[{"embeddable":true,"href":"https:\/\/www.diarioimagen.net\/index.php?rest_route=\/wp\/v2\/users\/1"}],"replies":[{"embeddable":true,"href":"https:\/\/www.diarioimagen.net\/index.php?rest_route=%2Fwp%2Fv2%2Fcomments&post=122696"}],"version-history":[{"count":0,"href":"https:\/\/www.diarioimagen.net\/index.php?rest_route=\/wp\/v2\/posts\/122696\/revisions"}],"wp:attachment":[{"href":"https:\/\/www.diarioimagen.net\/index.php?rest_route=%2Fwp%2Fv2%2Fmedia&parent=122696"}],"wp:term":[{"taxonomy":"category","embeddable":true,"href":"https:\/\/www.diarioimagen.net\/index.php?rest_route=%2Fwp%2Fv2%2Fcategories&post=122696"},{"taxonomy":"post_tag","embeddable":true,"href":"https:\/\/www.diarioimagen.net\/index.php?rest_route=%2Fwp%2Fv2%2Ftags&post=122696"}],"curies":[{"name":"wp","href":"https:\/\/api.w.org\/{rel}","templated":true}]}}