{"id":122699,"date":"2013-02-27T00:07:25","date_gmt":"2013-02-27T06:07:25","guid":{"rendered":"http:\/\/www.diarioimagen.net\/?p=122699"},"modified":"2013-02-27T03:34:03","modified_gmt":"2013-02-27T09:34:03","slug":"multan-600-negocios-por-alza-injustificada-al-huevo","status":"publish","type":"post","link":"https:\/\/www.diarioimagen.net\/?p=122699","title":{"rendered":"Multan 600 negocios por alza injustificada al huevo"},"content":{"rendered":"<ul>\n<li><em><strong>Pretextan aparici\u00f3n de influenza aviar<\/strong><\/em><\/li>\n<\/ul>\n<p><a href=\"http:\/\/www.diarioimagen.net\/wp-content\/uploads\/2013\/02\/multa-huevo-2045.jpg\"><img loading=\"lazy\" decoding=\"async\" class=\"alignleft size-medium wp-image-122800\" style=\"margin-right: 9px; margin-bottom: 9px;\" alt=\"multa-huevo-2045\" src=\"http:\/\/www.diarioimagen.net\/wp-content\/uploads\/2013\/02\/multa-huevo-2045-240x135.jpg\" width=\"240\" height=\"135\" \/><\/a>La Procuradur\u00eda Federal del Consumidor aplic\u00f3 m\u00e1s de 600 sanciones a comercios en todo el pa\u00eds por especular o elevar injustificadamente los precios del huevo y pollo con el pretexto de la gripe aviar detectada en Guanajuato 13 d\u00edas atr\u00e1s.<\/p>\n<p>\u201cEs definitivo, no hay pretexto para aumentar los precios a estos alimentos b\u00e1sicos en la dieta de las familias mexicanas. Habr\u00e1 mano firme para quien da\u00f1e la econom\u00eda familiar\u201d, asever\u00f3 Humberto Ben\u00edtez Trevi\u00f1o, titular de la dependencia federal.<\/p>\n<p>Desde el 15 de febrero la Profeco ha realizado mil 300 monitoreos de precios y mil 155 visitas de verificaci\u00f3n, de las cuales m\u00e1s de 600 establecimientos fueron emplazados a procedimiento administrativo por violaciones a la ley e incluso en algunos se colocaron sellos de advertencia.<\/p>\n<p>Reiter\u00f3 su instrucci\u00f3n de intensificar acciones de verificaci\u00f3n y vigilancia en los centros de abasto, adem\u00e1s de actuar con mano dura y castigos severos, incluso la clausura a quienes con el pretexto de la gripe aviar, golpean el bolsillo de los consumidores.<\/p>\n<p>Recalc\u00f3 que de acuerdo al monitoreo cotidiano que realiza la Profeco, no hay desabasto de huevo y pollo y por tanto, no hay raz\u00f3n alguna para encarecer ambos productos.<\/p>\n<p>&nbsp;<\/p>\n","protected":false},"excerpt":{"rendered":"<p>La Procuradur\u00eda Federal del Consumidor aplic\u00f3 m\u00e1s de 600 sanciones a comercios en todo el pa\u00eds por especular o elevar injustificadamente los precios del huevo y pollo con el pretexto de la gripe aviar detectada en Guanajuato 13 d\u00edas atr\u00e1s.<\/p>\n","protected":false},"author":1,"featured_media":0,"comment_status":"open","ping_status":"open","sticky":false,"template":"","format":"standard","meta":{"_monsterinsights_skip_tracking":false,"_monsterinsights_sitenote_active":false,"_monsterinsights_sitenote_note":"","_monsterinsights_sitenote_category":0,"footnotes":""},"categories":[3],"tags":[1213,2968,43673,828,356],"class_list":["post-122699","post","type-post","status-publish","format-standard","hentry","category-nacional","tag-huevo","tag-multas","tag-nacional","tag-pollo","tag-profeco"],"_links":{"self":[{"href":"https:\/\/www.diarioimagen.net\/index.php?rest_route=\/wp\/v2\/posts\/122699","targetHints":{"allow":["GET"]}}],"collection":[{"href":"https:\/\/www.diarioimagen.net\/index.php?rest_route=\/wp\/v2\/posts"}],"about":[{"href":"https:\/\/www.diarioimagen.net\/index.php?rest_route=\/wp\/v2\/types\/post"}],"author":[{"embeddable":true,"href":"https:\/\/www.diarioimagen.net\/index.php?rest_route=\/wp\/v2\/users\/1"}],"replies":[{"embeddable":true,"href":"https:\/\/www.diarioimagen.net\/index.php?rest_route=%2Fwp%2Fv2%2Fcomments&post=122699"}],"version-history":[{"count":0,"href":"https:\/\/www.diarioimagen.net\/index.php?rest_route=\/wp\/v2\/posts\/122699\/revisions"}],"wp:attachment":[{"href":"https:\/\/www.diarioimagen.net\/index.php?rest_route=%2Fwp%2Fv2%2Fmedia&parent=122699"}],"wp:term":[{"taxonomy":"category","embeddable":true,"href":"https:\/\/www.diarioimagen.net\/index.php?rest_route=%2Fwp%2Fv2%2Fcategories&post=122699"},{"taxonomy":"post_tag","embeddable":true,"href":"https:\/\/www.diarioimagen.net\/index.php?rest_route=%2Fwp%2Fv2%2Ftags&post=122699"}],"curies":[{"name":"wp","href":"https:\/\/api.w.org\/{rel}","templated":true}]}}