{"id":122711,"date":"2013-02-27T00:04:05","date_gmt":"2013-02-27T06:04:05","guid":{"rendered":"http:\/\/www.diarioimagen.net\/?p=122711"},"modified":"2013-02-28T03:22:49","modified_gmt":"2013-02-28T09:22:49","slug":"mondragon-senala-que-en-mexico-hay-gobernabilidad","status":"publish","type":"post","link":"https:\/\/www.diarioimagen.net\/?p=122711","title":{"rendered":"Mondrag\u00f3n se\u00f1ala que en M\u00e9xico hay gobernabilidad"},"content":{"rendered":"<ul>\n<li><em><strong>Afirma que en el pa\u00eds la mayor\u00eda de sus habitantes viven tranquilos, pero no descarta la existencia de \u201cfocos rojos\u201d<\/strong><\/em><\/li>\n<\/ul>\n<div id=\"attachment_122744\" style=\"width: 250px\" class=\"wp-caption alignleft\"><a href=\"http:\/\/www.diarioimagen.net\/wp-content\/uploads\/2013\/02\/Mondragon-2045.jpg\"><img loading=\"lazy\" decoding=\"async\" aria-describedby=\"caption-attachment-122744\" class=\"size-medium wp-image-122744\" alt=\"Manuel Modrag\u00f3n y Kalb rinde protesta como comisionado Nacional de Seguridad P\u00fablica, en el Senado de la Rep\u00fablica.\" src=\"http:\/\/www.diarioimagen.net\/wp-content\/uploads\/2013\/02\/Mondragon-2045-240x135.jpg\" width=\"240\" height=\"135\" \/><\/a><p id=\"caption-attachment-122744\" class=\"wp-caption-text\">Manuel Modrag\u00f3n y Kalb rinde protesta como comisionado Nacional de Seguridad P\u00fablica, en el Senado de la Rep\u00fablica.<\/p><\/div>\n<p>El comisionado Nacional de Seguridad P\u00fablica, Manuel Mondrag\u00f3n y Kalb afirm\u00f3 ayer que en M\u00e9xico hay gobernabilidad absoluta y la mayor parte de los habitantes del pa\u00eds viven tranquilos, aunque \u201chay focos rojos\u201d que ya son atendidos.<\/p>\n<p>En ese sentido, sostuvo que la presencia de grupos de autodefensa en algunos puntos del pa\u00eds, no denotan o connotan ingobernabilidad, y se\u00f1al\u00f3 que el gobierno federal trabaja desde los distintos \u00f3rdenes en la prevenci\u00f3n y en una cultura de la legalidad.<\/p>\n<p>\u201cEs un pa\u00eds que est\u00e1 con toda la gobernabilidad, la gobernabilidad absoluta, y naturalmente nosotros tenemos como puntos especiales, como puntos gatillo, focos rojitos que se prenden, a resolverlos\u201d, expres\u00f3 el funcionario federal.<\/p>\n<p>En rueda de prensa, luego de ser ratificado por el pleno del Senado de la Rep\u00fablica como titular de la Comisi\u00f3n Nacional de Seguridad (CNS), se\u00f1al\u00f3 que \u201cestos grupos de polic\u00eda comunitaria existen en algunos lugares de a\u00f1os\u201d, y actualmente \u201cestamos observando que se est\u00e1n multiplicando\u201d.<\/p>\n<p>Ante ello, el ex secretario de Seguridad P\u00fablica del Distrito Federal, reiter\u00f3 que el gobierno Federal trabaja ya en la atenci\u00f3n de estos casos, que, dijo, deben analizarse y conocerse a fondo, ya que cada uno tiene una causalidad distinta.<\/p>\n<p>Al respecto, Mondrag\u00f3n y Kalb indic\u00f3 que las caracter\u00edsticas de estos grupos difieren desde el armamento que utilizan, hasta su origen y operaci\u00f3n ya que algunos son aceptados, por lo menos en su conocimiento, por los gobiernos estatales.<\/p>\n<p>El funcionario federal insisti\u00f3 que M\u00e9xico \u201cno es un pa\u00eds convulsionado\u201d, aunque como todos tiene problemas para los que precisamente ya trabaja a fin de atenderlos.<\/p>\n<p>Sobre el tema Mondrag\u00f3n y Kalb calific\u00f3 a estos grupos como \u201cgrup\u00fasculos que no pueden significar un pa\u00eds y calificarlo de un pa\u00eds violento o un pa\u00eds ingobernable\u201d, concluy\u00f3.<\/p>\n","protected":false},"excerpt":{"rendered":"<p>El comisionado Nacional de Seguridad P\u00fablica, Manuel Mondrag\u00f3n y Kalb afirm\u00f3 ayer que en M\u00e9xico hay gobernabilidad absoluta y la mayor parte de los habitantes del pa\u00eds viven tranquilos, aunque \u201chay focos rojos\u201d que ya son atendidos.<\/p>\n","protected":false},"author":1,"featured_media":0,"comment_status":"open","ping_status":"open","sticky":false,"template":"","format":"standard","meta":{"_monsterinsights_skip_tracking":false,"_monsterinsights_sitenote_active":false,"_monsterinsights_sitenote_note":"","_monsterinsights_sitenote_category":0,"footnotes":""},"categories":[17,3],"tags":[39,6213,43673,1088],"class_list":["post-122711","post","type-post","status-publish","format-standard","hentry","category-especiales","category-nacional","tag-distrito-federal","tag-manuel-mondragon-y-kalb","tag-nacional","tag-seguridad-publica"],"_links":{"self":[{"href":"https:\/\/www.diarioimagen.net\/index.php?rest_route=\/wp\/v2\/posts\/122711","targetHints":{"allow":["GET"]}}],"collection":[{"href":"https:\/\/www.diarioimagen.net\/index.php?rest_route=\/wp\/v2\/posts"}],"about":[{"href":"https:\/\/www.diarioimagen.net\/index.php?rest_route=\/wp\/v2\/types\/post"}],"author":[{"embeddable":true,"href":"https:\/\/www.diarioimagen.net\/index.php?rest_route=\/wp\/v2\/users\/1"}],"replies":[{"embeddable":true,"href":"https:\/\/www.diarioimagen.net\/index.php?rest_route=%2Fwp%2Fv2%2Fcomments&post=122711"}],"version-history":[{"count":0,"href":"https:\/\/www.diarioimagen.net\/index.php?rest_route=\/wp\/v2\/posts\/122711\/revisions"}],"wp:attachment":[{"href":"https:\/\/www.diarioimagen.net\/index.php?rest_route=%2Fwp%2Fv2%2Fmedia&parent=122711"}],"wp:term":[{"taxonomy":"category","embeddable":true,"href":"https:\/\/www.diarioimagen.net\/index.php?rest_route=%2Fwp%2Fv2%2Fcategories&post=122711"},{"taxonomy":"post_tag","embeddable":true,"href":"https:\/\/www.diarioimagen.net\/index.php?rest_route=%2Fwp%2Fv2%2Ftags&post=122711"}],"curies":[{"name":"wp","href":"https:\/\/api.w.org\/{rel}","templated":true}]}}