{"id":122729,"date":"2013-02-27T00:03:00","date_gmt":"2013-02-27T06:03:00","guid":{"rendered":"http:\/\/www.diarioimagen.net\/?p=122729"},"modified":"2013-02-27T02:04:37","modified_gmt":"2013-02-27T08:04:37","slug":"el-fin-de-un-poder-factico","status":"publish","type":"post","link":"https:\/\/www.diarioimagen.net\/?p=122729","title":{"rendered":"\u00bfEl fin de un poder f\u00e1ctico?"},"content":{"rendered":"<h2>Detr\u00e1s del Poder<\/h2>\n<h5>Jos\u00e9 Antonio L\u00f3pez Sosa<\/h5>\n<p>&nbsp;<\/p>\n<p>Hace poco m\u00e1s de un a\u00f1o, el 23 de enero, publiqu\u00e9 en esta columna lo siguiente con relaci\u00f3n al poder f\u00e1ctico que significa Elba Esther Gordillo Morales:<\/p>\n<p>\u201cLa lideresa del Sindicato Nacional de Trabajadores de la Educaci\u00f3n (SNTE), que m\u00e1s bien act\u00faa como si fuese la due\u00f1a del mismo, representa en s\u00ed misma uno de los poderes f\u00e1cticos m\u00e1s fuertes en el pa\u00eds.<\/p>\n<p>Su poder transita entre lo real y lo irreal, en el terreno legal no tiene m\u00e1s que el liderazgo de un millonario sindicato, en el terreno de facto posee un partido pol\u00edtico -Partido Nueva Alianza (Panal)- un pacto con el presidente Calder\u00f3n, lujos, dinero y sobre todo, poder coercitivo sobre muchos pol\u00edticos en este pa\u00eds.<\/p>\n<p>Sus excesos le han llevado a romper con el Partido Revolucionario Institucional (PRI), en un nepotismo grosero que no fue aceptado por la dirigencia pri\u00edsta -al querer llevar al Senado a su hija y yerno- se ha quedado sola con su partido en apariencia.<\/p>\n<p>La dimisi\u00f3n la leo con dos matices: el positivo, para la imagen del PRI y el negativo por la estructura electoral que han perdido al separarse del Panal.<\/p>\n<p>Ahora bien, en el PAN se vislumbra dif\u00edcil una alianza, despu\u00e9s de las declaraciones, tanto de Gordillo como de V\u00e1zquez Mota. Con el PRD es pr\u00e1cticamente imposible por la postura de Andr\u00e9s Manuel L\u00f3pez Obrador, la pregunta es \u00bfcon qui\u00e9n se aliar\u00e1 Gordillo Morales y el Panal?<\/p>\n<p>Me parece que la lucha ser\u00e1 por no perder el registro, tener uno o dos diputados plurinominales y hacer la guerra sucia a quien considere su peor enemigo electoralmente hablando, pareciera que en esta elecci\u00f3n no habr\u00e1 una alianza para sumar como hace 6 a\u00f1os (cuando Elba Esther se ali\u00f3 a Calder\u00f3n por debajo de la mesa), ahora el reto ser\u00e1 restar votos, la pregunta de nuevo \u00bfa qui\u00e9n?<\/p>\n<p>Todos le temen a la \u201cmaestra\u201d, el poder f\u00e1ctico que ostenta pareciera ser de pronto muy grande y a veces muy peque\u00f1o, lo que es un hecho es que pocos pol\u00edticos se atreven a desde\u00f1ar ese poder\u00edo basado en la compra o adquisici\u00f3n de voluntades ajenas.<\/p>\n<p>\u00bfQu\u00e9 pasar\u00e1 con el Panal?, \u00bfqu\u00e9 pasar\u00e1 con Elba Esther Gordillo en el sentido electoral?, preguntas sin respuesta.<\/p>\n<p>Como mexicanos, considero que lo mejor que nos pudiera pasar es que el Panal perdiera su registro.\u201d<\/p>\n<p>El tiempo pas\u00f3, el registro no se perdi\u00f3 pero fue la lideresa del Panal y del SNTE, la que ha perdido su libertad por una sola raz\u00f3n, por delincuente.<\/p>\n<p><em><a href=\"mailto:lopez.sosa@mexico.com\" target=\"_blank\">lopez.sosa@mexico.com<\/a><\/em><br \/>\n<em><a href=\"http:\/\/twitter.com\/#%21\/joseantonio1977\" target=\"_blank\">@joseantonio1977<br \/>\n<\/a><\/em><em><a href=\"http:\/\/www.formulaconfidencial.com.mx\/\" target=\"_blank\">www.formulaconfidencial.com.mx<\/a><\/em><\/p>\n","protected":false},"excerpt":{"rendered":"<p><span style=\"color: #005497;\"><strong>Jos\u00e9 Antonio L\u00f3pez Sosa<\/strong><\/span><\/p>\n","protected":false},"author":1,"featured_media":0,"comment_status":"open","ping_status":"open","sticky":false,"template":"","format":"standard","meta":{"_monsterinsights_skip_tracking":false,"_monsterinsights_sitenote_active":false,"_monsterinsights_sitenote_note":"","_monsterinsights_sitenote_category":0,"footnotes":""},"categories":[637],"tags":[638,2873,43690,43674],"class_list":["post-122729","post","type-post","status-publish","format-standard","hentry","category-jose-antonio-lopez-sosa","tag-detras-del-poder","tag-elba-esther-gordillo-morales","tag-jose-antonio-lopez-sosa","tag-opinion"],"_links":{"self":[{"href":"https:\/\/www.diarioimagen.net\/index.php?rest_route=\/wp\/v2\/posts\/122729","targetHints":{"allow":["GET"]}}],"collection":[{"href":"https:\/\/www.diarioimagen.net\/index.php?rest_route=\/wp\/v2\/posts"}],"about":[{"href":"https:\/\/www.diarioimagen.net\/index.php?rest_route=\/wp\/v2\/types\/post"}],"author":[{"embeddable":true,"href":"https:\/\/www.diarioimagen.net\/index.php?rest_route=\/wp\/v2\/users\/1"}],"replies":[{"embeddable":true,"href":"https:\/\/www.diarioimagen.net\/index.php?rest_route=%2Fwp%2Fv2%2Fcomments&post=122729"}],"version-history":[{"count":0,"href":"https:\/\/www.diarioimagen.net\/index.php?rest_route=\/wp\/v2\/posts\/122729\/revisions"}],"wp:attachment":[{"href":"https:\/\/www.diarioimagen.net\/index.php?rest_route=%2Fwp%2Fv2%2Fmedia&parent=122729"}],"wp:term":[{"taxonomy":"category","embeddable":true,"href":"https:\/\/www.diarioimagen.net\/index.php?rest_route=%2Fwp%2Fv2%2Fcategories&post=122729"},{"taxonomy":"post_tag","embeddable":true,"href":"https:\/\/www.diarioimagen.net\/index.php?rest_route=%2Fwp%2Fv2%2Ftags&post=122729"}],"curies":[{"name":"wp","href":"https:\/\/api.w.org\/{rel}","templated":true}]}}