{"id":122826,"date":"2013-02-28T00:01:22","date_gmt":"2013-02-28T06:01:22","guid":{"rendered":"http:\/\/www.diarioimagen.net\/?p=122826"},"modified":"2013-02-28T02:42:42","modified_gmt":"2013-02-28T08:42:42","slug":"del-23-de-marzo-al-6-de-abril-el-festival-cultural-de-zacatecas-2013","status":"publish","type":"post","link":"https:\/\/www.diarioimagen.net\/?p=122826","title":{"rendered":"Del 23 de marzo al 6 de abril el Festival Cultural de Zacatecas 2013"},"content":{"rendered":"<h2>De cinco estrellas<\/h2>\n<h5>Victoria Gonz\u00e1lez Prado<\/h5>\n<p>&nbsp;<\/p>\n<ul>\n<li><em><strong>Vuelos nacionales e internacionales de Quito, ahora desde el nuevo aeropuerto<\/strong><\/em><\/li>\n<li><em><strong>Victoria Campos estrena cargo como directora de mercadotecnia y ventas<\/strong><\/em><\/li>\n<li><em><strong>Andr\u00e9s Conesa es el nuevo presidente de la Canaero<\/strong><\/em><\/li>\n<li><em><strong>Disfruta este fin de semana en Acapulco, con una vista inigualable de la bah\u00eda\u00a0<\/strong><\/em><\/li>\n<\/ul>\n<div id=\"attachment_122936\" style=\"width: 262px\" class=\"wp-caption alignleft\"><a href=\"http:\/\/www.diarioimagen.net\/wp-content\/uploads\/2013\/02\/turismo-2046.jpg\"><img loading=\"lazy\" decoding=\"async\" aria-describedby=\"caption-attachment-122936\" class=\" wp-image-122936  \" alt=\"Zacatecas estar\u00e1 de fiesta.\" src=\"http:\/\/www.diarioimagen.net\/wp-content\/uploads\/2013\/02\/turismo-2046-420x275.jpg\" width=\"252\" height=\"165\" \/><\/a><p id=\"caption-attachment-122936\" class=\"wp-caption-text\">Zacatecas estar\u00e1 de fiesta.<\/p><\/div>\n<p>Del 23 de marzo al 6 de abril se realizar\u00e1 el Festival Cultural Zacatecas 2013, al que se le han invertido 28 millones de pesos, dijo el gobernador <b>Miguel Alonso Reyes<\/b>. Es el festival m\u00e1s emblem\u00e1tico de la entidad y este a\u00f1o llega a su versi\u00f3n XXVII. As\u00ed, durante dos semanas en la capital del estado y en 25 municipios se presentar\u00e1n m\u00e1s de 500 eventos art\u00edsticos y culturales. Lo interesante es que el 75%\u00a0 de ellos ser\u00e1n protagonizados por artistas locales. Una de las aspiraciones del gobierno de esa entidad\u00a0 \u201ces convertir a Zacatecas en un destino cultural por excelencia\u201d, dijo el gobernador. Adem\u00e1s, el festival celebrar\u00e1 el 20 aniversario del nombramiento de Zacatecas como Patrimonio Cultural de la Humanidad, y rendir\u00e1 homenaje a una de las grandes poetizas mexicanas, <b>Dolores Castro<\/b>, quien agradeci\u00f3 la distinci\u00f3n y dijo que durante ese reconocimiento se hablar\u00e1 de su obra literaria y se organizar\u00e1n recitales alrededor de lo que ha escrito. La autora de la novela \u201cLa ciudad y el viento\u201d y \u00a0\u00a0Premio Nacional de Poes\u00eda Mazatl\u00e1n, coment\u00f3 que ella quiere \u201cconocer Zacatecas de una manera m\u00e1s \u00edntima, ir a Jerez y a otras partes, porque s\u00ed creo que en la provincia est\u00e1 la salvaci\u00f3n\u201d. M\u00e1s informaci\u00f3n:\u00a0\u00a0 <a href=\"http:\/\/www.zacatecas.gob.mx\/\"><span style=\"text-decoration: underline;\">www.zacatecas.gob.mx<\/span><\/a><\/p>\n<p><i>\u2730\u2730\u2730\u2730\u2730<\/i>\u00a0Desde el pasado 20 de febrero, todos los vuelos operados por <i>TACA Airlines<\/i> y <i>AeroGal,<\/i> aerol\u00edneas miembros de <i>AviancaTaca Holding<\/i>, con origen o destino Quito, Ecuador, operan desde el nuevo Aeropuerto Internacional Mariscal Sucre, ubicado a 40 kil\u00f3metros al este de la capital ecuatoriana. La terminal a\u00e9rea situada en Tababela re\u00fane las operaciones a\u00e9reas nacionales e internacionales que tocan la capital de Ecuador. En l\u00ednea con este hecho, la compa\u00f1\u00eda recuerda a los viajeros que el traslado desde el centro de la capital hasta el aeropuerto tomar\u00e1 cerca de 90 minutos. De igual forma, reitera que de acuerdo con las normas que rigen la operaci\u00f3n a\u00e9rea en Ecuador, los viajeros deben presentarse con la anticipaci\u00f3n debida para el chequeo previo a la salida de su respectivo\u00a0 vuelo. Noventa minutos de anticipaci\u00f3n para vuelos nacionales; tres horas de anticipaci\u00f3n para vuelos internacionales. Desde el Aeropuerto Mariscal Sucre de Quito, <i>AeroGal<\/i> opera vuelos a Guayaquil, Cuenca, Manta, Coca, San Crist\u00f3bal, Baltra, al interior de Ecuador. De igual forma, opera en c\u00f3digo compartido con <i>Avianca<\/i> y <i>TACA<\/i> los vuelos que conectan a Quito con Bogot\u00e1, Medell\u00edn y Lima, respectivamente. Por su parte, <i>TACA Airlines <\/i>opera desde esta terminal los vuelos que enlazan a la capital de Ecuador con San Salvador y San Jos\u00e9 de Costa Rica. El servicio de carga nacional v\u00eda <i>AeroGal<\/i> se mantiene desde el centro de acopio en la ciudad -Pasaje La Bombonerita y De los Rosales-. Para mayor informaci\u00f3n sobre el estado de su vuelo, los viajeros pueden contactarse a trav\u00e9s de la l\u00ednea gratuita1800 AeroGal dentro de Ecuador o 593-2 2942800, para viajeros que est\u00e1n fuera del pa\u00eds.<\/p>\n<p><i>\u2730\u2730\u2730\u2730\u2730<\/i>\u00a0<b>Ricardo Acevedo<\/b>, director general del hotel <i>Four Seasons <\/i>de la ciudad de M\u00e9xico, anuncia el nombramiento de <b>Victoria Campos \u00c1lvarez<\/b> como nueva directora de mercadotecnia y ventas del hotel. <b>Victoria, <\/b>no es nueva en esta prestigiada compa\u00f1\u00eda hotelera. De 1997 a 1999 colabor\u00f3 en el\u00a0 hotel <i>Four Seasons<\/i> de esta ciudad como gerente de ventas <i>senior,<\/i> responsable de grupos para el territorio este de Estados Unidos y tambi\u00e9n de la Rep\u00fablica mexicana. A finales de 1999 fue llamada a colaborar en el <i>hotel Four Seasons Resort <\/i>Punta Mita con el cargo de directora de ventas y mercadeo responsable de los departamentos de ventas, reservaciones y <i>revenue management<\/i>.\u00a0 En este hotel permaneci\u00f3 hasta el a\u00f1o 2004. Posteriormente ocup\u00f3 hasta 2009 el puesto de directora de ventas de <i>Hilton International,<\/i> siendo responsable de la administraci\u00f3n de la oficina corporativa en la ciudad de M\u00e9xico, adem\u00e1s de dirigir al equipo de ventas responsable de las \u00e1reas de mayoreo, viajes de negocio, <i>Leisure <\/i>y grupos para 3 mil hoteles alrededor del mundo, incluyendo 22 hoteles en M\u00e9xico. <b>Victoria Campos<\/b> tuvo el privilegio de trabajar en el hotel <i>Mandarin Oriental<\/i> de la Riviera Maya, hasta que el hotel cerr\u00f3 en el a\u00f1o 2011.<b> <\/b>\u201cDespu\u00e9s de 14 a\u00f1os estoy muy feliz de regresar a este maravilloso hotel y encontrarlo tan bello como siempre y tan bien posicionado\u201d, coment\u00f3 <b>Victoria.<\/b> \u201cEl servicio y la calidad lo hace el \u00fanico hotel con Cinco Diamantes de la ciudad y seguiremos siendo el mejor\u201d, finaliz\u00f3 con mucho entusiasmo. <b>Acevedo<\/b> indic\u00f3 que seguramente la experiencia en compa\u00f1\u00edas hoteleras de lujo con la cual cuenta Victoria ser\u00e1 invaluable para seguir siendo el hotel l\u00edder de la ciudad.<\/p>\n<p><i>\u2730\u2730\u2730\u2730\u2730<\/i>\u00a0La C\u00e1mara Nacional de Aerotransportes (Canaero) inform\u00f3 que el Consejo Directivo reunido en Asamblea General Extraordinaria eligi\u00f3 por unanimidad de votos a <b>Andr\u00e9s Conesa<\/b>, director general de Aerom\u00e9xico, para ocupar el cargo de presidente del Consejo Directivo de la c\u00e1mara para el presente periodo que finaliza el 29 de enero de 2014. Se informa tambi\u00e9n que la mesa directiva y la presidencia ejecutiva de la c\u00e1mara reci\u00e9n ratificados en la Asamblea General Ordinaria del pasado 30 de enero continuar\u00e1n sin cambios en su conformaci\u00f3n para el periodo que fueron electos. El nombramiento de <b>Andr\u00e9s Conesa<\/b> fortalece la unidad de la c\u00e1mara y permite dar continuidad al plan de trabajo anteriormente aprobado por sus miembros para el a\u00f1o 2013 que permita la formulaci\u00f3n, promulgaci\u00f3n e implementaci\u00f3n de un marco regulatorio; que contemple entre otros, una mayor eficiencia la estructura de costos de la industria, una mejora regulatoria y normativa, facilite el viaje de los pasajeros, adem\u00e1s de generar los incentivos para la inversi\u00f3n en infraestructura que requiere el sector a\u00e9reo. La Canaero como representante de la industria a\u00e9rea en M\u00e9xico continuar\u00e1 trabajando en favor del crecimiento y desarrollo de esta importante actividad econ\u00f3mica para el pa\u00eds.\u00a0As\u00ed la mesa directiva qued\u00f3 integrada por los vicepresidentes: <b>Alfonso Ascencio<\/b> de Volaris; <b>Alejandro Cobi\u00e1n<\/b> de <i>Mas Air; <\/i><b>Rodrigo Romero<\/b> de <i>United-Continental<\/i>\u00a0 y <b>Marcos Shuster<\/b> de AON, como tesorero.<\/p>\n<p><i>\u2730\u2730\u2730\u2730\u2730<\/i>\u00a0Ubicado en la parte m\u00e1s alta del fraccionamiento Brisas Marqu\u00e9s, ofrece una vista inigualable de la bah\u00eda y oc\u00e9ano Pac\u00edfico, es uno de los lugares m\u00e1s paradis\u00edacos del mundo. Con motivo del Abierto Mexicano de Tenis, Encanto Acapulco, <strong>hotel galer\u00eda de lujo<\/strong><strong>,<\/strong> te invita a disfrutar este fin de semana a cualquier hora del d\u00eda del nuevo <i>hotspot <\/i>del bello puerto.<b> <\/b>En el desayunador, un cl\u00e1sico de la ciudad, podr\u00e1s disfrutar del clima al aire libre y regoc\u00edjate con la sorprendente y hermosa vista al oc\u00e9ano Pac\u00edfico, sin dejar de mencionar su gran variedad de deliciosos platillos regionales en restaurante de Encanto Acapulco, que sin duda ayudar\u00e1n a empezar el d\u00eda con la mejor actitud. El <i>Pool Deck<\/i> te sorprender\u00e1. Su alberca de m\u00e1s de 50 metros de largo, que se extiende por el hotel y juega con la vegetaci\u00f3n que le rodea; adem\u00e1s permite disfrutar de la vista panor\u00e1mica y de la brisa del mar abierto. Podr\u00e1s tambi\u00e9n contemplar <strong>la puesta de sol sobre las aguas<\/strong> mientras tomas un delicioso coctel en la terraza y disfrutas un buen rato con amigos en sus c\u00f3modos <i>pool lounges<\/i>. El <i>Sunset Bar<\/i>, con una vista excepcional lo convierten en el mejor lugar para degustar un extenso men\u00fa de cocteles y poder disfrutar el espect\u00e1culo que conforman la bah\u00eda de Acapulco, el oc\u00e9ano Pac\u00edfico y el bell\u00edsimo atardecer.<b> <\/b>Para cenar est\u00e1 el restaurante principal, en colaboraci\u00f3n con una de las chefs m\u00e1s reconocidas de M\u00e9xico, <b>M\u00f3nica Pati\u00f1o<\/b>, la cual cre\u00f3 un men\u00fa \u00fanico, con sabores tradicionales e inigualables de Acapulco. Adem\u00e1s de estos cuatro excepcionales lugares dentro del hotel, podr\u00e1s disfrutar de los partidos del abierto en nuestra sala de cine totalmente equipada con 60 butacas con un sistema de proyecci\u00f3n de alta tecnolog\u00eda. Y si el deporte no es lo tuyo, <b>Fernando Bermejo<\/b> expone su obra en cajas de luces, creando as\u00ed un espacio de melanc\u00f3lica y buc\u00f3lica poes\u00eda.<i>\u00a0<\/i><\/p>\n<p><i><em><a href=\"mailto:victoriagprado@gmail.com\" target=\"_blank\">victoriagprado@gmail.com<\/a><\/em><\/i><\/p>\n<p>&nbsp;<\/p>\n","protected":false},"excerpt":{"rendered":"<p>Del 23 de marzo al 6 de abril se realizar\u00e1 el Festival Cultural Zacatecas 2013, al que se le han invertido 28 millones de pesos, dijo el gobernador Miguel Alonso Reyes.<\/p>\n","protected":false},"author":1,"featured_media":0,"comment_status":"open","ping_status":"open","sticky":false,"template":"","format":"standard","meta":{"_monsterinsights_skip_tracking":false,"_monsterinsights_sitenote_active":false,"_monsterinsights_sitenote_note":"","_monsterinsights_sitenote_category":0,"footnotes":""},"categories":[11],"tags":[107,43681,106],"class_list":["post-122826","post","type-post","status-publish","format-standard","hentry","category-turismo","tag-de-cinco-estrellas","tag-turismo","tag-victoria-gonzalez-prado"],"_links":{"self":[{"href":"https:\/\/www.diarioimagen.net\/index.php?rest_route=\/wp\/v2\/posts\/122826","targetHints":{"allow":["GET"]}}],"collection":[{"href":"https:\/\/www.diarioimagen.net\/index.php?rest_route=\/wp\/v2\/posts"}],"about":[{"href":"https:\/\/www.diarioimagen.net\/index.php?rest_route=\/wp\/v2\/types\/post"}],"author":[{"embeddable":true,"href":"https:\/\/www.diarioimagen.net\/index.php?rest_route=\/wp\/v2\/users\/1"}],"replies":[{"embeddable":true,"href":"https:\/\/www.diarioimagen.net\/index.php?rest_route=%2Fwp%2Fv2%2Fcomments&post=122826"}],"version-history":[{"count":0,"href":"https:\/\/www.diarioimagen.net\/index.php?rest_route=\/wp\/v2\/posts\/122826\/revisions"}],"wp:attachment":[{"href":"https:\/\/www.diarioimagen.net\/index.php?rest_route=%2Fwp%2Fv2%2Fmedia&parent=122826"}],"wp:term":[{"taxonomy":"category","embeddable":true,"href":"https:\/\/www.diarioimagen.net\/index.php?rest_route=%2Fwp%2Fv2%2Fcategories&post=122826"},{"taxonomy":"post_tag","embeddable":true,"href":"https:\/\/www.diarioimagen.net\/index.php?rest_route=%2Fwp%2Fv2%2Ftags&post=122826"}],"curies":[{"name":"wp","href":"https:\/\/api.w.org\/{rel}","templated":true}]}}