{"id":122843,"date":"2013-02-28T00:04:53","date_gmt":"2013-02-28T06:04:53","guid":{"rendered":"http:\/\/www.diarioimagen.net\/?p=122843"},"modified":"2013-02-28T02:45:44","modified_gmt":"2013-02-28T08:45:44","slug":"los-desaparecidos","status":"publish","type":"post","link":"https:\/\/www.diarioimagen.net\/?p=122843","title":{"rendered":"Los desaparecidos"},"content":{"rendered":"<h2>Punto por punto<\/h2>\n<h5>Augusto Corro<\/h5>\n<p>&nbsp;<\/p>\n<p>Con la denominada guerra contra la delincuencia organizada, el tejido social mexicano sufri\u00f3\u00a0 da\u00f1os irreparables.\u00a0 El enfrentamiento entre los c\u00e1rteles de la droga y la fuerza p\u00fablica provoc\u00f3 m\u00e1s de 70 mil personas muertas.<\/p>\n<p>En ese lapso de lucha que se recrudeci\u00f3 a partir del sexenato de Felipe Calder\u00f3n, la poblaci\u00f3n ha sido v\u00edctima de la espiral de violencia que no previ\u00f3 niveles de pobreza o de riqueza.\u00a0 Una vez instaladas las franquicias de c\u00e1rteles en todo el pa\u00eds, empezaron a suceder los secuestros, las desapariciones (incluidas las forzadas) que suman 26 mil 121.<\/p>\n<p>Es decir, no se sabe el paradero de tanta gente que no pudo desaparecer como por encanto.<\/p>\n<p>Calder\u00f3n, al declarar su guerra fallida a la delincuencia, no tom\u00f3 en cuenta los hechos que se derivar\u00edan de esa acci\u00f3n unilateral.\u00a0 No contaba con fuerza p\u00fablica preparada para derrotar a los c\u00e1rteles de la droga que en su administraci\u00f3n se multiplicaron como hongos.\u00a0 La corrupci\u00f3n, violencia e impunidad se conjugaron para que las personas perecieran o desaparecieran.\u00a0\u00a0 En los estados norte\u00f1os, no solamente se dieron esos casos, sino que familias enteras se vieron obligadas a dejar sus casas y sus tierras ante el temor de sufrir agresiones por parte de la delincuencia.<\/p>\n<p>Por todas las razones imaginables, hombres y mujeres de diferentes edades salieron de sus hogares y nunca regresaron.<\/p>\n<p>Se inici\u00f3 un proceso de denuncias de desaparecidos que nunca fue atendido, formalmente, por alguna autoridad.<\/p>\n<p>Cuando se trataba de alguna joven, la respuesta f\u00e1cil de la polic\u00eda era que la desaparecida se hab\u00eda ido con el novio.<\/p>\n<p>Sin embargo, las cifras de desaparecidos crecieron con el paso del tiempo.\u00a0 Las autoridades municipales, estatales y federales no ten\u00edan tiempo en su lucha contra la delincuencia, menos para atender los reclamos de justicia de miles de desaparecidos.<\/p>\n<p>Fue la corrupci\u00f3n la que permiti\u00f3 el desarrollo de la violencia y sus diversos elementos como el secuestro, las desapariciones y el sinn\u00famero de personas que perdieron la vida.<\/p>\n<p>En el gobierno de Calder\u00f3n tal vez con la idea de que las cifras de v\u00edctimas no fuera tan abultada, ni siquiera se contaba con un registro de los desaparecidos, menos de los muertos.<\/p>\n<p>Por eso, en la Secretar\u00eda de Gobernaci\u00f3n se buscar\u00e1 integrar el Registro Nacional de Personas Desaparecidas. Con esa idea debi\u00f3 empezar Calder\u00f3n su guerra fallida contra la delincuencia; pero actu\u00f3 de diferente manera.\u00a0 Entre la gravedad de confrontaci\u00f3n entre buenos y malos, la honorabilidad de muchos ciudadanos qued\u00f3 en entredicho. Nunca se supieron los motivos de la muerte de la gente que estuvo en la hora y en el lugar equivocado.<\/p>\n<p>La noticia positiva de las autoridades federales es en el sentido de que \u201cla b\u00fasqueda de una sola persona es prioridad de este gobierno, por lo que se solicitar\u00e1 a Human Rights Watch (HRW), la Comisi\u00f3n Nacional de los Derechos Humanos (CNDH), ProV\u00edctima y organizaciones de la sociedad civil, que compartan sus bases de datos para \u201ccruzar\u201d la informaci\u00f3n.<\/p>\n<p>Quiero entender que se tratar\u00e1 de un inter\u00e9s com\u00fan y real entre las autoridades y las organizaciones citadas para la b\u00fasqueda de desaparecidos.\u00a0 Es primordial el buen trato a las parientes de las v\u00edctimas que debe incluir la atenci\u00f3n de los bur\u00f3cratas con amabilidad y cortes\u00eda.<\/p>\n<p>Suficiente dolor han padecido los familiares o amigos de los desaparecidos para que su calvario contin\u00fae en las oficinas de los bur\u00f3cratas deshumanizados.<\/p>\n<p>Con la base de datos se pondr\u00e1 en marcha \u201cun protocolo de b\u00fasqueda\u201d, que esperamos, ofrezca resultados positivos inmediatamente.\u00a0 En s\u00edntesis, se pronostica la llegada del orden en un rengl\u00f3n abandonado en la lucha unilateral de Calder\u00f3n contra el crimen organizado.<\/p>\n<p>Por lo menos, sabremos qu\u00e9 les ocurri\u00f3, qu\u00e9 padecieron o d\u00f3nde se encuentran miles de seres humanos, que en el presente no aparecen en ninguna lista.<\/p>\n<p><em><a href=\"mailto:aco2742@hotmail.com\" target=\"_blank\">aco2742@hotmail.com<\/a><\/em><\/p>\n","protected":false},"excerpt":{"rendered":"<p><span style=\"color: #005497;\"><strong>Augusto Corro<\/strong><\/span><\/p>\n","protected":false},"author":1,"featured_media":0,"comment_status":"open","ping_status":"open","sticky":false,"template":"","format":"standard","meta":{"_monsterinsights_skip_tracking":false,"_monsterinsights_sitenote_active":false,"_monsterinsights_sitenote_note":"","_monsterinsights_sitenote_category":0,"footnotes":""},"categories":[157],"tags":[43686,22499,43674,11515],"class_list":["post-122843","post","type-post","status-publish","format-standard","hentry","category-augusto-corro","tag-augusto-corro","tag-desaparecidos","tag-opinion","tag-punto-por-punto"],"_links":{"self":[{"href":"https:\/\/www.diarioimagen.net\/index.php?rest_route=\/wp\/v2\/posts\/122843","targetHints":{"allow":["GET"]}}],"collection":[{"href":"https:\/\/www.diarioimagen.net\/index.php?rest_route=\/wp\/v2\/posts"}],"about":[{"href":"https:\/\/www.diarioimagen.net\/index.php?rest_route=\/wp\/v2\/types\/post"}],"author":[{"embeddable":true,"href":"https:\/\/www.diarioimagen.net\/index.php?rest_route=\/wp\/v2\/users\/1"}],"replies":[{"embeddable":true,"href":"https:\/\/www.diarioimagen.net\/index.php?rest_route=%2Fwp%2Fv2%2Fcomments&post=122843"}],"version-history":[{"count":0,"href":"https:\/\/www.diarioimagen.net\/index.php?rest_route=\/wp\/v2\/posts\/122843\/revisions"}],"wp:attachment":[{"href":"https:\/\/www.diarioimagen.net\/index.php?rest_route=%2Fwp%2Fv2%2Fmedia&parent=122843"}],"wp:term":[{"taxonomy":"category","embeddable":true,"href":"https:\/\/www.diarioimagen.net\/index.php?rest_route=%2Fwp%2Fv2%2Fcategories&post=122843"},{"taxonomy":"post_tag","embeddable":true,"href":"https:\/\/www.diarioimagen.net\/index.php?rest_route=%2Fwp%2Fv2%2Ftags&post=122843"}],"curies":[{"name":"wp","href":"https:\/\/api.w.org\/{rel}","templated":true}]}}