{"id":122856,"date":"2013-02-28T00:03:57","date_gmt":"2013-02-28T06:03:57","guid":{"rendered":"http:\/\/www.diarioimagen.net\/?p=122856"},"modified":"2013-02-28T02:46:21","modified_gmt":"2013-02-28T08:46:21","slug":"los-que-siguen-2","status":"publish","type":"post","link":"https:\/\/www.diarioimagen.net\/?p=122856","title":{"rendered":"Los que siguen"},"content":{"rendered":"<h2>Detr\u00e1s del Poder<\/h2>\n<h5>Jos\u00e9 Antonio L\u00f3pez Sosa<\/h5>\n<p>&nbsp;<\/p>\n<p>Dec\u00eda don Benito Ju\u00e1rez \u201ca los amigos la justicia y la gracia, a los enemigos la justicia a secas\u201d.<\/p>\n<p>Esa constante forma parte de la idiosincrasia de la clase pol\u00edtica mexicana, donde la justicia lejos ser ciega, tiene ojos que refieren a los enemigos de un r\u00e9gimen, de un partido o de un pol\u00edtico.<\/p>\n<p>Evidentemente la detenci\u00f3n de Elba Esther Gordillo Morales no requiri\u00f3 -hasta donde entendemos y creemos-, de sembrar delitos como fue el caso de Joaqu\u00edn Hern\u00e1ndez Galicia \u201cLa Quina\u201d en los albores del sexenio de Carlos Salinas de Gortari, donde la fuerza presidencial se impuso al liderazgo caciquil de uno de los sindicatos m\u00e1s fuertes y adinerados del pa\u00eds, el de petroleros.<\/p>\n<p>En este caso parece que bast\u00f3 investigar a fondo esas irregularidades que el senador Ernesto Cordero -ex secretario de Hacienda- dice que no vieron durante la administraci\u00f3n de Felipe Calder\u00f3n, para concretar el caso.<\/p>\n<p>Ahora bien, no podemos obviar el distanciamiento pol\u00edtico entre Elba Esther Gordillo y Enrique Pe\u00f1a (tambi\u00e9n con el secretario de Educaci\u00f3n, Emilio Chuayffet) sobre todo por el tema de la reforma educativa. As\u00ed las variables se acomodan para dejarnos ver que la justicia s\u00ed actu\u00f3, pero que el aderezo pol\u00edtico estuvo implicado.<\/p>\n<p>Hay muchos otros liderazgos que merecen ser investigados y en todo caso, sancionados.<\/p>\n<p>El caso m\u00e1s claro es del l\u00edder petrolero Carlos Romero Deschamps, actual senador de la Rep\u00fablica en cuya persona han reca\u00eddo cuantiosos esc\u00e1ndalos por dispendios y excesos cual millonario, lo mismo que en su estirpe.<\/p>\n<p>El problema con Romero Deschamps es que, por un lado es senador -con toda la protecci\u00f3n que el cargo le otorga- y por el otro, que es pri\u00edsta, del mismo partido que el presidente Pe\u00f1a Nieto.<\/p>\n<p>No podemos asegurar la delincuencia de Romero Deschamps, eso lo tendr\u00e1 que determinar un juez, sin embargo, si el presidente Pe\u00f1a Nieto quiere ganar la credibilidad ciudadana en torno al ataque a los liderazgos corruptos, deber\u00e1 investigar tambi\u00e9n a este individuo y comprobar a la ciudadan\u00eda, si sus bienes, gastos y nivel de vida, corresponden a lo que l\u00edcitamente ha ganado en sus a\u00f1os como trabajador petrolero y en todo caso, con su dieta sindical.<\/p>\n<p>Otros liderazgos menores -y no por ello poco importantes- como el de V\u00edctor Flores, l\u00edder del sindicato ferrocarrilero, y V\u00edctor Fuentes, l\u00edder del Sindicato \u00danico de Trabajadores Electricistas de la Rep\u00fablica Mexicana (SUTERM), ambos tambi\u00e9n pri\u00edstas ser\u00e1n otro punto medular para comprobar si esa frase de Ju\u00e1rez tiene vigencia o no en la administraci\u00f3n de Enrique Pe\u00f1a Nieto.<\/p>\n<p>Podemos llenar esta columna con m\u00e1s nombres, pol\u00edticos, l\u00edderes sindicales y empresarios, por cierto, otra investigaci\u00f3n pendiente es la relativa a Gast\u00f3n Azc\u00e1rraga y el caso Mexicana.<\/p>\n<p>Las malas lenguas dicen que est\u00e1n presionando a la juez para que Mexicana de Aviaci\u00f3n se declare en quiebra despu\u00e9s de septiembre, de este modo habr\u00e1 prescrito cualquier acci\u00f3n legal contra Gast\u00f3n Azc\u00e1rraga y sus asociados.<\/p>\n<p>Comenz\u00f3 con el pie derecho la administraci\u00f3n de Enrique Pe\u00f1a en este sentido, sin embargo, no es suficiente, hay m\u00e1s en la lista que de no investigarse, nos har\u00e1 pensar que fue tan s\u00f3lo una venganza pol\u00edtica, como la de Calder\u00f3n contra el SME o, la de Salinas contra \u201cLa Quina\u201d.<\/p>\n<p><em><a href=\"mailto:lopez.sosa@mexico.com\" target=\"_blank\">lopez.sosa@mexico.com<\/a><\/em><br \/>\n<em><a href=\"http:\/\/twitter.com\/#%21\/joseantonio1977\" target=\"_blank\">@joseantonio1977<br \/>\n<\/a><\/em><em><a href=\"http:\/\/www.formulaconfidencial.com.mx\/\" target=\"_blank\">www.formulaconfidencial.com.mx<\/a><\/em><\/p>\n","protected":false},"excerpt":{"rendered":"<p><span style=\"color: #005497;\"><strong>Jos\u00e9 Antonio L\u00f3pez Sosa<\/strong><\/span><\/p>\n","protected":false},"author":1,"featured_media":0,"comment_status":"open","ping_status":"open","sticky":false,"template":"","format":"standard","meta":{"_monsterinsights_skip_tracking":false,"_monsterinsights_sitenote_active":false,"_monsterinsights_sitenote_note":"","_monsterinsights_sitenote_category":0,"footnotes":""},"categories":[637],"tags":[638,2873,43690,43674],"class_list":["post-122856","post","type-post","status-publish","format-standard","hentry","category-jose-antonio-lopez-sosa","tag-detras-del-poder","tag-elba-esther-gordillo-morales","tag-jose-antonio-lopez-sosa","tag-opinion"],"_links":{"self":[{"href":"https:\/\/www.diarioimagen.net\/index.php?rest_route=\/wp\/v2\/posts\/122856","targetHints":{"allow":["GET"]}}],"collection":[{"href":"https:\/\/www.diarioimagen.net\/index.php?rest_route=\/wp\/v2\/posts"}],"about":[{"href":"https:\/\/www.diarioimagen.net\/index.php?rest_route=\/wp\/v2\/types\/post"}],"author":[{"embeddable":true,"href":"https:\/\/www.diarioimagen.net\/index.php?rest_route=\/wp\/v2\/users\/1"}],"replies":[{"embeddable":true,"href":"https:\/\/www.diarioimagen.net\/index.php?rest_route=%2Fwp%2Fv2%2Fcomments&post=122856"}],"version-history":[{"count":0,"href":"https:\/\/www.diarioimagen.net\/index.php?rest_route=\/wp\/v2\/posts\/122856\/revisions"}],"wp:attachment":[{"href":"https:\/\/www.diarioimagen.net\/index.php?rest_route=%2Fwp%2Fv2%2Fmedia&parent=122856"}],"wp:term":[{"taxonomy":"category","embeddable":true,"href":"https:\/\/www.diarioimagen.net\/index.php?rest_route=%2Fwp%2Fv2%2Fcategories&post=122856"},{"taxonomy":"post_tag","embeddable":true,"href":"https:\/\/www.diarioimagen.net\/index.php?rest_route=%2Fwp%2Fv2%2Ftags&post=122856"}],"curies":[{"name":"wp","href":"https:\/\/api.w.org\/{rel}","templated":true}]}}