{"id":122895,"date":"2013-02-28T00:05:45","date_gmt":"2013-02-28T06:05:45","guid":{"rendered":"http:\/\/www.diarioimagen.net\/?p=122895"},"modified":"2013-03-01T03:54:59","modified_gmt":"2013-03-01T09:54:59","slug":"dinero-de-sindicatos-no-es-de-los-lideres-pena-nieto","status":"publish","type":"post","link":"https:\/\/www.diarioimagen.net\/?p=122895","title":{"rendered":"Dinero de sindicatos no es de los l\u00edderes: Pe\u00f1a Nieto"},"content":{"rendered":"<ul>\n<li><em><strong>El Presidente destaca que desde el inicio de su gobierno se comprometi\u00f3 a cumplir y hacer cumplir la ley<\/strong><\/em><\/li>\n<\/ul>\n<div id=\"attachment_122954\" style=\"width: 250px\" class=\"wp-caption alignleft\"><a href=\"http:\/\/www.diarioimagen.net\/wp-content\/uploads\/2013\/02\/epn-2046.jpg\"><img loading=\"lazy\" decoding=\"async\" aria-describedby=\"caption-attachment-122954\" class=\"size-medium wp-image-122954\" alt=\"El presidente Enrique Pe\u00f1a Nieto envi\u00f3 un mensaje por cadena nacional al pueblo de M\u00e9xico.\" src=\"http:\/\/www.diarioimagen.net\/wp-content\/uploads\/2013\/02\/epn-2046-240x135.jpg\" width=\"240\" height=\"135\" \/><\/a><p id=\"caption-attachment-122954\" class=\"wp-caption-text\">El presidente Enrique Pe\u00f1a Nieto envi\u00f3 un mensaje por cadena nacional al pueblo de M\u00e9xico.<\/p><\/div>\n<p>Enrique Pe\u00f1a Nieto emiti\u00f3 un mensaje en cadena nacional, tras la detenci\u00f3n de la lideresa del SNTE, Elba Esther Gordillo,\u00a0 en el cual se\u00f1al\u00f3 que la ley obliga a tratar a todos por igual e indic\u00f3 que los recursos de los sindicatos son de sus agremiados, no de sus dirigentes.<\/p>\n<p>El primer mandatario destac\u00f3 que los maestros son los pilares del sistema educativo y que su gobierno respeta\u00a0 la vida interna y la autonom\u00eda.<\/p>\n<p>\u201cSu labor es indispensable para iniciar una sociedad m\u00e1s justa y democr\u00e1tica\u201d, dijo.<\/p>\n<p>Asimismo, el Ejecutivo federal refrend\u00f3 su disposici\u00f3n para el di\u00e1logo franco y abierto en favor de la educaci\u00f3n, su labor es indispensable para iniciar una sociedad m\u00e1s justa y democr\u00e1tica.<\/p>\n<p>Desde el inicio de mi gobierno, me compromet\u00ed a cumplir y hacer cumplir la ley; esa es la primera obligaci\u00f3n que tengo como Presidente de la Rep\u00fablica.<\/p>\n<p align=\"center\"><b>Discurso completo<\/b><\/p>\n<p>La ley nos obliga a todos por igual y nadie puede estar por encima de ella. \u00c9ste es el principio b\u00e1sico del estado de Derecho.<\/p>\n<p>El procurador general de la Rep\u00fablica ha iniciado un proceso legal en contra de diversas personas, resultado de una investigaci\u00f3n que hace presumible la comisi\u00f3n de diversos delitos del fuero federal.<\/p>\n<p>Esta indagatoria deber\u00e1 continuar hasta sus \u00faltimas consecuencias, siempre con estricto apego a derecho.<\/p>\n<p>Para garantizar la aplicaci\u00f3n de la ley, he ordenado asegurar el debido proceso y que se respeten los derechos humanos de las personas implicadas.<\/p>\n<p>El Ejecutivo a mi cargo ser\u00e1 absolutamente respetuoso de la divisi\u00f3n de poderes y, espec\u00edficamente, de las resoluciones que emita el Poder Judicial de la Federaci\u00f3n sobre este caso.<\/p>\n<p>El proceso que se sigue, es estrictamente legal. Responde a las evidencias de un probable desv\u00edo il\u00edcito y ocultamiento de recursos del Sindicato Nacional de Trabajadores de la Educaci\u00f3n.<\/p>\n<p>Los recursos de los sindicatos, son de sus agremiados, no de sus dirigentes. Deben utilizarse en beneficio de los propios trabajadores.<\/p>\n<p>La actuaci\u00f3n de la Procuradur\u00eda General de la Rep\u00fablica, se realiza en defensa de los derechos del magisterio y del patrimonio de los maestros.<\/p>\n<p>Existe plena coordinaci\u00f3n entre el gobierno de la Rep\u00fablica y las autoridades estatales y del Distrito Federal.<\/p>\n<p>Se mantiene un di\u00e1logo respetuoso y constante con la dirigencia nacional del SNTE.<\/p>\n<p>En este espacio, reafirmo mi compromiso con los maestros de M\u00e9xico.<\/p>\n<p>Mi gobierno seguir\u00e1 siendo su aliado y trabajar\u00e1 para mejorar las condiciones en que cumplen la elevada misi\u00f3n de educar a los ciudadanos del ma\u00f1ana.<\/p>\n<p>Ustedes, maestras y maestros, son los pilares del Sistema Educativo Nacional.<\/p>\n<p>El gobierno de la Rep\u00fablica respeta la vida interna y la autonom\u00eda del Sindicato Nacional de Trabajadores de la Educaci\u00f3n, manifest\u00f3.<\/p>\n<p>Refrendo mi absoluta disposici\u00f3n a seguir fortaleciendo un di\u00e1logo abierto, franco y directo en favor de la educaci\u00f3n.<\/p>\n<p>&nbsp;<\/p>\n","protected":false},"excerpt":{"rendered":"<p>Enrique Pe\u00f1a Nieto emiti\u00f3 un mensaje en cadena nacional, tras la detenci\u00f3n de la lideresa del SNTE, Elba Esther Gordillo,  en el cual se\u00f1al\u00f3 que la ley obliga a tratar a todos por igual e indic\u00f3 que los recursos de los sindicatos son de sus agremiados, no de sus dirigentes.<\/p>\n","protected":false},"author":1,"featured_media":0,"comment_status":"open","ping_status":"open","sticky":false,"template":"","format":"standard","meta":{"_monsterinsights_skip_tracking":false,"_monsterinsights_sitenote_active":false,"_monsterinsights_sitenote_note":"","_monsterinsights_sitenote_category":0,"footnotes":""},"categories":[17,3],"tags":[18,43673,2044],"class_list":["post-122895","post","type-post","status-publish","format-standard","hentry","category-especiales","category-nacional","tag-enrique-pena-nieto","tag-nacional","tag-snte"],"_links":{"self":[{"href":"https:\/\/www.diarioimagen.net\/index.php?rest_route=\/wp\/v2\/posts\/122895","targetHints":{"allow":["GET"]}}],"collection":[{"href":"https:\/\/www.diarioimagen.net\/index.php?rest_route=\/wp\/v2\/posts"}],"about":[{"href":"https:\/\/www.diarioimagen.net\/index.php?rest_route=\/wp\/v2\/types\/post"}],"author":[{"embeddable":true,"href":"https:\/\/www.diarioimagen.net\/index.php?rest_route=\/wp\/v2\/users\/1"}],"replies":[{"embeddable":true,"href":"https:\/\/www.diarioimagen.net\/index.php?rest_route=%2Fwp%2Fv2%2Fcomments&post=122895"}],"version-history":[{"count":0,"href":"https:\/\/www.diarioimagen.net\/index.php?rest_route=\/wp\/v2\/posts\/122895\/revisions"}],"wp:attachment":[{"href":"https:\/\/www.diarioimagen.net\/index.php?rest_route=%2Fwp%2Fv2%2Fmedia&parent=122895"}],"wp:term":[{"taxonomy":"category","embeddable":true,"href":"https:\/\/www.diarioimagen.net\/index.php?rest_route=%2Fwp%2Fv2%2Fcategories&post=122895"},{"taxonomy":"post_tag","embeddable":true,"href":"https:\/\/www.diarioimagen.net\/index.php?rest_route=%2Fwp%2Fv2%2Ftags&post=122895"}],"curies":[{"name":"wp","href":"https:\/\/api.w.org\/{rel}","templated":true}]}}