{"id":123035,"date":"2013-03-01T00:01:35","date_gmt":"2013-03-01T06:01:35","guid":{"rendered":"http:\/\/www.diarioimagen.net\/?p=123035"},"modified":"2013-03-01T05:33:11","modified_gmt":"2013-03-01T11:33:11","slug":"mauricio-salmon-franz-dio-a-comocer-las-rutas-de-queretaro-para-impulsar-el-turismo","status":"publish","type":"post","link":"https:\/\/www.diarioimagen.net\/?p=123035","title":{"rendered":"Mauricio Salm\u00f3n Franz dio a comocer las Rutas de Quer\u00e9taro para impulsar el turismo"},"content":{"rendered":"<h2>De cinco estrellas<\/h2>\n<h5>Victoria Gonz\u00e1lez Prado<\/h5>\n<p>&nbsp;<\/p>\n<ul>\n<li><em><strong>Dos hoteles Riu en Espa\u00f1a reciben galardones TUI Nordic y Blue Awards 2012<\/strong><\/em><\/li>\n<li><em><strong>Lleg\u00f3 un nuevo Airbus A320 de f\u00e1brica para Volaris, que ahora suma 42 aviones<\/strong><\/em><\/li>\n<li><em><strong>Noche de Museos, una interesante opci\u00f3n para visitar los recintos y sus exposiciones\u00a0<\/strong><\/em><\/li>\n<li><em><strong>El Hyatt Regency cumple 20 a\u00f1os en la ciudad de M\u00e9rida<\/strong><\/em><\/li>\n<\/ul>\n<p><b>Mauricio Salm\u00f3n Franz<\/b>,\u00a0 secretario de Turismo de Quer\u00e9taro, lleg\u00f3 a la ciudad de M\u00e9xico para presentar las Rutas de Quer\u00e9taro ante empresarios del sector tur\u00edstico, operadoras de viajes\u00a0 y representantes de medios de comunicaci\u00f3n. Rutas de Quer\u00e9taro busca impulsar de forma innovadora las actividades y los servicios tur\u00edsticos de cuatro distintas zonas de esa entidad, pues es bien sabido que Quer\u00e9taro cuenta con innumerables atractivos que lo convierten en un estado fascinante, din\u00e1mico, colorido y diverso. La ciudad entrelaza la historia con la naturaleza, la buena vida y los recorridos extremos. En su haber destacan tambien cuatro zonas declaradas Patrimonio de la Humanidad por la Unesco: la zona de monumentos del Centro Hist\u00f3rico de Santiago de Quer\u00e9taro, las cinco misiones franciscanas de la Sierra Gorda, el Camino Real de Tierra Adentro y la memoria y tradiciones vivas de los pueblos Otom\u00ed-Chichimecas de Tolim\u00e1n. Adem\u00e1s, Quer\u00e9taro es uno de los estados que cuenta con cuatro Pueblos M\u00e1gicos: la villa de San Sebasti\u00e1n Bernal, el pueblo de Jalpan, la hist\u00f3rica villa de Cadereyta y el pintoresco y apacible pueblo de Tequisquiapan y, tambi\u00e9n una Reserva de la Biosfera en la regi\u00f3n serrana, declarada as\u00ed por la biodiversidad y a los distintos ecosistemas que conviven en un \u00e1rea tan reducida. En Quer\u00e9taro se pueden practicar deportes alternativos que empiezan en expediciones en cuatrimoto a los ca\u00f1ones y r\u00edos de la sierra, hasta los circuitos cicl\u00edsticos por las praderas del sur. El estado cuenta con un excelente clima, gastronom\u00eda, historia, fiestas y los insuperables paisajes hacen que Quer\u00e9taro sea el destino ideal para cualquier tipo de viaje. Desde el 2011 y junto con el programa estatal de Soluciones, Sectur Quer\u00e9taro comenz\u00f3 a definir un proyecto que re\u00fane los recursos end\u00f3genos del estado (humano, tur\u00edstico y cultural), en una serie de rutas que permiten a los visitantes vivir nuevas experiencias y conocer las costumbres y tradiciones de la capital y el estado. Cabe destacar que el programa no incluye un itinerario obligado, ofrece m\u00faltiples actividades y servicios tur\u00edsticos que basan su principal eje tem\u00e1tico en cuatro rutas distintas: Ruta de las Haciendas, Ruta del Queso y el Vino, Ruta del Semidesierto y Ruta de la Sierra Gorda. Durante la presentaci\u00f3n hubo una serie de fragmentos teatrales relacionados con el tema de Rutas de Quer\u00e9taro, se rifaron estancias entre los asistentes y no falt\u00f3 una exquisita degustaci\u00f3n de quesos y vinos de la regi\u00f3n.<\/p>\n<p><i>\u2730\u2730\u2730\u2730\u2730<\/i>\u00a0El <strong>ClubHotel <\/strong>Riu<strong> Buena Vista<\/strong><b>\u00a0<\/b> (Tenerife) y el El Riu Palace Maspalomas (Gran Canaria) han sido premiados con los galardones <i>TUI Nordic Blue Awards 2012<\/i> del principal turoperador de los pa\u00edses escandinavos. Los premios se conceden en base a las opiniones de los clientes que reconocen la excelencia y la calidad del servicio, as\u00ed como la profesionalidad del equipo humano de los hoteles. Los premios fueron entregados personalmente por <b>Henrik Norlin, <\/b><i>Managing Director de TUI Nordic,<\/i> y su equipo de colaboradores. El ClubHotel Riu Buena Vista recibi\u00f3 dos premios de \u2018oro\u2019 y uno de \u2018bronce\u2019. El hotel fue reconocido en las categor\u00edas de \u2018Mejor impresi\u00f3n general\u2019, <i>\u2018Most Recommended\u2019<\/i> y \u2018Mejor personal y servicio\u2019. El Riu Palace Maspalomas ha recibido un premio de plata en la categor\u00eda de. \u2018Mejor impresi\u00f3n general\u2019. El ClubHotel Riu Buena Vista, de 500 habitaciones, cuenta con espectaculares vistas al mar. Es una opci\u00f3n ideal para las vacaciones en familia, puesto que su servicio todo incluido ofrece todas las comidas, bebidas y los programas de actividades, tanto para adultos como para los m\u00e1s peque\u00f1os. Riu Palace Maspalomas es un elegante hotel que pertenece a la gama m\u00e1s lujosa de <i>Riu Hotels &amp; Resorts.<\/i> Rodeado de un jard\u00edn subtropical y con una magn\u00edfica ubicaci\u00f3n junto a las dunas de Maspalomas, con 368 habitaciones, el impecable servicio y la cuidada gastronom\u00eda de los hoteles de la cadena. M\u00e1s informaci\u00f3n: \u00a0<a href=\"http:\/\/www.riu.com\/\"><span style=\"text-decoration: underline;\">www.riu.com\u00a0<\/span><\/a><\/p>\n<p><i>\u2730\u2730\u2730\u2730\u2730<\/i>\u00a0Volaris suma ya 42 aviones luego de incorporar a su flota una nueva aeronave Airbus A320 de f\u00e1brica, con lo que ampl\u00eda la oferta de asientos y se consolida como la aerol\u00ednea mexicana con la flota m\u00e1s joven del pa\u00eds. <b>Enrique\u00a0 Beltranena<\/b>, director general de la aerol\u00ednea, dijo que la nueva aeronave -matr\u00edcula <i>N518VL<\/i>&#8211; fue acondicionado para cubrir las necesidades de los clientes de Volaris e iniciar\u00e1 operaciones este mes de marzo en varias de las 75 rutas que la aerol\u00ednea opera en M\u00e9xico y los Estados Unidos. \u201cEstamos muy contentos de continuar creciendo nuestra flota en 2013, lo cual nos permite ofertar m\u00e1s rutas y horarios para ampliar nuestra cobertura, todo en beneficio de la conectividad dentro y fuera de M\u00e9xico\u201d. Asimismo, record\u00f3 que la aeronave n\u00famero 42 de Volaris da continuidad a su estrategia de expansi\u00f3n y crecimiento para as\u00ed, desplegar un total de 24 aviones A319 y 18 A320, con capacidad para 144 y 174 pasajeros respectivamente, los cuales cuentan con la m\u00e1s alta tecnolog\u00eda y asientos de piel que garantizan confort y seguridad. La flota Volaris tiene una edad promedio de cuatro a\u00f1os, lo cual garantiza una menor emisi\u00f3n de bi\u00f3xido de carbono\u00a0 y una huella de sonido por debajo del promedio de sus competidores, lo que permite\u00a0 a la aerol\u00ednea velar por la protecci\u00f3n del medio ambiente, uno de sus compromisos como Empresa Socialmente Responsable y que lleva a cabo a trav\u00e9s de su programa permanente denominado \u201cPor un cielo azul\u201d. Con acciones como \u00e9sta, la aerol\u00ednea reafirma su compromisito de mantenerse a la vanguardia, tanto en modernidad como en calidad en el servicio, haciendo crecer a su moderna flota para que cada vez m\u00e1s personas puedan vivir las mejores experiencias de viajes, aprovechando las atractivas tarifas que ofrece su esquema de compra \u201cTu decides\u201d con el que los clientes adquieren solo los servicios que necesitan para su viaje.<\/p>\n<p align=\"left\"><i>\u2730\u2730\u2730\u2730\u2730<\/i>\u00a0<strong>Noche de Museo<\/strong>s es una interesante opci\u00f3n para visitar los recintos y sus exposiciones m\u00e1s recientes. En la edici\u00f3n participar\u00e1n 29 museos del centro, norte y sur de la ciudad de M\u00e9xico, de las 19:00 a las 22:00 horas. Habr\u00e1 conciertos, obras de teatro, visitas guiadas, recorridos dramatizados, presentaciones de libros, talleres y conferencias. En 2011 se unieron los<strong> <\/strong><strong>museos de Coyoac\u00e1n<\/strong> a este programa; ahora se suman otros del norte y del sur de la ciudad. En la\u00a0 mayor\u00eda de los museos participantes la entrada es gratuita durante el horario especial que ser\u00e1 de 19:00 a las 22:00 horas (algunos hasta las 21:00 horas); otros ofrecen descuentos especiales, entrada 2&#215;1 o descuentos a grupos. Las actividades son dirigidas a todo p\u00fablico, la edad del 80% de los visitantes oscila entre los 16 y 37 a\u00f1os. Las fechas pr\u00f3ximas previstas para Noche de Museos durante 2013 son:<strong> <\/strong><strong>27 de marzo, 24 de abril, 29 de mayo<\/strong><b>,<\/b> 26 de junio, 31 de julio, 28 de agosto, 25 de septiembre, 30 de octubre, 27 de noviembre.<\/p>\n<div id=\"attachment_123138\" style=\"width: 250px\" class=\"wp-caption alignleft\"><a href=\"http:\/\/www.diarioimagen.net\/wp-content\/uploads\/2013\/03\/turismo-2047.jpg\"><img loading=\"lazy\" decoding=\"async\" aria-describedby=\"caption-attachment-123138\" class=\"size-medium wp-image-123138\" alt=\"Este hotel en M\u00e9rida celebra 20 a\u00f1os.\" src=\"http:\/\/www.diarioimagen.net\/wp-content\/uploads\/2013\/03\/turismo-2047-240x135.jpg\" width=\"240\" height=\"135\" srcset=\"https:\/\/www.diarioimagen.net\/wp-content\/uploads\/2013\/03\/turismo-2047-240x135.jpg 240w, https:\/\/www.diarioimagen.net\/wp-content\/uploads\/2013\/03\/turismo-2047-420x236.jpg 420w, https:\/\/www.diarioimagen.net\/wp-content\/uploads\/2013\/03\/turismo-2047-235x132.jpg 235w, https:\/\/www.diarioimagen.net\/wp-content\/uploads\/2013\/03\/turismo-2047-202x114.jpg 202w, https:\/\/www.diarioimagen.net\/wp-content\/uploads\/2013\/03\/turismo-2047-350x196.jpg 350w, https:\/\/www.diarioimagen.net\/wp-content\/uploads\/2013\/03\/turismo-2047-220x123.jpg 220w, https:\/\/www.diarioimagen.net\/wp-content\/uploads\/2013\/03\/turismo-2047-237x132.jpg 237w, https:\/\/www.diarioimagen.net\/wp-content\/uploads\/2013\/03\/turismo-2047.jpg 480w\" sizes=\"auto, (max-width: 240px) 100vw, 240px\" \/><\/a><p id=\"caption-attachment-123138\" class=\"wp-caption-text\">Este hotel en M\u00e9rida celebra 20 a\u00f1os.<\/p><\/div>\n<p><i>\u2730\u2730\u2730\u2730\u2730<\/i>\u00a0El hotel <i>Hyatt Regency<\/i> cumple 20 a\u00f1os en M\u00e9rida, y para celebrar el aniversario, <b>Richard Westell<\/b>, gerente general, present\u00f3 el plan de desarrollo 2013, que incluye entre otros proyectos, la remodelaci\u00f3n de sus instalaciones en dos etapas, culminando en una obra contempor\u00e1nea, moderna y funcional para todos los visitantes en octubre de este a\u00f1o. Explic\u00f3 que dentro de este plan de expansi\u00f3n, se har\u00e1 la habr\u00e1 un nuevo restaurante, donde se presentar\u00e1n las nuevas tendencias gastron\u00f3micas contempor\u00e1neas, conservando los valores y tradici\u00f3n que han caracterizado a <i>Hyatt Regency<\/i> M\u00e9rida. Uno de los grandes atractivos del inmueble son los salones para grupos y convenciones, que durante estos \u00faltimos a\u00f1os han servido como anfitriones a cientos de eventos y ahora evolucionar\u00e1n a la altura de los requerimientos de siglo XXI. Dentro de los planes de expansi\u00f3n se contempla la remodelaci\u00f3n del <i>foyer,<\/i> dise\u00f1o de mobiliario, nueva tecnolog\u00eda y m\u00e1s. Este plan proyecto va en l\u00ednea con el crecimiento global de la cadena que en los \u00faltimos meses se ha renovado su imagen y adquiriendo nuevos hoteles en nuestro pa\u00eds, como el hotel <i>Hyatt Regency<\/i> ciudad de M\u00e9xico en mayo del a\u00f1o pasado y a la fecha cuenta con contratos para m\u00e1s de 200 nuevos hoteles en el mundo que ofrecer\u00e1n los nuevos programas y \u201camenities\u201d como:\u00a0 <i>\u2018<\/i><i>Women\u2019s Experience<\/i><i>\u201d <\/i>y<i> \u201cHyatt Has it\u201d. Hyatt Regency <\/i>M\u00e9rida invita\u00a0 a visitantes locales y extranjeros a que conozcan la nueva tradici\u00f3n en la ciudad.<i>\u00a0<\/i><\/p>\n<p><i><em><a href=\"mailto:victoriagprado@gmail.com\" target=\"_blank\">victoriagprado@gmail.com<\/a><\/em><\/i><\/p>\n<p>&nbsp;<\/p>\n","protected":false},"excerpt":{"rendered":"<p>Mauricio Salm\u00f3n Franz,  secretario de Turismo de Quer\u00e9taro, lleg\u00f3 a la ciudad de M\u00e9xico para presentar las Rutas de Quer\u00e9taro ante empresarios del sector tur\u00edstico, operadoras de viajes  y representantes de medios de comunicaci\u00f3n. <\/p>\n","protected":false},"author":1,"featured_media":123138,"comment_status":"open","ping_status":"open","sticky":false,"template":"","format":"standard","meta":{"_monsterinsights_skip_tracking":false,"_monsterinsights_sitenote_active":false,"_monsterinsights_sitenote_note":"","_monsterinsights_sitenote_category":0,"footnotes":""},"categories":[11],"tags":[43681],"class_list":["post-123035","post","type-post","status-publish","format-standard","has-post-thumbnail","hentry","category-turismo","tag-turismo"],"_links":{"self":[{"href":"https:\/\/www.diarioimagen.net\/index.php?rest_route=\/wp\/v2\/posts\/123035","targetHints":{"allow":["GET"]}}],"collection":[{"href":"https:\/\/www.diarioimagen.net\/index.php?rest_route=\/wp\/v2\/posts"}],"about":[{"href":"https:\/\/www.diarioimagen.net\/index.php?rest_route=\/wp\/v2\/types\/post"}],"author":[{"embeddable":true,"href":"https:\/\/www.diarioimagen.net\/index.php?rest_route=\/wp\/v2\/users\/1"}],"replies":[{"embeddable":true,"href":"https:\/\/www.diarioimagen.net\/index.php?rest_route=%2Fwp%2Fv2%2Fcomments&post=123035"}],"version-history":[{"count":0,"href":"https:\/\/www.diarioimagen.net\/index.php?rest_route=\/wp\/v2\/posts\/123035\/revisions"}],"wp:featuredmedia":[{"embeddable":true,"href":"https:\/\/www.diarioimagen.net\/index.php?rest_route=\/wp\/v2\/media\/123138"}],"wp:attachment":[{"href":"https:\/\/www.diarioimagen.net\/index.php?rest_route=%2Fwp%2Fv2%2Fmedia&parent=123035"}],"wp:term":[{"taxonomy":"category","embeddable":true,"href":"https:\/\/www.diarioimagen.net\/index.php?rest_route=%2Fwp%2Fv2%2Fcategories&post=123035"},{"taxonomy":"post_tag","embeddable":true,"href":"https:\/\/www.diarioimagen.net\/index.php?rest_route=%2Fwp%2Fv2%2Ftags&post=123035"}],"curies":[{"name":"wp","href":"https:\/\/api.w.org\/{rel}","templated":true}]}}