{"id":123082,"date":"2013-03-01T00:03:29","date_gmt":"2013-03-01T06:03:29","guid":{"rendered":"http:\/\/www.diarioimagen.net\/?p=123082"},"modified":"2013-03-04T02:14:50","modified_gmt":"2013-03-04T08:14:50","slug":"tsjdf-impulsa-derecho-a-la-voluntad-anticipada","status":"publish","type":"post","link":"https:\/\/www.diarioimagen.net\/?p=123082","title":{"rendered":"TSJDF impulsa derecho a la voluntad anticipada"},"content":{"rendered":"<ul>\n<li><em><strong>Edgar El\u00edas Azar se\u00f1ala la importancia de que los ciudadanos expresen si quieren o no someterse a tratamientos que prolonguen su vida<\/strong><\/em><\/li>\n<\/ul>\n<div id=\"attachment_123106\" style=\"width: 250px\" class=\"wp-caption alignleft\"><a href=\"http:\/\/www.diarioimagen.net\/wp-content\/uploads\/2013\/03\/TSJDF-2047.jpg\"><img loading=\"lazy\" decoding=\"async\" aria-describedby=\"caption-attachment-123106\" class=\"size-medium wp-image-123106\" alt=\"El presidente del Colegio de Notarios, Ignacio Morales Lechuga; el titular de Salud del DF, Armando Ahued Ortega, y el titular del TSJDF, Edgar El\u00edas Azar, durante la firma del convenio.\" src=\"http:\/\/www.diarioimagen.net\/wp-content\/uploads\/2013\/03\/TSJDF-2047-240x135.jpg\" width=\"240\" height=\"135\" srcset=\"https:\/\/www.diarioimagen.net\/wp-content\/uploads\/2013\/03\/TSJDF-2047-240x135.jpg 240w, https:\/\/www.diarioimagen.net\/wp-content\/uploads\/2013\/03\/TSJDF-2047-420x236.jpg 420w, https:\/\/www.diarioimagen.net\/wp-content\/uploads\/2013\/03\/TSJDF-2047-235x132.jpg 235w, https:\/\/www.diarioimagen.net\/wp-content\/uploads\/2013\/03\/TSJDF-2047-202x114.jpg 202w, https:\/\/www.diarioimagen.net\/wp-content\/uploads\/2013\/03\/TSJDF-2047-350x196.jpg 350w, https:\/\/www.diarioimagen.net\/wp-content\/uploads\/2013\/03\/TSJDF-2047-220x123.jpg 220w, https:\/\/www.diarioimagen.net\/wp-content\/uploads\/2013\/03\/TSJDF-2047-237x132.jpg 237w, https:\/\/www.diarioimagen.net\/wp-content\/uploads\/2013\/03\/TSJDF-2047.jpg 480w\" sizes=\"auto, (max-width: 240px) 100vw, 240px\" \/><\/a><p id=\"caption-attachment-123106\" class=\"wp-caption-text\">El presidente del Colegio de Notarios, Ignacio Morales Lechuga; el titular de Salud del DF, Armando Ahued Ortega, y el titular del TSJDF, Edgar El\u00edas Azar, durante la firma del convenio.<\/p><\/div>\n<p>El Tribunal Superior de Justicia del Distrito Federal y el Colegio de Notarios signaron un convenio para impulsar entre los ciudadanos el ejercicio de su derecho a decidir no someterse a tratamientos o procedimientos m\u00e9dicos que prolonguen de manera innecesaria la vida en caso de enfermedad terminal, establecido en la Ley de Voluntad Anticipada.<\/p>\n<p>Esto, como parte de una campa\u00f1a que impulsa el gobierno del Distrito Federal, a trav\u00e9s de la Secretar\u00eda de Salud, cuyo titular, Armando Ahued Ortega, manifest\u00f3 que es equivocado comparar la voluntad anticipada con la eutanasia, ya que la primera es derecho del ciudadano a elegir por una muerte digna al encontrarse en fase terminal de una enfermedad, basada en cuidados paliativos y respaldado por un esquema de atenci\u00f3n integral y un equipo m\u00e9dico multidisciplinario.<\/p>\n<p>En el acto, el presidente del TSJDF, magistrado Edgar El\u00edas Azar, subray\u00f3 la importancia de que se reconozca la posibilidad de los ciudadanos a expresar su \u00faltima voluntad sobre el qu\u00e9 hacer en relaci\u00f3n a su persona y a sus bienes, con total respeto a su dignidad, lo que se logra frente a quienes est\u00e1n dotados de fe p\u00fablica: los notarios.<\/p>\n<p>El convenio firmado entre el TSJDF y el Colegio de Notarios de la Ciudad de M\u00e9xico tambi\u00e9n prev\u00e9 hacer uso de manera \u00e1gil y econ\u00f3mica de los servicios que prestan los fedatarios p\u00fablicos para la formalizaci\u00f3n de actos jur\u00eddicos que tienen que ver con testamentos p\u00fablicos abiertos, sucesiones y traspasos de propiedad.<\/p>\n<p>El\u00edas Azar destac\u00f3 el marco legal de vanguardia que rige figuras como la voluntad anticipada, que sirven al individuo y fomentan el respeto a sus derechos.<\/p>\n<p>Ahued Ortega, por su parte, inform\u00f3 que desde 2007, a\u00f1o en que se expide la Ley de Voluntad Anticipada, pionera en el pa\u00eds, m\u00e1s de 2 mil personas han firmado su documento.<\/p>\n<p>Anunci\u00f3 que por instrucciones del jefe de gobierno, Miguel \u00c1ngel Mancera Espinosa, se fortalecer\u00e1 el \u00e1rea de cuidados paliativos para enfermos en fase terminal en la red de salud del GDF, con la entrada en operaci\u00f3n de cuatro de \u00e9stas en igual n\u00famero de hospitales, as\u00ed como la puesta en marcha de brigadas domiciliarias y m\u00f3dulos de atenci\u00f3n en este tema, los cuales ser\u00e1n atendidos por prestadores de servicio social.<\/p>\n<p>Agreg\u00f3 que se trabaja en la formaci\u00f3n de especialistas en cuidados paliativos, a trav\u00e9s de la impartici\u00f3n de cursos y talleres avalados por la Universidad Nacional Aut\u00f3noma de M\u00e9xico; tan s\u00f3lo en el \u00faltimo a\u00f1o, inform\u00f3, se impartieron mil 280 horas de instrucci\u00f3n en esta materia a 800 alumnos.<\/p>\n<p>A su vez, el presidente del Colegio de Notarios, Ignacio Morales Lechuga, puntualiz\u00f3 que la ortotanasia no es otra cosa sino decidir partir de esta vida con dignidad, y refiri\u00f3 que en los \u00faltimos a\u00f1os se ha triplicado el n\u00famero de personas que han acudido ante los notarios para que den fe de su voluntad anticipada.<\/p>\n<p>Coment\u00f3 que los notarios capitalinos se suman al esfuerzo del GDF en el tema de detonar la firma de documentos de voluntad anticipada de las personas que as\u00ed lo deseen, y recalc\u00f3 que ejercen su funci\u00f3n con sentido social.<\/p>\n<p>Al acto, efectuado en el auditorio Benito Ju\u00e1rez del TSJDF acudieron actores y comediantes -Jorge Ortiz de Pinedo, Rafael Incl\u00e1n, Leopoldo Garc\u00eda Pel\u00e1ez Ben\u00edtez (<i>Polo Polo<\/i>), Silvia Pasquel y Jorge Mu\u00f1iz, entre otros-, como parte de la campa\u00f1a para impulsar el derecho a expresar la voluntad anticipada, donde firmaron ante notarios sus documentos correspondientes, al igual que algunos magistrados del \u00f3rgano jurisdiccional.<\/p>\n<p>&nbsp;<\/p>\n","protected":false},"excerpt":{"rendered":"<p>El Tribunal Superior de Justicia del Distrito Federal y el Colegio de Notarios signaron un convenio para impulsar entre los ciudadanos el ejercicio de su derecho a decidir no someterse a tratamientos o procedimientos m\u00e9dicos que prolonguen de manera innecesaria la vida en caso de enfermedad terminal, establecido en la Ley de Voluntad Anticipada.<\/p>\n","protected":false},"author":1,"featured_media":123106,"comment_status":"open","ping_status":"open","sticky":false,"template":"","format":"standard","meta":{"_monsterinsights_skip_tracking":false,"_monsterinsights_sitenote_active":false,"_monsterinsights_sitenote_note":"","_monsterinsights_sitenote_category":0,"footnotes":""},"categories":[17,6],"tags":[39,10380],"class_list":["post-123082","post","type-post","status-publish","format-standard","has-post-thumbnail","hentry","category-especiales","category-cd-de-mexico","tag-distrito-federal","tag-tribunal-superior-de-justicia"],"_links":{"self":[{"href":"https:\/\/www.diarioimagen.net\/index.php?rest_route=\/wp\/v2\/posts\/123082","targetHints":{"allow":["GET"]}}],"collection":[{"href":"https:\/\/www.diarioimagen.net\/index.php?rest_route=\/wp\/v2\/posts"}],"about":[{"href":"https:\/\/www.diarioimagen.net\/index.php?rest_route=\/wp\/v2\/types\/post"}],"author":[{"embeddable":true,"href":"https:\/\/www.diarioimagen.net\/index.php?rest_route=\/wp\/v2\/users\/1"}],"replies":[{"embeddable":true,"href":"https:\/\/www.diarioimagen.net\/index.php?rest_route=%2Fwp%2Fv2%2Fcomments&post=123082"}],"version-history":[{"count":0,"href":"https:\/\/www.diarioimagen.net\/index.php?rest_route=\/wp\/v2\/posts\/123082\/revisions"}],"wp:featuredmedia":[{"embeddable":true,"href":"https:\/\/www.diarioimagen.net\/index.php?rest_route=\/wp\/v2\/media\/123106"}],"wp:attachment":[{"href":"https:\/\/www.diarioimagen.net\/index.php?rest_route=%2Fwp%2Fv2%2Fmedia&parent=123082"}],"wp:term":[{"taxonomy":"category","embeddable":true,"href":"https:\/\/www.diarioimagen.net\/index.php?rest_route=%2Fwp%2Fv2%2Fcategories&post=123082"},{"taxonomy":"post_tag","embeddable":true,"href":"https:\/\/www.diarioimagen.net\/index.php?rest_route=%2Fwp%2Fv2%2Ftags&post=123082"}],"curies":[{"name":"wp","href":"https:\/\/api.w.org\/{rel}","templated":true}]}}