{"id":123506,"date":"2013-03-05T18:45:09","date_gmt":"2013-03-06T00:45:09","guid":{"rendered":"http:\/\/www.diarioimagen.net\/?p=123506"},"modified":"2013-03-06T05:50:14","modified_gmt":"2013-03-06T11:50:14","slug":"tras-la-muerte-hugo-chavez-obama-senala-que-eu-esta-interesado-en-comenzar-una-nueva-relacion-con-venezuela","status":"publish","type":"post","link":"https:\/\/www.diarioimagen.net\/?p=123506","title":{"rendered":"Tras la muerte Hugo Ch\u00e1vez, Obama se\u00f1ala que EU est\u00e1 interesado en comenzar una nueva relaci\u00f3n con Venezuela"},"content":{"rendered":"<ul>\n<li><strong><i>Ch\u00e1vez falleci\u00f3 hoy a los 58 a\u00f1os tras batallar por casi dos a\u00f1os contra el c\u00e1ncer; fue operado cuatro veces tras la detecci\u00f3n de un tumor en la zona p\u00e9lvica en el 2011<\/i><\/strong><\/li>\n<\/ul>\n<p>&nbsp;<\/p>\n<div id=\"attachment_123507\" style=\"width: 250px\" class=\"wp-caption alignleft\"><a href=\"http:\/\/www.diarioimagen.net\/wp-content\/uploads\/2013\/03\/hugo-chavez-web.jpg\"><img loading=\"lazy\" decoding=\"async\" aria-describedby=\"caption-attachment-123507\" class=\"size-medium wp-image-123507\" alt=\"La muerte de Ch\u00e1vez es un desenlace que conmociona a Venezuela y abre las puertas a unas elecciones que pondr\u00e1n a prueba la supervivencia de su revoluci\u00f3n.\" src=\"http:\/\/www.diarioimagen.net\/wp-content\/uploads\/2013\/03\/hugo-chavez-web-240x135.jpg\" width=\"240\" height=\"135\" srcset=\"https:\/\/www.diarioimagen.net\/wp-content\/uploads\/2013\/03\/hugo-chavez-web-240x135.jpg 240w, https:\/\/www.diarioimagen.net\/wp-content\/uploads\/2013\/03\/hugo-chavez-web-420x236.jpg 420w, https:\/\/www.diarioimagen.net\/wp-content\/uploads\/2013\/03\/hugo-chavez-web-235x132.jpg 235w, https:\/\/www.diarioimagen.net\/wp-content\/uploads\/2013\/03\/hugo-chavez-web-202x114.jpg 202w, https:\/\/www.diarioimagen.net\/wp-content\/uploads\/2013\/03\/hugo-chavez-web-350x196.jpg 350w, https:\/\/www.diarioimagen.net\/wp-content\/uploads\/2013\/03\/hugo-chavez-web-220x123.jpg 220w, https:\/\/www.diarioimagen.net\/wp-content\/uploads\/2013\/03\/hugo-chavez-web-237x132.jpg 237w, https:\/\/www.diarioimagen.net\/wp-content\/uploads\/2013\/03\/hugo-chavez-web.jpg 480w\" sizes=\"auto, (max-width: 240px) 100vw, 240px\" \/><\/a><p id=\"caption-attachment-123507\" class=\"wp-caption-text\">La muerte de Ch\u00e1vez es un desenlace que conmociona a Venezuela y abre las puertas a unas elecciones que pondr\u00e1n a prueba la supervivencia de su revoluci\u00f3n.<\/p><\/div>\n<p>El mandatario venezolano Hugo Ch\u00e1vez, quien estuvo 14 a\u00f1os en el poder, muri\u00f3 a los 58 a\u00f1os de edad. Finalmente no pudo superar el c\u00e1ncer que lo aquejaba y que en diciembre \u00faltimo lo oblig\u00f3 a viajar a Cuba para ser operado nuevamente.<\/p>\n<p>Horas antes de su muerte, el vicepresidente de Venezuela, Nicol\u00e1s Maduro, horas antes, hab\u00eda atribuido su enfermedad a sus enemigos.<\/p>\n<p>Ch\u00e1vez falleci\u00f3 la tarde de este martes 5 de marzo en Caracas tras una batalla de casi dos a\u00f1os con un c\u00e1ncer en la zona p\u00e9lvica. La Constituci\u00f3n de Venezuela se\u00f1ala que se deber\u00e1n llamar a elecciones en los pr\u00f3ximos 30 d\u00edas.<\/p>\n<p>Por su parte el ex embajador paname\u00f1o ante la OEA Guillermo Cochez dijo que el presidente venezolano fue traslado desde Cuba a Venezuela en estado vegetativo, y que sus hijas ya habr\u00edan dado la orden de desconectarlo de m\u00e1quinas.<\/p>\n<p>El presidente Barack Obama dijo que Estados Unidos est\u00e1 interesado en comenzar una nueva relaci\u00f3n con Venezuela tras la muerte del l\u00edder socialista Hugo Ch\u00e1vez.<\/p>\n<p>\u201cEn este momento de desaf\u00edo tras la muerte del presidente Hugo Ch\u00e1vez, Estados Unidos reafirma su apoyo al pueblo venezolano y su inter\u00e9s en desarrollar una relaci\u00f3n constructiva con el Gobierno venezolano\u201d, dijo Obama en un comunicado.<\/p>\n<p>\u201cMientras Venezuela comienza un nuevo cap\u00edtulo en su historia, Estados Unidos sigue comprometido a pol\u00edticas que promuevan los principios democr\u00e1ticos, el estado de derecho y el respeto por los derechos humanos\u201d, agreg\u00f3.<\/p>\n<p>La muerte del l\u00edder socialista que gobern\u00f3 por 14 a\u00f1os se produjo apenas dos semanas despu\u00e9s de haber retornado a su pa\u00eds tras una larga hospitalizaci\u00f3n en Cuba, donde fue operado cuatro veces tras la detecci\u00f3n de un tumor en la zona p\u00e9lvica en el 2011 que marc\u00f3 el inicio de un proceso que tuvo al pa\u00eds en vilo.<\/p>\n<p align=\"center\"><b>LA HERENCIA ECON\u00d3MICA QUE DEJA CH\u00c1VEZ<\/b><\/p>\n<p>Venezuela batalla contra una inflaci\u00f3n de dos d\u00edgitos desde hace m\u00e1s de 25 a\u00f1os, que la ha azotado tanto en \u00e9pocas de crecimiento econ\u00f3mico como en momentos de recesi\u00f3n.<\/p>\n<p>El gobierno intent\u00f3 frenar el avance de los precios mediante estrictas regulaciones, que se han convertido en una camisa de fuerza para producir bienes y servicios.<\/p>\n<p>En 2012 los precios al consumidor empezaron a dar tregua a la naci\u00f3n de la OPEP, a ra\u00edz de la entrada en vigencia de una controvertida ley de precios que dio la potestad al Estado de revisar las estructuras de costo p\u00fablicas y privadas y colocar precios finales.<\/p>\n","protected":false},"excerpt":{"rendered":"<p>El mandatario venezolano Hugo Ch\u00e1vez, quien estuvo 14 a\u00f1os en el poder, muri\u00f3 a los 58 a\u00f1os de edad. Finalmente no pudo superar el c\u00e1ncer que lo aquejaba y que en diciembre \u00faltimo lo oblig\u00f3 a viajar a Cuba para ser operado nuevamente.<\/p>\n","protected":false},"author":1,"featured_media":123507,"comment_status":"open","ping_status":"open","sticky":false,"template":"","format":"standard","meta":{"_monsterinsights_skip_tracking":false,"_monsterinsights_sitenote_active":false,"_monsterinsights_sitenote_note":"","_monsterinsights_sitenote_category":0,"footnotes":""},"categories":[17],"tags":[1754,2615,43679],"class_list":["post-123506","post","type-post","status-publish","format-standard","has-post-thumbnail","hentry","category-especiales","tag-barack-obama","tag-hugo-chavez","tag-mundo"],"_links":{"self":[{"href":"https:\/\/www.diarioimagen.net\/index.php?rest_route=\/wp\/v2\/posts\/123506","targetHints":{"allow":["GET"]}}],"collection":[{"href":"https:\/\/www.diarioimagen.net\/index.php?rest_route=\/wp\/v2\/posts"}],"about":[{"href":"https:\/\/www.diarioimagen.net\/index.php?rest_route=\/wp\/v2\/types\/post"}],"author":[{"embeddable":true,"href":"https:\/\/www.diarioimagen.net\/index.php?rest_route=\/wp\/v2\/users\/1"}],"replies":[{"embeddable":true,"href":"https:\/\/www.diarioimagen.net\/index.php?rest_route=%2Fwp%2Fv2%2Fcomments&post=123506"}],"version-history":[{"count":0,"href":"https:\/\/www.diarioimagen.net\/index.php?rest_route=\/wp\/v2\/posts\/123506\/revisions"}],"wp:featuredmedia":[{"embeddable":true,"href":"https:\/\/www.diarioimagen.net\/index.php?rest_route=\/wp\/v2\/media\/123507"}],"wp:attachment":[{"href":"https:\/\/www.diarioimagen.net\/index.php?rest_route=%2Fwp%2Fv2%2Fmedia&parent=123506"}],"wp:term":[{"taxonomy":"category","embeddable":true,"href":"https:\/\/www.diarioimagen.net\/index.php?rest_route=%2Fwp%2Fv2%2Fcategories&post=123506"},{"taxonomy":"post_tag","embeddable":true,"href":"https:\/\/www.diarioimagen.net\/index.php?rest_route=%2Fwp%2Fv2%2Ftags&post=123506"}],"curies":[{"name":"wp","href":"https:\/\/api.w.org\/{rel}","templated":true}]}}