{"id":123516,"date":"2013-03-06T00:01:21","date_gmt":"2013-03-06T06:01:21","guid":{"rendered":"http:\/\/www.diarioimagen.net\/?p=123516"},"modified":"2013-03-06T06:09:28","modified_gmt":"2013-03-06T12:09:28","slug":"roma-esta-aqui-semana-dedicada-a-las-excelencias-romanas-y-de-la-region-de-lacio","status":"publish","type":"post","link":"https:\/\/www.diarioimagen.net\/?p=123516","title":{"rendered":"Roma Est\u00e1 Aqu\u00ed, semana dedicada a las excelencias romanas y de la regi\u00f3n de Lacio"},"content":{"rendered":"<h2>De cinco estrellas<\/h2>\n<h5>Victoria Gonz\u00e1lez Prado<\/h5>\n<p>&nbsp;<\/p>\n<ul>\n<li><em><strong>La AMAV-DF eligi\u00f3 a Fidel Ovando como nuevo presidente para el periodo 2013-2015<\/strong><\/em><\/li>\n<li><em><strong>Dos nuevas rutas de Volaris conectar\u00e1n a Ciudad Ju\u00e1rez con la ciudad de M\u00e9xico y Guadalajara<\/strong><\/em><\/li>\n<\/ul>\n<div id=\"attachment_123664\" style=\"width: 250px\" class=\"wp-caption alignleft\"><a href=\"http:\/\/www.diarioimagen.net\/wp-content\/uploads\/2013\/03\/turismo-2050.jpg\"><img loading=\"lazy\" decoding=\"async\" aria-describedby=\"caption-attachment-123664\" class=\"size-medium wp-image-123664\" alt=\"Durante la inauguraci\u00f3n de la semana Roma Est\u00e1 Aqu\u00ed.\" src=\"http:\/\/www.diarioimagen.net\/wp-content\/uploads\/2013\/03\/turismo-2050-240x135.jpg\" width=\"240\" height=\"135\" srcset=\"https:\/\/www.diarioimagen.net\/wp-content\/uploads\/2013\/03\/turismo-2050-240x135.jpg 240w, https:\/\/www.diarioimagen.net\/wp-content\/uploads\/2013\/03\/turismo-2050-420x236.jpg 420w, https:\/\/www.diarioimagen.net\/wp-content\/uploads\/2013\/03\/turismo-2050-235x132.jpg 235w, https:\/\/www.diarioimagen.net\/wp-content\/uploads\/2013\/03\/turismo-2050-202x114.jpg 202w, https:\/\/www.diarioimagen.net\/wp-content\/uploads\/2013\/03\/turismo-2050-350x196.jpg 350w, https:\/\/www.diarioimagen.net\/wp-content\/uploads\/2013\/03\/turismo-2050-220x123.jpg 220w, https:\/\/www.diarioimagen.net\/wp-content\/uploads\/2013\/03\/turismo-2050-237x132.jpg 237w, https:\/\/www.diarioimagen.net\/wp-content\/uploads\/2013\/03\/turismo-2050.jpg 480w\" sizes=\"auto, (max-width: 240px) 100vw, 240px\" \/><\/a><p id=\"caption-attachment-123664\" class=\"wp-caption-text\">Durante la inauguraci\u00f3n de la semana Roma Est\u00e1 Aqu\u00ed.<\/p><\/div>\n<p>Roma est\u00e1 aqu\u00ed, se realiza desde el pasado lunes y hasta el 10 marzo en distintos puntos de la ciudad de M\u00e9xico. Ser\u00e1 una semana dedicada a las excelencias romanas y de la regi\u00f3n de Lacio, organizado por la C\u00e1mara de Comercio de Roma y por la Unicamera Lazio. Durante la semana dar\u00e1n a conocer los productos de su territorio en un encuentro que une negocios y cultura; alimentos, creaciones de moda, turismo, dise\u00f1o, arte, m\u00fasica, seminarios, exposiciones, talleres y mucho m\u00e1s, que comprende un extraordinario programa. <b>Alberico Peyron<\/b>, presidente de la C\u00e1mara Italiana de Comercio en M\u00e9xico, dijo que los tiempos han cambiado. \u201cRoma\u00a0 ya no est\u00e1 esperando a que el mundo venga a admirar sus bellezas. Ya sale a presentarse ante el mundo, quiere a darse a conocer para buscar nuevos amigos y socios comerciales. Se conoce demasiado por su pasado, pero muy poco de su presente y futuro. Roma es una ciudad que vive en la modernidad, con un tejido empresarial din\u00e1mico. Tiene una gran capacidad de renovarse para seguir siendo una ciudad eterna\u201d.\u00a0Al mismo tiempo, explic\u00f3 que la ciudad de M\u00e9xico tiene cualidades que han impresionado a diversas delegaciones romanas y que ya cuenta con todo para entrar a las grandes ligas de ciudades del mundo en el comercio internacional. \u201cPor ello, ha encontrado en la C\u00e1mara de Comercio de Roma un aliado con el que comparte un paralelismo: dos ciudades modernas, dos grandes centros religiosos, una gran cercan\u00eda cultural y una gran posibilidad de intercambio de conocimientos\u201d. En el turismo, indic\u00f3, Roma tiene mucho que compartir por su experiencia de m\u00e1s de 3 mil a\u00f1os de recibir visitantes. Tendr\u00e1 cosas que aprender de la ciudad de M\u00e9xico en temas como el manejo de la basura y el agua.\u00a0Por su parte, <b>Giancarlo Cremonesi<\/b>, presidente de Unioncamere Lazio\u00a0 asegur\u00f3 que \u00a0la \u201cSemana de las excelencias romanas y laciales es un evento en el que el sistema de c\u00e1maras del Lacio ha trabajado con mucho empe\u00f1o y representa una ocasi\u00f3n importante para incrementar los intercambios, no s\u00f3lo comerciales, entre Italia y M\u00e9xico. Ambos pa\u00edses est\u00e1n unidos por lazos de simpat\u00eda y aprecio rec\u00edproco, as\u00ed como por importantes relaciones econ\u00f3micas, como lo demuestra el hecho de que Italia sea el segundo socio europeo de M\u00e9xico, despu\u00e9s de Alemania\u201d. \u00a0Agreg\u00f3 que la regi\u00f3n de Roma y Lacio mantienen un intenso intercambio comercial con M\u00e9xico. \u201cEntre enero y septiembre de 2012 las exportaciones de la regi\u00f3n de Lacio alcanzaron los 45.5 millones de euros, mientras que las importaciones se mantuvieron en 27.7 millones de euros. Se trata de datos alentadores, pero estoy convencido de que podemos hacer mucho m\u00e1s.\u00a0 El tejido empresarial romano y de Lacio est\u00e1n en condiciones de ofrecer productos de alta calidad, como los productos enogastron\u00f3micos y los de la moda, as\u00ed como producciones de orfebrer\u00eda y n\u00e1utica.\u00a0Despu\u00e9s de esta iniciativa se celebrar\u00e1 la \u201cSemana de las excelencias mexicanas en Italia\u201d,\u00a0 y la combinaci\u00f3n de ambos eventos permitir\u00e1 impulsar a\u00fan m\u00e1s las ya buenas relaciones comerciales, creando nuevas sinergias entre las empresas de la regi\u00f3n de Lacio y las mexicanas que, sin lugar a dudas, promover\u00e1n nuevas inversiones\u201d. En su oportunidad, el embajador de Italia en M\u00e9xico, <b>Roberto Spinelli<\/b>, indic\u00f3 que \u201cinicia una serie de eventos en la ciudad de M\u00e9xico que re\u00fane esfuerzos de dos capitales hist\u00f3ricas, de econom\u00eda y cultura, amistad y comprensi\u00f3n entre los mexicanos y los\u00a0 italianos que es \u00fanica.\u00a0 Roma se presenta en todos sus aspectos\u201d. De igual forma, el titular de Turismo capitalino, <b>Miguel Torruco Marqu\u00e9s<\/b>, se\u00f1al\u00f3 que unos 52 mil 800 italianos visitar\u00e1n la ciudad de M\u00e9xico durante el presente a\u00f1o, 1.5% m\u00e1s de los 50 mil que llegaron hace un a\u00f1o, quienes habr\u00e1n de dejar una derrama econ\u00f3mica que superar\u00e1 los 40 millones de d\u00f3lares. Asimismo, se refiri\u00f3 a la\u00a0 importancia de que m\u00e1s turistas italianos visiten la ciudad de M\u00e9xico y hoy, son octavo lugar en el mundo en materia de gasto en el extranjero, con 28 mil millones de d\u00f3lares. Al cierre de 2011, se colocaron en la quinta posici\u00f3n en turismo de internaci\u00f3n en el ranking mundial, al recibir 46 millones 100 mil turistas, que beneficiaron a la econom\u00eda italiana con 43 mil millones de d\u00f3lares, seg\u00fan la Organizaci\u00f3n Mundial de Turismo (OMT). Adem\u00e1s, tienen inter\u00e9s por concretar negocios en diferentes ramas industriales. <b>Torruco Marqu\u00e9s<\/b> dijo tambi\u00e9n que el 57% de los turistas italianos son hombres; 51%, con edades entre 15 y 34 a\u00f1os, el 92% de los italianos que llegan a M\u00e9xico, lo hacen por motivo de vacaciones; el 78% se hospeda en hoteles y de \u00e9stos el 49%\u00a0 lo hace en establecimientos con categor\u00eda de cuatro y cinco estrellas.<\/p>\n<p><i>\u2730\u2730\u2730\u2730\u2730<\/i>\u00a0La Asociaci\u00f3n Mexicana de Agencias de Viajes del D.F. realiz\u00f3 las votaciones para elegir a su nuevo presidente y <b>Fidel Ovando<\/b> result\u00f3 ser electo por los miembros de la AMAV-DF como presidente para el periodo 2013-2015. Al conocer los resultados de la votaci\u00f3n, <b>Fidel Ovando<\/b> agradeci\u00f3 el apoyo y confianza recibidos e invit\u00f3 a todos los miembros de la asociaci\u00f3n a sumarse y a trabajar en conjunto para fortalecer las bases y, con altura de miras y compromiso de todos, avanzar firmemente en el impulso del sector tur\u00edstico. \u201cMe complace enormemente que los miembros de la AMAV-DF se hayan decidido por la opci\u00f3n de trabajo que les hemos presentado para representarlos durante el pr\u00f3ximo periodo, y me comprometo para que dicho plan se cumpla cabalmente\u201d. Dentro del plan presentado se encuentran el fortalecimiento de la promoci\u00f3n, desarrollo, operaci\u00f3n y educaci\u00f3n tur\u00edstica; mejorar la gesti\u00f3n con los diversos actores de gobierno a nivel nacional y local para hacer m\u00e1s eficientes las operaciones y servicios tur\u00edsticos; fortalecer las relaciones con las asociaciones, c\u00e1maras y en general con el gremio tur\u00edstico y promover en el \u00e1rea fiscal y contable una permanente salud financiera. Asimismo, afirm\u00f3 que para este gran trabajo al frente de la AMAV-DF, ha convocado entre su equipo de trabajo a empresarios y profesionales con amplia experiencia y un s\u00f3lido reconocimiento dentro del sector. \u201cSolo as\u00ed podremos avanzar firme y decididamente. Este equipo de trabajo est\u00e1 consciente del compromiso que asumimos, sin duda nos esperan tiempos de retos importantes, pero con trabajo dedicado y bien hecho, seguramente vendr\u00e1n tambi\u00e9n las satisfacciones. Es necesario seguir unidos en los trabajos por la consolidaci\u00f3n de nuestra organizaci\u00f3n como un ente fuerte, respetable y que potencialice los beneficios a todos nuestros asociados, y para aquellos nuevos que se integren a esta gran familia\u201d, dijo <b>Ovando<\/b>.<\/p>\n<p><i>\u2730\u2730\u2730\u2730\u2730<\/i>Volaris contar\u00e1 con dos nuevas rutas que conectar\u00e1n a Ciudad Ju\u00e1rez con la ciudad de M\u00e9xico y Guadalajara, la primera ruta partir del 31 de mayo y la segunda desde el 1 de junio, dijo <b>Enrique Beltranena<\/b>, director general de la empresa. Con dos lanzamientos, Volaris cuenta con 77 rutas nacionales e internacionales y su destino n\u00famero 40, se\u00f1ala un comunicado. \u201cLas nuevas rutas son parte de nuestra estrategia para continuar conectando el norte del pa\u00eds con dos de las m\u00e1s importantes ciudades de M\u00e9xico, adem\u00e1s de que responden a la demanda generada por los clientes\u201d, se\u00f1al\u00f3 <b>Beltranena. <\/b>La ruta Ciudad Ju\u00e1rez\u2013Guadalajara contar\u00e1 con frecuencias los d\u00edas jueves y s\u00e1bados; la que conectar\u00e1 a la ciudad de M\u00e9xico volar\u00e1 los lunes, jueves, viernes y domingos. Asimismo, el director de Volaris<b> <\/b>resalt\u00f3 que de acuerdo con datos del Aeropuerto Internacional Abraham Gonz\u00e1lez de Ciudad Ju\u00e1rez, en 2012 m\u00e1s de 12 millones de pasajeros utilizaron sus servicios y s\u00f3lo en enero de este a\u00f1o casi un mill\u00f3n de personas volaron desde este aeropuerto. Estas cifras, sostuvo, son importantes, considerando que dicha ciudad tiene poco menos de un mill\u00f3n y medio de habitantes. \u201cEn Volaris estamos comprometidos con ser parte del crecimiento y desarrollo de este mercado, el cual trae enormes beneficios a la ciudad y a todos quienes la habitan\u201d, subray\u00f3 el directivo. Como parte de la estrategia de compra anticipada, los clientes podr\u00e1n empezar a adquirir los boletos para las dos nuevas rutas desde el 1 de marzo a un precio de introducci\u00f3n, que va desde los 649 pesos.<i>\u00a0<\/i><\/p>\n<p><i><em><a href=\"mailto:victoriagprado@gmail.com\" target=\"_blank\">victoriagprado@gmail.com<\/a><\/em><\/i><\/p>\n<p>&nbsp;<\/p>\n","protected":false},"excerpt":{"rendered":"<p>Roma est\u00e1 aqu\u00ed, se realiza desde el pasado lunes y hasta el 10 marzo en distintos puntos de la ciudad de M\u00e9xico. <\/p>\n","protected":false},"author":1,"featured_media":123664,"comment_status":"open","ping_status":"open","sticky":false,"template":"","format":"standard","meta":{"_monsterinsights_skip_tracking":false,"_monsterinsights_sitenote_active":false,"_monsterinsights_sitenote_note":"","_monsterinsights_sitenote_category":0,"footnotes":""},"categories":[11],"tags":[107,846,43681,106],"class_list":["post-123516","post","type-post","status-publish","format-standard","has-post-thumbnail","hentry","category-turismo","tag-de-cinco-estrellas","tag-roma","tag-turismo","tag-victoria-gonzalez-prado"],"_links":{"self":[{"href":"https:\/\/www.diarioimagen.net\/index.php?rest_route=\/wp\/v2\/posts\/123516","targetHints":{"allow":["GET"]}}],"collection":[{"href":"https:\/\/www.diarioimagen.net\/index.php?rest_route=\/wp\/v2\/posts"}],"about":[{"href":"https:\/\/www.diarioimagen.net\/index.php?rest_route=\/wp\/v2\/types\/post"}],"author":[{"embeddable":true,"href":"https:\/\/www.diarioimagen.net\/index.php?rest_route=\/wp\/v2\/users\/1"}],"replies":[{"embeddable":true,"href":"https:\/\/www.diarioimagen.net\/index.php?rest_route=%2Fwp%2Fv2%2Fcomments&post=123516"}],"version-history":[{"count":0,"href":"https:\/\/www.diarioimagen.net\/index.php?rest_route=\/wp\/v2\/posts\/123516\/revisions"}],"wp:featuredmedia":[{"embeddable":true,"href":"https:\/\/www.diarioimagen.net\/index.php?rest_route=\/wp\/v2\/media\/123664"}],"wp:attachment":[{"href":"https:\/\/www.diarioimagen.net\/index.php?rest_route=%2Fwp%2Fv2%2Fmedia&parent=123516"}],"wp:term":[{"taxonomy":"category","embeddable":true,"href":"https:\/\/www.diarioimagen.net\/index.php?rest_route=%2Fwp%2Fv2%2Fcategories&post=123516"},{"taxonomy":"post_tag","embeddable":true,"href":"https:\/\/www.diarioimagen.net\/index.php?rest_route=%2Fwp%2Fv2%2Ftags&post=123516"}],"curies":[{"name":"wp","href":"https:\/\/api.w.org\/{rel}","templated":true}]}}