{"id":123550,"date":"2013-03-06T00:07:51","date_gmt":"2013-03-06T06:07:51","guid":{"rendered":"http:\/\/www.diarioimagen.net\/?p=123550"},"modified":"2013-03-06T05:59:31","modified_gmt":"2013-03-06T11:59:31","slug":"ahora-van-por-su-familia-y-su-entorno","status":"publish","type":"post","link":"https:\/\/www.diarioimagen.net\/?p=123550","title":{"rendered":"Ahora van por su familia y su entorno"},"content":{"rendered":"<h2>Tras la puerta del poder<\/h2>\n<h5>Roberto Vizca\u00edno<\/h5>\n<p>&nbsp;<\/p>\n<ul>\n<li><strong><i>El mundo de La Maestra se desmorona r\u00e1pidamente y su parentela y cercanos se hunden con ella<\/i><\/strong><\/li>\n<li><strong><i>Analistas y oposici\u00f3n cuestionan la inclusi\u00f3n de Pe\u00f1a Nieto en el Consejo Pol\u00edtico del PRI<\/i><\/strong><\/li>\n<li><strong><i>Las corrientes calderonista y anticalderonista luchan por el control del PAN<\/i><\/strong><\/li>\n<\/ul>\n<p>A una semana de caer en la c\u00e1rcel, Elba Esther Gordillo recibi\u00f3 su formal prisi\u00f3n y perdi\u00f3 definitivamente su otrora temido liderazgo magisterial sin que siquiera una sola escuela de las m\u00e1s de 100 mil que hay en el pa\u00eds haya parado en protesta por su aprehensi\u00f3n.<\/p>\n<p>Apenas cay\u00f3 en prisi\u00f3n y tambi\u00e9n fue despachada r\u00e1pidamente fuera del Panal, partido que ella ide\u00f3, proyect\u00f3, financi\u00f3, tramit\u00f3, registr\u00f3 y condujo hasta hace 10 d\u00edas.<\/p>\n<p>Ahora, desde atr\u00e1s de las rejas, ve c\u00f3mo sus multimillonarios bienes est\u00e1n en riesgo de ser confiscados y adem\u00e1s ha sido informada que la PGR ha logrado que se giren \u00f3rdenes de aprehensi\u00f3n del profesor Francisco Arriola &#8211;su marido y padre de su hija M\u00f3nica, hoy senadora de la Rep\u00fablica&#8211;, y de otros miembros de su entorno.<\/p>\n<p>Su mundo se desmorona r\u00e1pidamente. Toda la costosa y exclusiva ropa de marca y de dise\u00f1adores mundialmente reconocidos, pronto dejar\u00e1n de tener sentido para ella.<\/p>\n<p>Con una perspectiva de varios a\u00f1os en la c\u00e1rcel, cuando salga sus alhajas, bolsas y zapatos ya tampoco tendr\u00e1n ese atractivo que le causaron cuando era due\u00f1a de una vida de lujos y poder.<\/p>\n<p>Mientras tanto la directiva del SNTE bajo las \u00f3rdenes de su exprotegido Juan D\u00edaz de la Torre se ajusta pr\u00e1cticamente todos los d\u00edas, para evitar que la ola de detenciones les afecte en su funcionamiento.<\/p>\n<p>Eso ocurre sin que haya ninguna expresi\u00f3n de los dirigentes nacionales, estatales\u00a0 seccionales del SNTE en contra de lo que le ocurre a \u201cLa Maestra\u201d ni a sus cercanos.<\/p>\n<p>Durante la tarde de ayer se dijo que Arriola Urbina, presidente del Consejo Nacional de Administraci\u00f3n y Finanzas del SNTE, hab\u00eda sido aprehendido.<\/p>\n<p>Si alguien sabe cu\u00e1nto dinero sali\u00f3 del SNTE hacia Elba Esther Gordillo es su marido Francisco Arriola Urbina, quien durante cerca de 35 a\u00f1os oper\u00f3 como el jefe de finanzas del sindicato.<\/p>\n<p>Esto ocurri\u00f3 desde 10 o 15 a\u00f1os de la parte final de la era del liderazgo de Carlos Jonguitud Barrios, y luego durante los 24 a\u00f1os de la dirigencia de Elba Esther al frente del SNTE.<\/p>\n<p>Arriola fue durante todo ese tiempo el responsable de manejar los dineros gremiales bajo el amparo de la Gordillo, a trav\u00e9s de cargos como el de contralor del SNTE y como directivo del colegiado nacional de administraci\u00f3n y finanzas.<\/p>\n<p>Quienes lo conocen saben que no hab\u00eda peso que entrara o que saliera de las arcas del SNTE sin que \u00e9l lo supiera o autorizara.<\/p>\n<p>Durante el Congreso Nacional del SNTE efectuado hacia fines de octubre del 2012 en un hotel de super lujo en Playa del Carmen, la dirigente impuls\u00f3 la creaci\u00f3n dentro de las estructuras dirigentes del magisterio, el Comit\u00e9 Nacional de Vigilancia, Transparencia y Rendici\u00f3n de Resultados que ser\u00eda encabezado por \u00e9l.<\/p>\n<p>Arriola era el jefe del contador H\u00e9ctor Hern\u00e1ndez, y los detenidos Nora Ugarte e Isa\u00edas Rodr\u00edguez estaban bajo sus \u00f3rdenes, as\u00ed como Erick Rodr\u00edguez.<\/p>\n<p>Este grupo fue el n\u00facleo m\u00e1s cercano a Elba Esther y a trav\u00e9s del cual oper\u00f3 el traslado de dineros, adquisici\u00f3n de inmuebles, ropa, alhajas, y otros muchos objetos.<\/p>\n<p>Hoy todos ellos est\u00e1n detenidos o a punto de serlo. Van junto con \u201cLa Mestra\u201d en su hundimiento.<\/p>\n<p align=\"center\"><b>PE\u00d1A, \u00bfJEFE M\u00c1XIMO?<\/b><\/p>\n<p>Luego de que los delegados a la 21 Asamblea Nacional del PRI decidieron que el presidente de la Rep\u00fablica Enrique Pe\u00f1a Nieto dirija formalmente al Consejo Pol\u00edtico Nacional y con ello a la Comisi\u00f3n Pol\u00edtica Permanente, han surgido voces y cr\u00edticas como la del analista y polit\u00f3logo Jorge Alcocer quien se pregunta, \u00bfpero qu\u00e9 necesidad?<\/p>\n<p>Y lo hace porque al ser incorporado como parte de la estructura del PRI &#8211;cosa que no hab\u00eda ocurrido con ning\u00fan otro presidente de M\u00e9xico&#8211;, el primer mandatario ser\u00e1 Jefe de Estado, de Gobierno y de Partido.<\/p>\n<p>El asunto es que esto ocurre hoy que los partidos est\u00e1n regidos por normas y sujetos a la vigilancia y sanci\u00f3n de \u00f3rganos jurisdiccionales, lo cual podr\u00eda provocar conflictos legales.<\/p>\n<p>De entrada el presidente Enrique Pe\u00f1a Nieto presidir\u00e1 un \u00f3rgano en el que se discuten y aprueban plataformas electorales, elecci\u00f3n de candidatos, alianzas, presupuestos e informes de gastos, as\u00ed como la designaci\u00f3n de cargos.<\/p>\n<p>Pero resulta que el art\u00edculo 134 de la Constituci\u00f3n dice que todo servidor p\u00fablico est\u00e1 en la obligaci\u00f3n de aplicar con imparcialidad los recursos p\u00fablicos bajo su encargo, de tal forma que no altere la equidad entre partidos.<\/p>\n<p>Si Pe\u00f1a Nieto participar\u00e1 dentro del Consejo Pol\u00edtico y de la Comisi\u00f3n Pol\u00edtica Permanente en la definici\u00f3n de estrategias y gastos de campa\u00f1a, eso quiere decir que actuar\u00e1 dentro de su partido en tiempos de campa\u00f1a electoral, \u00bfc\u00f3mo evitar\u00e1 ser descalificado o sancionado por el Trife?.<\/p>\n<p>Alcocer advierte que no hay en el mundo moderno un Jefe de Estado, \u00a0Jefe de Gobierno y Jefe de Partido.<\/p>\n<p>La pregunta es simple, dice:<\/p>\n<p>\u00bfPuede un Jefe de Estado participar en un \u00f3rgano de partido sin que altere la equidad entre partidos?<\/p>\n<p>Una vez que el PRI entregue al IFE sus nuevos documentos, este instituto tendr\u00e1 que estudiarlos y dictaminar si est\u00e1n o no apegados a Ley y a la Constituci\u00f3n.<\/p>\n<p>Si pasan, entonces el Jefe de Estado va a ser sujeto de juicios ante el TRIFE, cuando la Constituci\u00f3n se\u00f1ala que un Presidente de la Rep\u00fablica s\u00f3lo puede ser enjuiciado por delitos graves o por traici\u00f3n a la patria.<\/p>\n<p>La interrogante del analista es: \u00bfQu\u00e9 gana el PRI poniendo al Presidente de la Rep\u00fablica, que es Jefe de Estado y Jefe de Gobierno en esta situaci\u00f3n?<b>\u00a0<\/b><\/p>\n<p align=\"center\"><b>BARRERA FUENTES<\/b><\/p>\n<p>El nombre de don Federico Barrera Fuentes regres\u00f3 ayer a ser el de la Sala de Prensa de la C\u00e1mara de Diputados, luego de haber sido desechado durante la \u00faltima remodelaci\u00f3n de ese espacio.<\/p>\n<p>El rescate corri\u00f3 a cargo del diputado pri\u00edsta Francisco Arroyo Vieyra, presidente de la mesa directiva en San L\u00e1zaro a semanas de que cumpliera 100 a\u00f1os de su nacimiento.<\/p>\n<p>Durante el evento la ex diputada y periodista Beatriz Pages, directora y propietaria de la Revista Siempre!, describi\u00f3 a don Federico Barrera Fuentes como un periodista de su tiempo, el que se reg\u00eda por el laicismo y el respeto a la Constituci\u00f3n y las Instituciones de la Rep\u00fablica, especialmente al Ej\u00e9rcito.<\/p>\n<p>Cronista parlamentario durante d\u00e9cadas esenciales para la vida del pa\u00eds, Barrera Fuentes fue adem\u00e1s un hombre de \u00e9tica y de grandes conocimientos, rica experiencia y de una tarea diplom\u00e1tica que lo llev\u00f3 a otros pa\u00edses.<\/p>\n<p>A su vez el diputado Francisco Arroyo Vieyra revel\u00f3 que tuvo una larga amistad con Barrera Fuentes, con quien acostumbraba a caminar y conversar para aprender.<\/p>\n<p>Luego de ser recuperada y recolocada la placa con el nombre de Federico Barrera Fuentes a las puertas de la Sala de Prensa de la C\u00e1mara de Diputados, su efigie fue develada tambi\u00e9n en ese sitio.<\/p>\n<p>En el acto estuvieron periodistas que conocieron a Don Federico Barrera Fuentes, quien muri\u00f3 hace 7 a\u00f1os, y quienes recordaron algunos pasajes de su obra period\u00edstica.<b>\u00a0<\/b><\/p>\n<p align=\"center\"><b>NO HAY CONDICIONES<\/b><\/p>\n<p>Representante del grupo del expresidente Felipe Calder\u00f3n que busca recuperar el control del Partido Acci\u00f3n Nacional, la consejera Mariana G\u00f3mez del Campo, asegur\u00f3 que no existen condiciones para que Acci\u00f3n Nacional sea reformado.<\/p>\n<p>La senadora consider\u00f3 que todo advierte que es mejor dejar como est\u00e1n estatutos y documentos b\u00e1sicos de su partido.<\/p>\n<p>Hace unos d\u00edas el Consejo Pol\u00edtico panista tuvo que suspender su sesi\u00f3n ante la falta de qu\u00f3rum, luego de que un centenar de sus consejeros se salieron para evitar que siguiera adelante el proceso de reforma interna.<\/p>\n<p>La Comisi\u00f3n de Evaluaci\u00f3n y Mejora pretende presentar un anteproyecto del que fue previamente enviado v\u00eda Internet a 382 consejeros nacionales del blanquiazul, lo cual desat\u00f3 de nuevo las confrontaciones en el seno de este instituto.<\/p>\n<p><em><a href=\"mailto:rvizcaino@gmail.com\" target=\"_blank\">rvizcaino@gmail.com<\/a><\/em><\/p>\n","protected":false},"excerpt":{"rendered":"<p><span style=\"color: #005497;\"><strong>Roberto Vizca\u00edno<\/strong><\/span><\/p>\n","protected":false},"author":1,"featured_media":0,"comment_status":"open","ping_status":"open","sticky":false,"template":"","format":"standard","meta":{"_monsterinsights_skip_tracking":false,"_monsterinsights_sitenote_active":false,"_monsterinsights_sitenote_note":"","_monsterinsights_sitenote_category":0,"footnotes":""},"categories":[136],"tags":[43674,93,94],"class_list":["post-123550","post","type-post","status-publish","format-standard","hentry","category-roberto-vizcaino-opinion","tag-opinion","tag-roberto-vizcaino","tag-tras-la-puerta-del-poder"],"_links":{"self":[{"href":"https:\/\/www.diarioimagen.net\/index.php?rest_route=\/wp\/v2\/posts\/123550","targetHints":{"allow":["GET"]}}],"collection":[{"href":"https:\/\/www.diarioimagen.net\/index.php?rest_route=\/wp\/v2\/posts"}],"about":[{"href":"https:\/\/www.diarioimagen.net\/index.php?rest_route=\/wp\/v2\/types\/post"}],"author":[{"embeddable":true,"href":"https:\/\/www.diarioimagen.net\/index.php?rest_route=\/wp\/v2\/users\/1"}],"replies":[{"embeddable":true,"href":"https:\/\/www.diarioimagen.net\/index.php?rest_route=%2Fwp%2Fv2%2Fcomments&post=123550"}],"version-history":[{"count":0,"href":"https:\/\/www.diarioimagen.net\/index.php?rest_route=\/wp\/v2\/posts\/123550\/revisions"}],"wp:attachment":[{"href":"https:\/\/www.diarioimagen.net\/index.php?rest_route=%2Fwp%2Fv2%2Fmedia&parent=123550"}],"wp:term":[{"taxonomy":"category","embeddable":true,"href":"https:\/\/www.diarioimagen.net\/index.php?rest_route=%2Fwp%2Fv2%2Fcategories&post=123550"},{"taxonomy":"post_tag","embeddable":true,"href":"https:\/\/www.diarioimagen.net\/index.php?rest_route=%2Fwp%2Fv2%2Ftags&post=123550"}],"curies":[{"name":"wp","href":"https:\/\/api.w.org\/{rel}","templated":true}]}}