{"id":123700,"date":"2013-03-07T00:04:27","date_gmt":"2013-03-07T06:04:27","guid":{"rendered":"http:\/\/www.diarioimagen.net\/?p=123700"},"modified":"2013-03-07T04:04:56","modified_gmt":"2013-03-07T10:04:56","slug":"pide-que-liberen-a-su-hijo","status":"publish","type":"post","link":"https:\/\/www.diarioimagen.net\/?p=123700","title":{"rendered":"Pide que liberen a su hijo"},"content":{"rendered":"<h2>Punto por punto<\/h2>\n<h5>Augusto Corro<\/h5>\n<p>&nbsp;<\/p>\n<p>El secuestro de un hijo y la angustia de no saber si se encuentra vivo o muerto son dolores may\u00fasculos.<\/p>\n<p>A esa tragedia se enfrenta un empresario espa\u00f1ol, quien desde el 4 de febrero del 2012 no volvi\u00f3 a ver a su v\u00e1stago.<\/p>\n<p>Hablamos de Jos\u00e9 Luis Crespo de las Casas, quien tiene la esperanza, la fe, que su hijo todav\u00eda se encuentre con vida.<\/p>\n<p>\u201c\u2026Y si lo mataron\u2026 pues que me digan d\u00f3nde est\u00e1 para que me entierren junto con \u00e9l\u201d, dijo el atribulado padre en una entrevista.<\/p>\n<p>Manifest\u00f3 que su hijo mayor, Jos\u00e9 Luis Crespo Llabr\u00e9s, fue plagiado por un grupo de hombres armados en su casa de Xalisco, municipio conurbado de Tepic, Nayarit.<\/p>\n<p>Ya transcurri\u00f3 m\u00e1s de un a\u00f1o, y el espa\u00f1ol no volvi\u00f3 a saber m\u00e1s de su hijo.<\/p>\n<p>Durante los primeros d\u00edas del secuestro, los delincuentes se comunicaron con la familia y exigieron 8 millones de pesos para liberar a la v\u00edctima.<\/p>\n<p>La negociaci\u00f3n qued\u00f3 en 520 mil pesos, mismos que fueron entregados a los plagiarios. Estos no cumplieron su palabra, por lo menos hasta esta fecha.<\/p>\n<p>\u00bfExiste mayor dolor que la p\u00e9rdida de un hijo? \u00bfEn circunstancias tan terribles?<\/p>\n<p>El progenitor exhort\u00f3 a los secuestradores a que le entreguen a su hijo. Lo que quiere el empresario espa\u00f1ol es terminar con m\u00e1s de 12 meses de desesperaci\u00f3n.<\/p>\n<p>\u201cQuiero mucho (a mi hijo) y es una angustia muy grande la que uno est\u00e1 pasando\u2026 Porque la verdad es como si de quitar\u00e1n m\u00e1s de media vida\u201d, dijo Crespo de las Casas.<\/p>\n<p>Nayarit tampoco se ha librado de esa plaga de secuestradores. Extraoficialmente se inform\u00f3 que se registraron m\u00e1s de 30 casos de plagio durante 2012 en la mencionada entidad.<\/p>\n<p align=\"center\"><b>LA VIDA BREVE\u00a0<\/b><b>DE ARMANDO<\/b><\/p>\n<p>Por otro lado, en una de las historias llenas de violencia y muerte se encuentra la de Jorge Armando Moreno, de 13 a\u00f1os, conocido como \u201cEl Ni\u00f1o Sicario\u201d.<\/p>\n<p>La polic\u00eda de Zacatecas aprehendi\u00f3 al menor de edad y lo llev\u00f3 ante la justicia. Su trayectoria como asesino fue revelada ante las autoridades. Cuando ocurri\u00f3 la captura del ni\u00f1o, \u00e9ste se encontraba en una casa de seguridad con un grupo de guatemaltecos involucrados en el crimen organizado.<\/p>\n<p>El mismo Jorge Armando confes\u00f3 ser delincuente y\u00a0 entre otras cosas acept\u00f3 su participaci\u00f3n en la ejecuci\u00f3n de diez personas. Debido a la edad del detenido, no hubo manera de enviarlo a la c\u00e1rcel. As\u00ed, con toda esa experiencia sobre la delincuencia, fue puesto en libertad. Su madre se responsabiliz\u00f3 de la conducta de Jorge Armando.<\/p>\n<p>Pasaron los d\u00edas y \u201cEl Ni\u00f1o Sicario\u201d desapareci\u00f3. Su progenitora no volvi\u00f3 a saber nada de su hijo y lo primero que hizo fue entrevistarse con las autoridades para manifestarles que su v\u00e1stago no aparec\u00eda por ning\u00fan lado.<\/p>\n<p>El juez orden\u00f3 la localizaci\u00f3n del menor sin resultados positivos.\u00a0 Por fin, el 28 de febrero pasado, el cuerpo sin vida de Jorge Armando fue encontrado junto a otros cinco cad\u00e1veres, entre ellos cuatro de mujeres, que mostraban rastros de tortura. Los cuerpos estaban apilados en un tramo de la carretera que va de Vetagrande a Morelos, cerca de la ciudad de Zacatecas.<\/p>\n<p align=\"center\"><b>VIACRUCIS SIN FIN<\/b><\/p>\n<p>En Quer\u00e9taro fue denunciado el presunto secuestro de ocho mujeres migrantes, al parecer de origen hondure\u00f1o. El sacerdote Mario Gonz\u00e1lez Melchor, de la Casa del Migrante Gonz\u00e1lez y Mart\u00ednez, fue quien dio\u00a0 a conocer lo ocurrido hace tres semanas.<\/p>\n<p>Las mujeres viajaban en \u201cLa Bestia\u201d, el tren que utilizan los centroamericanos para llegar a Estados Unidos.<\/p>\n<p>Cuando la m\u00e1quina se detuvo en la comunidad de San Nicol\u00e1s, municipio de Tequisquiapan, un grupo de sujetos armados baj\u00f3 a todos y seleccion\u00f3 a las ocho mujeres, acto seguido las subieron a dos camionetas y se las llevaron. Se ignora su paradero.<\/p>\n<p>El padre Gonz\u00e1lez Melchor solicit\u00f3 ayuda a los encargados de todas las casas de migrantes del pa\u00eds, con el prop\u00f3sito de localizar a las migrantes.<\/p>\n<p><em><a href=\"mailto:aco2742@hotmail.com\" target=\"_blank\">aco2742@hotmail.com<\/a><\/em><\/p>\n","protected":false},"excerpt":{"rendered":"<p><span style=\"color: #005497;\"><strong>Augusto Corro<\/strong><\/span><\/p>\n","protected":false},"author":1,"featured_media":0,"comment_status":"open","ping_status":"open","sticky":false,"template":"","format":"standard","meta":{"_monsterinsights_skip_tracking":false,"_monsterinsights_sitenote_active":false,"_monsterinsights_sitenote_note":"","_monsterinsights_sitenote_category":0,"footnotes":""},"categories":[157],"tags":[43686,43674,11515],"class_list":["post-123700","post","type-post","status-publish","format-standard","hentry","category-augusto-corro","tag-augusto-corro","tag-opinion","tag-punto-por-punto"],"_links":{"self":[{"href":"https:\/\/www.diarioimagen.net\/index.php?rest_route=\/wp\/v2\/posts\/123700","targetHints":{"allow":["GET"]}}],"collection":[{"href":"https:\/\/www.diarioimagen.net\/index.php?rest_route=\/wp\/v2\/posts"}],"about":[{"href":"https:\/\/www.diarioimagen.net\/index.php?rest_route=\/wp\/v2\/types\/post"}],"author":[{"embeddable":true,"href":"https:\/\/www.diarioimagen.net\/index.php?rest_route=\/wp\/v2\/users\/1"}],"replies":[{"embeddable":true,"href":"https:\/\/www.diarioimagen.net\/index.php?rest_route=%2Fwp%2Fv2%2Fcomments&post=123700"}],"version-history":[{"count":0,"href":"https:\/\/www.diarioimagen.net\/index.php?rest_route=\/wp\/v2\/posts\/123700\/revisions"}],"wp:attachment":[{"href":"https:\/\/www.diarioimagen.net\/index.php?rest_route=%2Fwp%2Fv2%2Fmedia&parent=123700"}],"wp:term":[{"taxonomy":"category","embeddable":true,"href":"https:\/\/www.diarioimagen.net\/index.php?rest_route=%2Fwp%2Fv2%2Fcategories&post=123700"},{"taxonomy":"post_tag","embeddable":true,"href":"https:\/\/www.diarioimagen.net\/index.php?rest_route=%2Fwp%2Fv2%2Ftags&post=123700"}],"curies":[{"name":"wp","href":"https:\/\/api.w.org\/{rel}","templated":true}]}}