{"id":123758,"date":"2013-03-07T00:04:43","date_gmt":"2013-03-07T06:04:43","guid":{"rendered":"http:\/\/www.diarioimagen.net\/?p=123758"},"modified":"2013-03-08T01:22:14","modified_gmt":"2013-03-08T07:22:14","slug":"libertad-de-expresion-no-incluye-discurso-homofobico-scjn","status":"publish","type":"post","link":"https:\/\/www.diarioimagen.net\/?p=123758","title":{"rendered":"Libertad de expresi\u00f3n no incluye discurso homof\u00f3bico: SCJN"},"content":{"rendered":"<ul>\n<li><em><strong>Los ministros fallan que inferir no es una opci\u00f3n sexual v\u00e1lida, sino una condici\u00f3n de inferioridad\u00a0y constituye una manifestaci\u00f3n discriminatoria<\/strong><\/em><\/li>\n<\/ul>\n<div id=\"attachment_123791\" style=\"width: 250px\" class=\"wp-caption alignleft\"><a href=\"http:\/\/www.diarioimagen.net\/wp-content\/uploads\/2013\/03\/Corte-2051.jpg\"><img loading=\"lazy\" decoding=\"async\" aria-describedby=\"caption-attachment-123791\" class=\"size-medium wp-image-123791\" alt=\"La primera sala de la Suprema Corte de Justicia de la Naci\u00f3n consider\u00f3 que las palabras homof\u00f3bicas no son tuteladas por el derecho a la libertad de expresi\u00f3n.\" src=\"http:\/\/www.diarioimagen.net\/wp-content\/uploads\/2013\/03\/Corte-2051-240x135.jpg\" width=\"240\" height=\"135\" srcset=\"https:\/\/www.diarioimagen.net\/wp-content\/uploads\/2013\/03\/Corte-2051-240x135.jpg 240w, https:\/\/www.diarioimagen.net\/wp-content\/uploads\/2013\/03\/Corte-2051-420x236.jpg 420w, https:\/\/www.diarioimagen.net\/wp-content\/uploads\/2013\/03\/Corte-2051-235x132.jpg 235w, https:\/\/www.diarioimagen.net\/wp-content\/uploads\/2013\/03\/Corte-2051-202x114.jpg 202w, https:\/\/www.diarioimagen.net\/wp-content\/uploads\/2013\/03\/Corte-2051-350x196.jpg 350w, https:\/\/www.diarioimagen.net\/wp-content\/uploads\/2013\/03\/Corte-2051-220x123.jpg 220w, https:\/\/www.diarioimagen.net\/wp-content\/uploads\/2013\/03\/Corte-2051-237x132.jpg 237w, https:\/\/www.diarioimagen.net\/wp-content\/uploads\/2013\/03\/Corte-2051.jpg 480w\" sizes=\"auto, (max-width: 240px) 100vw, 240px\" \/><\/a><p id=\"caption-attachment-123791\" class=\"wp-caption-text\">La primera sala de la Suprema Corte de Justicia de la Naci\u00f3n consider\u00f3 que las palabras homof\u00f3bicas no son tuteladas por el derecho a la libertad de expresi\u00f3n.<\/p><\/div>\n<p>Las expresiones homof\u00f3bicas y el discurso consistente en inferir que la homosexualidad no es una opci\u00f3n sexual v\u00e1lida, sino una condici\u00f3n de inferioridad constituyen manifestaciones discriminatorias, que no est\u00e1n protegidas por el principio de libertad de expresi\u00f3n consagrado en la Constituci\u00f3n.<\/p>\n<p>As\u00ed lo determin\u00f3 la Primera Sala de la Suprema Corte de Justicia de la Naci\u00f3n (SCJN) al resolver el amparo directo en revisi\u00f3n 2806\/2012, donde se aprob\u00f3 por mayor\u00eda el proyecto presentado por el ministro Arturo Zald\u00edvar Lelo de Larrea.<\/p>\n<p>En este caso, el \u00f3rgano del m\u00e1ximo tribunal del pa\u00eds resolvi\u00f3 este asunto, donde se analiz\u00f3, por primera vez en la jurisprudencia mexicana, el problema entre la libertad de expresi\u00f3n y las manifestaciones discriminatorias, espec\u00edficamente las expresiones hom\u00f3fobas.<\/p>\n<p>Al resolver el referido amparo directo en revisi\u00f3n, la sala analiz\u00f3 la fuerte influencia del lenguaje en la percepci\u00f3n que las personas tienen de la realidad, pudiendo provocar prejuicios que se arraigan en la sociedad mediante expresiones que predisponen la marginaci\u00f3n de ciertos individuos o grupos.<\/p>\n<p>Adem\u00e1s, la Primera Sala tambi\u00e9n estudi\u00f3 el papel de los discursos dominantes y los estereotipos, por lo que se\u00f1al\u00f3 que el lenguaje que se utiliza para ofender o descalificar a ciertos grupos adquiere la calificativa de discriminatorio.<\/p>\n<p>De esta forma, refiri\u00f3 que las manifestaciones hom\u00f3fobas son una categor\u00eda de discursos del odio, los cuales se identifican por provocar o fomentar el rechazo hacia un grupo social y mediante las expresiones de menosprecio e insulto que contienen generan sentimientos sociales de hostilidad contra personas o grupos.<\/p>\n<p>Por ello, la Primera Sala determin\u00f3 que las expresiones empleadas en el caso concreto del estudio, consistentes en las palabras \u201cmaricones\u201d y \u201cpu\u00f1al\u201d, fueron ofensivas.<\/p>\n<p>Ello, porque si bien se trata de expresiones fuertemente arraigadas en el lenguaje de la sociedad mexicana lo cierto es que no pueden convalidar violaciones a derechos fundamentales.<\/p>\n<p>&nbsp;<\/p>\n","protected":false},"excerpt":{"rendered":"<p>Las expresiones homof\u00f3bicas y el discurso consistente en inferir que la homosexualidad no es una opci\u00f3n sexual v\u00e1lida, sino una condici\u00f3n de inferioridad constituyen manifestaciones discriminatorias, que no est\u00e1n protegidas por el principio de libertad de expresi\u00f3n consagrado en la Constituci\u00f3n.<\/p>\n","protected":false},"author":1,"featured_media":123791,"comment_status":"open","ping_status":"open","sticky":false,"template":"","format":"standard","meta":{"_monsterinsights_skip_tracking":false,"_monsterinsights_sitenote_active":false,"_monsterinsights_sitenote_note":"","_monsterinsights_sitenote_category":0,"footnotes":""},"categories":[17,3],"tags":[2205,43673,2852],"class_list":["post-123758","post","type-post","status-publish","format-standard","has-post-thumbnail","hentry","category-especiales","category-nacional","tag-libertad-de-expresion","tag-nacional","tag-scjn"],"_links":{"self":[{"href":"https:\/\/www.diarioimagen.net\/index.php?rest_route=\/wp\/v2\/posts\/123758","targetHints":{"allow":["GET"]}}],"collection":[{"href":"https:\/\/www.diarioimagen.net\/index.php?rest_route=\/wp\/v2\/posts"}],"about":[{"href":"https:\/\/www.diarioimagen.net\/index.php?rest_route=\/wp\/v2\/types\/post"}],"author":[{"embeddable":true,"href":"https:\/\/www.diarioimagen.net\/index.php?rest_route=\/wp\/v2\/users\/1"}],"replies":[{"embeddable":true,"href":"https:\/\/www.diarioimagen.net\/index.php?rest_route=%2Fwp%2Fv2%2Fcomments&post=123758"}],"version-history":[{"count":0,"href":"https:\/\/www.diarioimagen.net\/index.php?rest_route=\/wp\/v2\/posts\/123758\/revisions"}],"wp:featuredmedia":[{"embeddable":true,"href":"https:\/\/www.diarioimagen.net\/index.php?rest_route=\/wp\/v2\/media\/123791"}],"wp:attachment":[{"href":"https:\/\/www.diarioimagen.net\/index.php?rest_route=%2Fwp%2Fv2%2Fmedia&parent=123758"}],"wp:term":[{"taxonomy":"category","embeddable":true,"href":"https:\/\/www.diarioimagen.net\/index.php?rest_route=%2Fwp%2Fv2%2Fcategories&post=123758"},{"taxonomy":"post_tag","embeddable":true,"href":"https:\/\/www.diarioimagen.net\/index.php?rest_route=%2Fwp%2Fv2%2Ftags&post=123758"}],"curies":[{"name":"wp","href":"https:\/\/api.w.org\/{rel}","templated":true}]}}