{"id":123764,"date":"2013-03-07T00:13:06","date_gmt":"2013-03-07T06:13:06","guid":{"rendered":"http:\/\/www.diarioimagen.net\/?p=123764"},"modified":"2013-03-07T04:11:13","modified_gmt":"2013-03-07T10:11:13","slug":"inicia-edomex-construccion-de-carriles-de-retorno-del-viaducto-elevado","status":"publish","type":"post","link":"https:\/\/www.diarioimagen.net\/?p=123764","title":{"rendered":"Inicia Edomex construcci\u00f3n  de carriles de retorno del Viaducto Elevado"},"content":{"rendered":"<h2>Arco Norte<\/h2>\n<h5>Jos\u00e9 Luis Monta\u00f1ez Aguilar<\/h5>\n<p>&nbsp;<\/p>\n<ul>\n<li><em><strong>Felicita Eruviel \u00c1vila a \u00c1ngelica Rivera por su nombramiento en el DIF<\/strong><\/em><\/li>\n<\/ul>\n<div id=\"attachment_123817\" style=\"width: 250px\" class=\"wp-caption alignleft\"><a href=\"http:\/\/www.diarioimagen.net\/wp-content\/uploads\/2013\/03\/eruviel-2051.jpg\"><img loading=\"lazy\" decoding=\"async\" aria-describedby=\"caption-attachment-123817\" class=\"size-medium wp-image-123817\" alt=\"Eruviel \u00c1vila Villegas, gobernador del Estado de M\u00e9xico.\" src=\"http:\/\/www.diarioimagen.net\/wp-content\/uploads\/2013\/03\/eruviel-2051-240x135.jpg\" width=\"240\" height=\"135\" srcset=\"https:\/\/www.diarioimagen.net\/wp-content\/uploads\/2013\/03\/eruviel-2051-240x135.jpg 240w, https:\/\/www.diarioimagen.net\/wp-content\/uploads\/2013\/03\/eruviel-2051-420x236.jpg 420w, https:\/\/www.diarioimagen.net\/wp-content\/uploads\/2013\/03\/eruviel-2051-235x132.jpg 235w, https:\/\/www.diarioimagen.net\/wp-content\/uploads\/2013\/03\/eruviel-2051-202x114.jpg 202w, https:\/\/www.diarioimagen.net\/wp-content\/uploads\/2013\/03\/eruviel-2051-350x196.jpg 350w, https:\/\/www.diarioimagen.net\/wp-content\/uploads\/2013\/03\/eruviel-2051-220x123.jpg 220w, https:\/\/www.diarioimagen.net\/wp-content\/uploads\/2013\/03\/eruviel-2051-237x132.jpg 237w, https:\/\/www.diarioimagen.net\/wp-content\/uploads\/2013\/03\/eruviel-2051.jpg 480w\" sizes=\"auto, (max-width: 240px) 100vw, 240px\" \/><\/a><p id=\"caption-attachment-123817\" class=\"wp-caption-text\">Eruviel \u00c1vila Villegas, gobernador del Estado de M\u00e9xico.<\/p><\/div>\n<p>Desde el primer d\u00eda de su administraci\u00f3n, el gobernador del Estado de M\u00e9xico, Eruviel \u00c1vila Villegas, se comprometi\u00f3 a impulsar todas aquellas obras que beneficien a los habitantes de la entidad. En el Valle de M\u00e9xico hay una de las tres metr\u00f3polis m\u00e1s grandes del mundo y por ella circulan diariamente millones de veh\u00edculos. En la zona poniente, concretamente en los municipios de Naucalpan, Tlalnepantla, Atizap\u00e1n, los Cuautitlanes y la salida a Quer\u00e9taro, se requieren vialidades de primer mundo y por ello se ha iniciado la construcci\u00f3n de los carriles de retorno del Viaducto Elevado Bicentenario en Perif\u00e9rico Norte, desde Lomas Verdes a Cuatro Caminos. El secretario de Comunicaciones del Estado de M\u00e9xico, Apolinar Mena Vargas, y el alcalde de Naucalpan, David S\u00e1nchez Guevara, pondr\u00e1n la primera piedra del segundo cuerpo de carriles elevados del Viaducto Elevado Bicentenario. El segundo piso mexiquense, actualmente es reversible; por las ma\u00f1anas los autos circulan del Estado de M\u00e9xico hacia el Distrito Federal y por las tardes opera en sentido contrario de Cuatro Caminos hacia Cuautitl\u00e1n Izcalli, a lo largo de 22 kil\u00f3metros de vialidad de cuota. La construcci\u00f3n de 4.2 kil\u00f3metros en trabajos nocturnos se realizar\u00e1n a lo largo de los pr\u00f3ximos cuatro meses, inform\u00f3 el alcalde naucalpense, David S\u00e1nchez Guevara.<\/p>\n<p style=\"text-align: center;\"><strong>ERUVIEL FELICITA A LA\u00a0PRIMERA DAMA DEL PA\u00cdS<\/strong><\/p>\n<p>Eruviel \u00c1vila, gobernador mexiquense, dese\u00f3 a trav\u00e9s de su cuenta de Twitter @eruviel_avila, \u00e9xito y felicit\u00f3 a la primera dama de M\u00e9xico, Ang\u00e9lica Rivera de Pe\u00f1a, por su nombramiento como presidenta del Consejo Ciudadano Consultivo del DIF nacional. La esposa del presidente Enrique Pe\u00f1a recalc\u00f3 que es momento de trabajar juntos por el bienes\u00adtar de las familias mexicanas y lograr que nuestros hijos tengan un mejor pa\u00eds.<\/p>\n<p><em><a href=\"mailto:montanezaguilar@gmail.com\" target=\"_blank\">montanezaguilar@gmail.com<\/a><\/em><\/p>\n","protected":false},"excerpt":{"rendered":"<p><span style=\"color: #005497;\"><strong>Jos\u00e9 Luis Monta\u00f1ez Aguilar<\/strong><\/span><br \/>\n<br \/>\nDesde el primer d\u00eda de su administraci\u00f3n, el gobernador del Estado de M\u00e9xico<\/p>\n","protected":false},"author":1,"featured_media":123817,"comment_status":"open","ping_status":"open","sticky":false,"template":"","format":"standard","meta":{"_monsterinsights_skip_tracking":false,"_monsterinsights_sitenote_active":false,"_monsterinsights_sitenote_note":"","_monsterinsights_sitenote_category":0,"footnotes":""},"categories":[5],"tags":[13284,5828,43675,43704],"class_list":["post-123764","post","type-post","status-publish","format-standard","has-post-thumbnail","hentry","category-estado-de-mexico","tag-arco-norte","tag-eruviel-avila-villegas","tag-estado-de-mexico","tag-jose-luis-montanez-aguilar"],"_links":{"self":[{"href":"https:\/\/www.diarioimagen.net\/index.php?rest_route=\/wp\/v2\/posts\/123764","targetHints":{"allow":["GET"]}}],"collection":[{"href":"https:\/\/www.diarioimagen.net\/index.php?rest_route=\/wp\/v2\/posts"}],"about":[{"href":"https:\/\/www.diarioimagen.net\/index.php?rest_route=\/wp\/v2\/types\/post"}],"author":[{"embeddable":true,"href":"https:\/\/www.diarioimagen.net\/index.php?rest_route=\/wp\/v2\/users\/1"}],"replies":[{"embeddable":true,"href":"https:\/\/www.diarioimagen.net\/index.php?rest_route=%2Fwp%2Fv2%2Fcomments&post=123764"}],"version-history":[{"count":0,"href":"https:\/\/www.diarioimagen.net\/index.php?rest_route=\/wp\/v2\/posts\/123764\/revisions"}],"wp:featuredmedia":[{"embeddable":true,"href":"https:\/\/www.diarioimagen.net\/index.php?rest_route=\/wp\/v2\/media\/123817"}],"wp:attachment":[{"href":"https:\/\/www.diarioimagen.net\/index.php?rest_route=%2Fwp%2Fv2%2Fmedia&parent=123764"}],"wp:term":[{"taxonomy":"category","embeddable":true,"href":"https:\/\/www.diarioimagen.net\/index.php?rest_route=%2Fwp%2Fv2%2Fcategories&post=123764"},{"taxonomy":"post_tag","embeddable":true,"href":"https:\/\/www.diarioimagen.net\/index.php?rest_route=%2Fwp%2Fv2%2Ftags&post=123764"}],"curies":[{"name":"wp","href":"https:\/\/api.w.org\/{rel}","templated":true}]}}