{"id":123869,"date":"2013-03-08T00:00:20","date_gmt":"2013-03-08T06:00:20","guid":{"rendered":"http:\/\/www.diarioimagen.net\/?p=123869"},"modified":"2013-03-08T01:42:29","modified_gmt":"2013-03-08T07:42:29","slug":"urge-consolidar-seguridad-social-mercedes-juan","status":"publish","type":"post","link":"https:\/\/www.diarioimagen.net\/?p=123869","title":{"rendered":"Urge consolidar seguridad social: Mercedes Juan"},"content":{"rendered":"<ul>\n<li><em><strong>Har\u00e1 efectivo el derecho a la salud<\/strong><\/em><\/li>\n<\/ul>\n<div id=\"attachment_124014\" style=\"width: 250px\" class=\"wp-caption alignleft\"><a href=\"http:\/\/www.diarioimagen.net\/wp-content\/uploads\/2013\/03\/Salud-2052.jpg\"><img loading=\"lazy\" decoding=\"async\" aria-describedby=\"caption-attachment-124014\" class=\"size-medium wp-image-124014\" alt=\"La secretaria de Salud, Mercedes Juan L\u00f3pez.\" src=\"http:\/\/www.diarioimagen.net\/wp-content\/uploads\/2013\/03\/Salud-2052-240x135.jpg\" width=\"240\" height=\"135\" srcset=\"https:\/\/www.diarioimagen.net\/wp-content\/uploads\/2013\/03\/Salud-2052-240x135.jpg 240w, https:\/\/www.diarioimagen.net\/wp-content\/uploads\/2013\/03\/Salud-2052-420x236.jpg 420w, https:\/\/www.diarioimagen.net\/wp-content\/uploads\/2013\/03\/Salud-2052-235x132.jpg 235w, https:\/\/www.diarioimagen.net\/wp-content\/uploads\/2013\/03\/Salud-2052-202x114.jpg 202w, https:\/\/www.diarioimagen.net\/wp-content\/uploads\/2013\/03\/Salud-2052-350x196.jpg 350w, https:\/\/www.diarioimagen.net\/wp-content\/uploads\/2013\/03\/Salud-2052-220x123.jpg 220w, https:\/\/www.diarioimagen.net\/wp-content\/uploads\/2013\/03\/Salud-2052-237x132.jpg 237w, https:\/\/www.diarioimagen.net\/wp-content\/uploads\/2013\/03\/Salud-2052.jpg 480w\" sizes=\"auto, (max-width: 240px) 100vw, 240px\" \/><\/a><p id=\"caption-attachment-124014\" class=\"wp-caption-text\">La secretaria de Salud, Mercedes Juan L\u00f3pez.<\/p><\/div>\n<p>M\u00e9xico requiere de reformas a la ley y pr\u00e1cticas m\u00e9dicas que correspondan a la realidad del pa\u00eds, por lo que el Presidente de la Rep\u00fablica ha planteado la necesidad de consolidar un sistema de seguridad social universal, se\u00f1al\u00f3 la secretaria de Salud, Mercedes Juan L\u00f3pez.<\/p>\n<p>Dijo que en este nuevo sistema de seguridad social, lo m\u00e1s importante es \u201cllegar y hacer efectivo el derecho a la protecci\u00f3n de la salud que est\u00e1 en nuestro Art\u00edculo Cuarto Constitucional y claro, tambi\u00e9n, sobre los derechos humanos fundamentales que nos establece el art\u00edculo 1 de la Constituci\u00f3n\u201d.<\/p>\n<p>Durante la inauguraci\u00f3n del seminario \u201cImplicaciones del Derecho en la Medicina\u201d, explic\u00f3 que lo anterior es para brindar a cualquier mexicano, independientemente de su condici\u00f3n social o estatus laboral, un conjunto de beneficios sociales procurados por el Estado.<\/p>\n<p>Reconoci\u00f3 que si bien es cierto que la Constituci\u00f3n Pol\u00edtica consigna el derecho a la protecci\u00f3n de la salud, \u201ctodav\u00eda debemos trabajar intensamente para lograr el ejercicio de ese derecho, de acceso efectivo y con calidad a los servicios de salud\u201d.<\/p>\n<p>Por ello, expuso, es necesario contar con instrumentos actuales del derecho y la medicina para impulsar dos principios que deben hacer realidad este postulado constitucional.<\/p>\n<p>El primero de estos principios, explic\u00f3, est\u00e1 establecido en el Pacto por M\u00e9xico y se refiere a la portabilidad de las coberturas para todos los asegurados, lo que significa que \u00e9stos puedan ser atendidos en cualquiera de los programas p\u00fablicos de salud.<\/p>\n<p>El segundo, continu\u00f3, es la convergencia de los sistemas para igualar gradualmente la cobertura y calidad de todos ellos.<\/p>\n<p>Esto, agreg\u00f3, \u201cnos lleva tambi\u00e9n a hablar en el futuro de una reforma sanitaria en donde tendremos que revisar toda la parte legislativa de nuestra Ley General de Salud, las leyes hacendarias y las leyes de seguridad social, entre otras\u201d.<\/p>\n<p>&nbsp;<\/p>\n","protected":false},"excerpt":{"rendered":"<p>M\u00e9xico requiere de reformas a la ley y pr\u00e1cticas m\u00e9dicas que correspondan a la realidad del pa\u00eds, por lo que el Presidente de la Rep\u00fablica ha planteado la necesidad de consolidar un sistema de seguridad social universal, se\u00f1al\u00f3 la secretaria de Salud, Mercedes Juan L\u00f3pez.<\/p>\n","protected":false},"author":1,"featured_media":124014,"comment_status":"open","ping_status":"open","sticky":false,"template":"","format":"standard","meta":{"_monsterinsights_skip_tracking":false,"_monsterinsights_sitenote_active":false,"_monsterinsights_sitenote_note":"","_monsterinsights_sitenote_category":0,"footnotes":""},"categories":[877],"tags":[25488,43692,4935],"class_list":["post-123869","post","type-post","status-publish","format-standard","has-post-thumbnail","hentry","category-salud","tag-pacto-por-mexico","tag-salud","tag-seguridad-social"],"_links":{"self":[{"href":"https:\/\/www.diarioimagen.net\/index.php?rest_route=\/wp\/v2\/posts\/123869","targetHints":{"allow":["GET"]}}],"collection":[{"href":"https:\/\/www.diarioimagen.net\/index.php?rest_route=\/wp\/v2\/posts"}],"about":[{"href":"https:\/\/www.diarioimagen.net\/index.php?rest_route=\/wp\/v2\/types\/post"}],"author":[{"embeddable":true,"href":"https:\/\/www.diarioimagen.net\/index.php?rest_route=\/wp\/v2\/users\/1"}],"replies":[{"embeddable":true,"href":"https:\/\/www.diarioimagen.net\/index.php?rest_route=%2Fwp%2Fv2%2Fcomments&post=123869"}],"version-history":[{"count":0,"href":"https:\/\/www.diarioimagen.net\/index.php?rest_route=\/wp\/v2\/posts\/123869\/revisions"}],"wp:featuredmedia":[{"embeddable":true,"href":"https:\/\/www.diarioimagen.net\/index.php?rest_route=\/wp\/v2\/media\/124014"}],"wp:attachment":[{"href":"https:\/\/www.diarioimagen.net\/index.php?rest_route=%2Fwp%2Fv2%2Fmedia&parent=123869"}],"wp:term":[{"taxonomy":"category","embeddable":true,"href":"https:\/\/www.diarioimagen.net\/index.php?rest_route=%2Fwp%2Fv2%2Fcategories&post=123869"},{"taxonomy":"post_tag","embeddable":true,"href":"https:\/\/www.diarioimagen.net\/index.php?rest_route=%2Fwp%2Fv2%2Ftags&post=123869"}],"curies":[{"name":"wp","href":"https:\/\/api.w.org\/{rel}","templated":true}]}}