{"id":123878,"date":"2013-03-08T00:07:44","date_gmt":"2013-03-08T06:07:44","guid":{"rendered":"http:\/\/www.diarioimagen.net\/?p=123878"},"modified":"2013-03-08T01:32:27","modified_gmt":"2013-03-08T07:32:27","slug":"los-primeros-100-dias-de-pena-nieto","status":"publish","type":"post","link":"https:\/\/www.diarioimagen.net\/?p=123878","title":{"rendered":"Los primeros 100 d\u00edas de Pe\u00f1a Nieto"},"content":{"rendered":"<h2>Tras la puerta del poder<\/h2>\n<h5>Roberto Vizca\u00edno<\/h5>\n<p>&nbsp;<\/p>\n<ul>\n<li><strong><i>En este tiempo el de Atlacomulco se ha significado como el Presidente m\u00e1s activo en la historia de M\u00e9xico<\/i><\/strong><\/li>\n<li><strong><i>El gobernador de Michoac\u00e1n, Fausto Vallejo, renunci\u00f3 finalmente a su encargo luego de entrar a Nutrici\u00f3n<\/i><\/strong><\/li>\n<li><strong><i>Zambrano tuvo que desconocer a la dirigencia del PRD en Veracruz para amarrar su alianza con el PAN<\/i><\/strong><\/li>\n<\/ul>\n<p>El domingo se cumplen los primeros 100 d\u00edas del r\u00e9gimen del presidente Enrique Pe\u00f1a Nieto.<\/p>\n<p>En apenas este lapso, el de Atlacomulco no s\u00f3lo ser\u00e1 recordado como el pol\u00edtico que regres\u00f3 al PRI a la Presidencia de la Rep\u00fablica luego de dos mandatarios surgidos del PAN &#8211;12 a\u00f1os de pol\u00edticas fracasadas, de administraciones en que se lleg\u00f3 a hablar de gobiernos fallidos&#8211;, sino de quien logr\u00f3 sentar a la mesa a todas las fuerzas pol\u00edticas y econ\u00f3micas reales para suscribir y cumplir con un acuerdo denominado Pacto por M\u00e9xico, del cual salieron las m\u00e1s importantes reformas para el desarrollo y la modernizaci\u00f3n de M\u00e9xico.<\/p>\n<p>Hoy todo advierte que las bases de este pacto, &#8211;\u201cTequio\u201d le llaman los oaxaque\u00f1os, quid pro quo lo llaman los diplom\u00e1ticos&#8211;, que no es otra cosa que dar lo mismo que se recibe, abre r\u00e1pidamente el camino a reformas que se pensaron imposibles hasta hace apenas menos de tres meses.<\/p>\n<p>Ya sali\u00f3 de ah\u00ed la educativa, y vienen la de telecomunicaciones, la hacendaria y fiscal y la energ\u00e9tica, adem\u00e1s de otros 90 compromisos acordados, dicen.<\/p>\n<p>No es algo como el Pacto de la Mocl\u00f3a, pero c\u00f3mo se le parece.<\/p>\n<p>Adicionalmente Pe\u00f1a Nieto ha echado a andar en este tiempo 12 importantes programas nacionales, una Cruzada contra el Hambre, se ha comprometido a construir 5 tramos de ferrocarril para vincular por ejemplo M\u00e9rida con Canc\u00fan, el DF con Toluca y Quer\u00e9taro, as\u00ed como Monterrey con otras ciudades del norte.<\/p>\n<p>Anunci\u00f3 la construcci\u00f3n de los aeropuertos internacionales de Chetumal y el de Playa del Carmen, que fortalecer\u00e1 el turismo en la zona, y dos puertos para cruceros, uno de ellos en Bah\u00eda de Banderas.<\/p>\n<p>Ni qu\u00e9 decir que el campanazo lo dio al ordenar a la PGR bajo la responsabilidad del hidalguense Jes\u00fas Murillo Karam la aprehensi\u00f3n de \u201cLa Maestra\u201d Elba Esther Gordillo y as\u00ed liquidar su viejo y temido liderazgo al frente del SNTE, con lo cual le dio curso libre a la reforma educativa.<\/p>\n<p>En este lapso hizo 3 viajes internacionales &#8211;uno a Chile y Uruguay, otro a San Jos\u00e9 de Costa Rica y uno m\u00e1s a Caracas Venezuela&#8211;, y prepara ahora mismo uno a China para los pr\u00f3ximos d\u00edas.<\/p>\n<p>Durante sus primeros 100 d\u00edas, Pe\u00f1a Nieto viaj\u00f3 a todos los estados del pa\u00eds y tuvo encuentros varias veces en foros diversos con todos los gobernadores, independientemente de su origen partidario.<\/p>\n<p>Con todos ellos convino una relaci\u00f3n estrecha para solucionar problemas estatales y regionales y design\u00f3 a 12 miembros de su gabinete para que act\u00faen como \u201cenlaces\u201d con todos los mandatarios estatales.<\/p>\n<p>Los 12 programas nacionales que ech\u00f3 a andar son: el Programa Nacional de Reordenamiento de la Propiedad Rural, el Programa Nacional de Cambio Clim\u00e1tico, el Programa Nacional Forestal, el Programa Nacional de Prevenci\u00f3n del Delito, el Programa Nacional y Pol\u00edtica Nacional de Seguridad, el Programa Nacional de Vivienda, el Programa Nacional de Turismo, el Programa Nacional contra la Sequ\u00eda, el Programa Nacional Hidr\u00e1ulico, el Programa Nacional de Emprendedores, el Programa Nacional de Ciencia y Tecnolog\u00eda y el Programa Nacional de Pensi\u00f3n a Adultos Mayores.<\/p>\n<p>En el Congreso se tramitan las iniciativas para la creaci\u00f3n de la Comisi\u00f3n Nacional Anticorrupci\u00f3n \u00a0y otra para dotar al IFAI de autonom\u00eda constitucional.<\/p>\n<p>Desde un principio Pe\u00f1a Nieto se ha significado como un\u00a0 presidente que despacha en Palacio Nacional, un edificio que fue abandonado por los presidentes panistas Vicente Fox y Felipe Calder\u00f3n. El guanajuatense emiti\u00f3 un decreto para convertir el hist\u00f3rico recinto, sede del poder presidencial desde el siglo 18, en museo.<\/p>\n<p>Hoy es frecuente que Pe\u00f1a Nieto encabece reuniones de gabinete en los salones de Palacio Nacional o encuentros dentro del Sal\u00f3n de la Tesorer\u00eda.<\/p>\n<p>A diferencia de sus antecesores blanquiazules, Pe\u00f1a Nieto ha tenido no m\u00e1s de 3 o 4 encuentros con las Fuerzas Armadas y siempre para establecer un\u00a0 trato de dignificaci\u00f3n en las relaciones con este sector, no para lanzarlos a una guerra contra el crimen organizado.<\/p>\n<p>Al cerrar su segundo mes en el poder, su gobierno enfrent\u00f3 el estallido de uno de los edificios del Centro Administrativo de Pemex en la ciudad de M\u00e9xico, accidente que puso a prueba sus reflejos para gobernar.<\/p>\n<p>Desde un principio, apenas unos minutos luego del golpe, apareci\u00f3 el secretario de Gobernaci\u00f3n Miguel \u00c1ngel Osorio Chong, acompa\u00f1ado por el procurador general de la Rep\u00fablica, Jes\u00fas Murillo Karam y el Jefe de Gobierno capitalino, Miguel \u00c1ngel Mancera, quienes actuaron coordinadamente y dieron una imagen de colaboraci\u00f3n que sustituy\u00f3 a los viejos enfrentamientos entre los dos poderes.<\/p>\n<p>Las acciones de Pe\u00f1a Nieto y sus visitas al lugar del accidente llevaron confianza y tranquilidad a los ciudadanos, quienes recibieron reportes constantes del avance de las investigaciones, que al final indicaron que todo hab\u00eda sido producto de un gas que surgi\u00f3 de viej\u00edsimas tuber\u00edas que cruzaban los s\u00f3tanos del inmueble.<\/p>\n<p>Este breve recuento de hechos indica que el presidente Enrique Pe\u00f1a Nieto se coloca como uno de los mandatarios m\u00e1s activos y con mayores programas en la historia del pa\u00eds.<\/p>\n<p>Le quedan todav\u00eda enfrente 69 meses para consolidar lo echado a andar en estos primeros 100 d\u00edas.<\/p>\n<p>Veremos si lo logra.<\/p>\n<p align=\"center\"><b>RENUNCIA<\/b><\/p>\n<p>El p\u00e9simo estado de su salud s\u00f3lo era negado por \u00e9l. Todos quienes ve\u00edan al gobernador de Michoac\u00e1n, el pri\u00edsta Fausto Vallejo sab\u00edan que estaba enfermo y no de algo sencillo.<\/p>\n<p>Finalmente ayer Vallejo renunci\u00f3 a su encargo y lo hizo aduciendo que s\u00f3lo se retiraba unos d\u00edas, para atender una tos y algunos malestares menores.<\/p>\n<p>Lo cierto es que hace poco, durante un encuentro en Los Pinos, tuvo que ser llevado de urgencia a Nutrici\u00f3n de donde no lo dejaron salir durante varios d\u00edas. En este sitio se tratan normalmente quienes son afectados por c\u00e1ncer.<\/p>\n<p>Ojal\u00e1 y su renuncia sirva para vencer lo que sea que tenga y que regrese a cumplir con la gubernatura que apenas hab\u00eda comenzado.<\/p>\n<p align=\"center\"><b>ALIANZA<\/b><\/p>\n<p>Jes\u00fas Zambrano dio ayer un golpe de mano en Veracruz, y destituy\u00f3 a toda la dirigencia estatal del Partido de la Revoluci\u00f3n Democr\u00e1tica para imponer en esa entidad una alianza electoral al lado del PAN.<\/p>\n<p>Hace algunas semanas el Tribunal Estatal Electoral hab\u00eda anulado esa alianza debido a que no se cumplieron los estatutos del PRD que exig\u00edan que la mayor\u00eda de los miembros del Consejo Pol\u00edtico estatal lo avalaran.<\/p>\n<p>Esta anulaci\u00f3n fue luego ratificada por el Tribunal Electoral del Poder Judicial de la Federaci\u00f3n, el Trife.<\/p>\n<p>Ayer Zambrano arregl\u00f3 el desaguisado anulando todos las estructuras estatales de su partido y asumiendo el control de ellos.<\/p>\n<p>S\u00f3lo as\u00ed pudo sacar adelante la alianza con los blanquiazules encabezados a su vez por Gustavo Madero.<\/p>\n<p>Este acuerdo busca que PAN y PRD hagan un frente com\u00fan en la b\u00fasqueda de la mayor\u00eda de las 212 alcald\u00edas y 50 diputaciones locales que de otra forma, afirman, se levantar\u00eda sin mayores problemas el PRI.<\/p>\n<p>Este acuerdo o alianza renovada fue notificada por Zambrano a la presidenta del Consejo General del Instituto Electoral Veracruzano, Carolina Viveros, al tiempo que inform\u00f3 que Juan Vergel Pacheco fue designado como el \u00fanico representante de este partido en el estado de Veracruz.<\/p>\n<p>Con la desaparici\u00f3n de la dirigencia estatal y del Consejo Pol\u00edtico estatal del PRD en Veracruz, queda s\u00f3lo la Comisi\u00f3n Pol\u00edtica Nacional como el organismo que podr\u00eda conducir v\u00e1lidamente los tr\u00e1mites de registro de candidatos de este partido en el estado.<\/p>\n<p><em><a href=\"mailto:rvizcaino@gmail.com\" target=\"_blank\">rvizcaino@gmail.com<\/a><\/em><\/p>\n<p>++<\/p>\n<p>En la mirilla&#8230;|Trizas<\/p>\n","protected":false},"excerpt":{"rendered":"<p><span style=\"color: #005497;\"><strong>Roberto Vizca\u00edno<\/strong><\/span><\/p>\n","protected":false},"author":1,"featured_media":0,"comment_status":"open","ping_status":"open","sticky":false,"template":"","format":"standard","meta":{"_monsterinsights_skip_tracking":false,"_monsterinsights_sitenote_active":false,"_monsterinsights_sitenote_note":"","_monsterinsights_sitenote_category":0,"footnotes":""},"categories":[136],"tags":[18,43674,93,94],"class_list":["post-123878","post","type-post","status-publish","format-standard","hentry","category-roberto-vizcaino-opinion","tag-enrique-pena-nieto","tag-opinion","tag-roberto-vizcaino","tag-tras-la-puerta-del-poder"],"_links":{"self":[{"href":"https:\/\/www.diarioimagen.net\/index.php?rest_route=\/wp\/v2\/posts\/123878","targetHints":{"allow":["GET"]}}],"collection":[{"href":"https:\/\/www.diarioimagen.net\/index.php?rest_route=\/wp\/v2\/posts"}],"about":[{"href":"https:\/\/www.diarioimagen.net\/index.php?rest_route=\/wp\/v2\/types\/post"}],"author":[{"embeddable":true,"href":"https:\/\/www.diarioimagen.net\/index.php?rest_route=\/wp\/v2\/users\/1"}],"replies":[{"embeddable":true,"href":"https:\/\/www.diarioimagen.net\/index.php?rest_route=%2Fwp%2Fv2%2Fcomments&post=123878"}],"version-history":[{"count":0,"href":"https:\/\/www.diarioimagen.net\/index.php?rest_route=\/wp\/v2\/posts\/123878\/revisions"}],"wp:attachment":[{"href":"https:\/\/www.diarioimagen.net\/index.php?rest_route=%2Fwp%2Fv2%2Fmedia&parent=123878"}],"wp:term":[{"taxonomy":"category","embeddable":true,"href":"https:\/\/www.diarioimagen.net\/index.php?rest_route=%2Fwp%2Fv2%2Fcategories&post=123878"},{"taxonomy":"post_tag","embeddable":true,"href":"https:\/\/www.diarioimagen.net\/index.php?rest_route=%2Fwp%2Fv2%2Ftags&post=123878"}],"curies":[{"name":"wp","href":"https:\/\/api.w.org\/{rel}","templated":true}]}}