{"id":123900,"date":"2013-03-08T00:04:09","date_gmt":"2013-03-08T06:04:09","guid":{"rendered":"http:\/\/www.diarioimagen.net\/?p=123900"},"modified":"2013-03-08T01:32:47","modified_gmt":"2013-03-08T07:32:47","slug":"mas-acoso-a-medios","status":"publish","type":"post","link":"https:\/\/www.diarioimagen.net\/?p=123900","title":{"rendered":"M\u00e1s acoso a medios"},"content":{"rendered":"<h2>Punto por punto<\/h2>\n<h5>Augusto Corro<\/h5>\n<p>&nbsp;<\/p>\n<p>Hace unos d\u00edas hablamos de los ataques al diario \u201cEl Siglo de Torre\u00f3n\u201d y del asesinato del periodista Jaime Guadalupe Dom\u00ednguez, director del portal Ojinaga Noticias.<\/p>\n<p>No pas\u00f3 mucho tiempo y nuevamente dos medios de comunicaci\u00f3n fueron baleados por desconocidos.\u00a0 Esta vez,\u00a0 resultaron afectados \u201cEl Diario de Ju\u00e1rez\u201d y el Canal 44 en Ciudad Ju\u00e1rez, en Chihuahua.<\/p>\n<p>Los hechos se registraron en la madrugada y seg\u00fan declaraciones de los testigos, los agresores llegaron al inmueble, \u201cabrieron la puerta corrediza para disparar en unas\u00a0 siete ocasiones contra las puertas principales del diario\u201d. No hubo lesionados.<\/p>\n<p>Al poco rato llegaron los polic\u00edas, pero no se logr\u00f3 la identificaci\u00f3n ni la captura de los delincuentes, quienes huyeron en una camioneta.<\/p>\n<p>Minutos despu\u00e9s del ataque al diario mencionado, el edificio donde se encuentra el Canal 44 tambi\u00e9n fue tiroteado. Los agresores \u201cdispararon en unas 10 ocasiones\u201d y causaron da\u00f1os a la caseta de seguridad y a un port\u00f3n.<\/p>\n<p>Desde el inicio de la guerra contra la delincuencia organizada, los periodistas y sus medios han sufrido bajas sensibles en sus filas.\u00a0 El narco, implacable, ha tenido el camino libre para agredir a los comunicadores bajo el amparo de la corrupci\u00f3n y la impunidad total.<\/p>\n<p>Ya hemos se\u00f1alado que en algunas regiones de M\u00e9xico, controladas por la delincuencia organizada,\u00a0 ser periodista es una profesi\u00f3n de alto riesgo.<\/p>\n<p>No en balde M\u00e9xico ha sido considerado como uno de los pa\u00edses m\u00e1s peligrosos para ejercer el periodismo.<\/p>\n<p>La ola de violencia contra los representantes de los medios coloca a estos en la total indefensi\u00f3n. Estos se enfrentan con su pluma, libreta de notas y grabadora a sicarios con\u00a0 armas de alto poder. Vaya diferencia.\u00a0 La supervivencia del periodismo ha sido casi heroica. En algunos sitios, la libertad de expresi\u00f3n ha desaparecido. Los comunicadores son amenazados, secuestrados o asesinados si no cumplen los deseos de los hampones.<\/p>\n<p>Los peri\u00f3dicos en aquellos sitios peligrosos tienen que sortear un sinn\u00famero de obst\u00e1culos para elaborar un diario. Primero, conseguir la informaci\u00f3n en sitios invadidos por la delincuencia. Segundo, que las noticias sean del agrado de los delincuentes.<\/p>\n<p>Hay casos en que se decidi\u00f3 no publicar casos de nota roja, para llevar la fiesta en paz.<\/p>\n<p>La delincuencia sabe que tiene las armas para amenazar, secuestrar y matar a los periodistas que denuncien sus piller\u00edas.<\/p>\n<p>Tambi\u00e9n ya se\u00f1alamos que en los estados norte\u00f1os ha sido imposible brindar protecci\u00f3n a los comunicadores. Las autoridades tienen en la demagogia su principal arma para justificar su ineptitud.<\/p>\n<p>Por ejemplo, el gobernador de Chihuahua, C\u00e9sar Duarte, conden\u00f3 el ataque perpetrado contra las instalaciones de \u201cEl Diario de Ju\u00e1rez\u201d y del Canal 44. \u00bfY qu\u00e9 con\u00a0 esto?<\/p>\n<p>Lo que se necesita y urge es que los delincuentes sean identificados, capturados y llevados ante las autoridades para ser juzgados. Esto, sinceramente, est\u00e1 muy lejos de que ocurra.<\/p>\n<p>En sus tonter\u00edas, el gobernador dijo que pese al ataque a los dos medios y a la muerte de periodista, \u201cno existe un patr\u00f3n de agresiones\u201d. \u00bfQu\u00e9 m\u00e1s patr\u00f3n de agresiones que el de acabar con la libertad de expresi\u00f3n?<\/p>\n<p>Luego, en tono burl\u00f3n manifest\u00f3 que no va a permitir que se trastoque la tranquilidad de Ju\u00e1rez. \u00bfDesde cu\u00e1ndo hay paz en esa ciudad? Para los casos de los medidos baleados, se acord\u00f3 que la polic\u00eda vigilara las instalaciones. En \u201cEl Siglo de Torre\u00f3n\u201d fue contraproducente que la fuerza p\u00fablica resguardara el inmueble, pues la polic\u00eda fue agredida por los delincuentes.<\/p>\n<p>A la actividad del crimen organizado contra los periodistas, se suma la ineptitud de los representantes de la ley, en este caso el mandatario C\u00e9sar Duarte, quien no tiene la menor idea de la responsabilidad que le confi\u00f3 la sociedad chihuahuense. \u00bfHay castigo para los ineptos?<\/p>\n<p><em><b>Feliz fin de semana.<\/b><\/em><\/p>\n<p><em><a href=\"mailto:aco2742@hotmail.com\" target=\"_blank\">aco2742@hotmail.com<\/a><\/em><\/p>\n","protected":false},"excerpt":{"rendered":"<p><span style=\"color: #005497;\"><strong>Augusto Corro<\/strong><\/span><\/p>\n","protected":false},"author":1,"featured_media":0,"comment_status":"open","ping_status":"open","sticky":false,"template":"","format":"standard","meta":{"_monsterinsights_skip_tracking":false,"_monsterinsights_sitenote_active":false,"_monsterinsights_sitenote_note":"","_monsterinsights_sitenote_category":0,"footnotes":""},"categories":[157],"tags":[43686,43674,11515],"class_list":["post-123900","post","type-post","status-publish","format-standard","hentry","category-augusto-corro","tag-augusto-corro","tag-opinion","tag-punto-por-punto"],"_links":{"self":[{"href":"https:\/\/www.diarioimagen.net\/index.php?rest_route=\/wp\/v2\/posts\/123900","targetHints":{"allow":["GET"]}}],"collection":[{"href":"https:\/\/www.diarioimagen.net\/index.php?rest_route=\/wp\/v2\/posts"}],"about":[{"href":"https:\/\/www.diarioimagen.net\/index.php?rest_route=\/wp\/v2\/types\/post"}],"author":[{"embeddable":true,"href":"https:\/\/www.diarioimagen.net\/index.php?rest_route=\/wp\/v2\/users\/1"}],"replies":[{"embeddable":true,"href":"https:\/\/www.diarioimagen.net\/index.php?rest_route=%2Fwp%2Fv2%2Fcomments&post=123900"}],"version-history":[{"count":0,"href":"https:\/\/www.diarioimagen.net\/index.php?rest_route=\/wp\/v2\/posts\/123900\/revisions"}],"wp:attachment":[{"href":"https:\/\/www.diarioimagen.net\/index.php?rest_route=%2Fwp%2Fv2%2Fmedia&parent=123900"}],"wp:term":[{"taxonomy":"category","embeddable":true,"href":"https:\/\/www.diarioimagen.net\/index.php?rest_route=%2Fwp%2Fv2%2Fcategories&post=123900"},{"taxonomy":"post_tag","embeddable":true,"href":"https:\/\/www.diarioimagen.net\/index.php?rest_route=%2Fwp%2Fv2%2Ftags&post=123900"}],"curies":[{"name":"wp","href":"https:\/\/api.w.org\/{rel}","templated":true}]}}