{"id":123906,"date":"2013-03-08T00:03:43","date_gmt":"2013-03-08T06:03:43","guid":{"rendered":"http:\/\/www.diarioimagen.net\/?p=123906"},"modified":"2013-03-08T01:32:54","modified_gmt":"2013-03-08T07:32:54","slug":"venezuela-de-2005-a-2013-ii","status":"publish","type":"post","link":"https:\/\/www.diarioimagen.net\/?p=123906","title":{"rendered":"Venezuela, de 2005 a 2013 (II)"},"content":{"rendered":"<h2>Detr\u00e1s del Poder<\/h2>\n<h5>Jos\u00e9 Antonio L\u00f3pez Sosa<\/h5>\n<p>&nbsp;<\/p>\n<p>Las muestras autoritarias del r\u00e9gimen son en ocasiones exageradas, el mismo hecho de la Ley de Responsabilidad Social, donde el\u00a0periodista tiene necesariamente que probar sus fuentes para decir algo, donde no se puede difamar al Presidente\u00ad(bajo la \u00f3ptica venezolana de difamaci\u00f3n); en general hay descontento por estas actitudes que atentan contra la libertad de\u00a0buena parte de la naci\u00f3n.<\/p>\n<p>Ahora bien, del otro lado tenemos el viejo sistema y la oposici\u00f3n que pertenecen a la ultraderecha y de la mano de los Estados Unidos, pretenden volver Venezuela\u00a0en lo que era antes: un\u00a0pa\u00eds\u00a0de tercer mundo a las \u00f3rdenes norteamericanas. Suena dif\u00edcil decirlo, pero quien m\u00e1s viabilidad tiene en el sentido\u00a0econ\u00f3mico y pol\u00edtico es Hugo Ch\u00e1vez y su gobierno, quiz\u00e1 no se ha rodeado de la gente indicada y ha incurrido en abusos dif\u00edciles de perdonar, sin embargo, su proyecto de\u00a0naci\u00f3n es s\u00f3lido y bien estructurado, donde con bases te\u00f3ricas y reales se alcanzar\u00e1n sus objetivos sobre todo de desarrollo econ\u00f3mico\u00a0en la regi\u00f3n.<\/p>\n<p>La visi\u00f3n\u00a0que nos deja Venezuela es de contraste, de abusos y recompensas a los que menos tienen, no podr\u00eda llam\u00e1rsele populismo, de un proteccionismo para hacer ver a la gente\u00a0lo perjudicial que ser\u00eda permanecer a la sombra de los Estados Unidos. Como todo proceso\u00a0pol\u00edtico, est\u00e1 en un momento candente donde no se da gusto a todos, donde muchos padecen las consecuencias de estar en oposici\u00f3n, sin embargo, la esperanza la conservan todos e incluso quienes no est\u00e1n con Ch\u00e1vez, desean que haga las cosas bien.<\/p>\n<p>En lo sucesivo vienen dos momentos cruciales, uno en diciembre\u00a0cuando se elige a la Asamblea, donde veremos si Ch\u00e1vez gana o no mayor\u00eda y el diciembre de\u00a02006 donde Ch\u00e1vez buscar\u00e1 reelegirse, y seguramente lo conseguir\u00e1, y donde se definir\u00e1 el sentido de la\u00a0revoluci\u00f3n\u00a0bolivariana. No se vale lo que ha hecho Ch\u00e1vez con la oposici\u00f3n, pero tampoco se vale lo que la oposici\u00f3n hace recibiendo recursos e instrucciones de los Estados Unidos, este encontronazo tiene culpabilidad en ambos lados y los \u00fanicos paganos son los venezolanos comunes y corrientes, que son polarizados sin una opci\u00f3n m\u00e1s.<\/p>\n<p>El r\u00e9gimen de Ch\u00e1vez tiene\u00a0visi\u00f3n\u00a0de mediano y largo plazo, no se trata de una utop\u00eda como a veces nos platican ac\u00e1 en M\u00e9xico, en las pl\u00e1ticas que sostuvimos con\u00a0gente\u00a0de la Asamblea (Congreso) y de la Suprema Corte, vimos los programas y los\u00a0an\u00e1lisis que se hacen para tener un proyecto serio en conjunto, la integraci\u00f3n latina es parte del mismo y seguramente dar\u00e1 frutos en los pr\u00f3ximos veinte a\u00f1os. Finalmente el garrafal error \u2013reitero\u2014son los abusos, nada puede justificarlos y aqu\u00ed nace y vive la disyuntiva de un gobierno que trabaja pero abusa, aunque sin \u00e9l estar\u00edan frente a una administraci\u00f3n sin trabajar y satisfaciendo las necesidades estadounidenses, es por ello que a\u00fan la gente, sea o no chavista, cree en Hugo Ch\u00e1vez\u201d,<\/p>\n<p>\u00bfQu\u00e9 pas\u00f3 despu\u00e9s?, la respuesta es la de siempre, el poder corrompe y el poder absoluto corrompe absolutamente, quiz\u00e1s por ello Venezuela fue hacia atr\u00e1s en la mayor parte de los aspectos desde entonces y hasta la tarde de anteayer.<\/p>\n<p><em><a href=\"mailto:lopez.sosa@mexico.com\" target=\"_blank\">lopez.sosa@mexico.com<\/a><\/em><br \/>\n<em><a href=\"http:\/\/twitter.com\/#%21\/joseantonio1977\" target=\"_blank\">@joseantonio1977<br \/>\n<\/a><\/em><em><a href=\"http:\/\/www.formulaconfidencial.com.mx\/\" target=\"_blank\">www.formulaconfidencial.com.mx<\/a><\/em><\/p>\n","protected":false},"excerpt":{"rendered":"<p><span style=\"color: #005497;\"><strong>Jos\u00e9 Antonio L\u00f3pez Sosa<\/strong><\/span><\/p>\n","protected":false},"author":1,"featured_media":0,"comment_status":"open","ping_status":"open","sticky":false,"template":"","format":"standard","meta":{"_monsterinsights_skip_tracking":false,"_monsterinsights_sitenote_active":false,"_monsterinsights_sitenote_note":"","_monsterinsights_sitenote_category":0,"footnotes":""},"categories":[637],"tags":[638,43690,43674,1533],"class_list":["post-123906","post","type-post","status-publish","format-standard","hentry","category-jose-antonio-lopez-sosa","tag-detras-del-poder","tag-jose-antonio-lopez-sosa","tag-opinion","tag-venezuela"],"_links":{"self":[{"href":"https:\/\/www.diarioimagen.net\/index.php?rest_route=\/wp\/v2\/posts\/123906","targetHints":{"allow":["GET"]}}],"collection":[{"href":"https:\/\/www.diarioimagen.net\/index.php?rest_route=\/wp\/v2\/posts"}],"about":[{"href":"https:\/\/www.diarioimagen.net\/index.php?rest_route=\/wp\/v2\/types\/post"}],"author":[{"embeddable":true,"href":"https:\/\/www.diarioimagen.net\/index.php?rest_route=\/wp\/v2\/users\/1"}],"replies":[{"embeddable":true,"href":"https:\/\/www.diarioimagen.net\/index.php?rest_route=%2Fwp%2Fv2%2Fcomments&post=123906"}],"version-history":[{"count":0,"href":"https:\/\/www.diarioimagen.net\/index.php?rest_route=\/wp\/v2\/posts\/123906\/revisions"}],"wp:attachment":[{"href":"https:\/\/www.diarioimagen.net\/index.php?rest_route=%2Fwp%2Fv2%2Fmedia&parent=123906"}],"wp:term":[{"taxonomy":"category","embeddable":true,"href":"https:\/\/www.diarioimagen.net\/index.php?rest_route=%2Fwp%2Fv2%2Fcategories&post=123906"},{"taxonomy":"post_tag","embeddable":true,"href":"https:\/\/www.diarioimagen.net\/index.php?rest_route=%2Fwp%2Fv2%2Ftags&post=123906"}],"curies":[{"name":"wp","href":"https:\/\/api.w.org\/{rel}","templated":true}]}}