{"id":124046,"date":"2013-03-11T00:07:09","date_gmt":"2013-03-11T06:07:09","guid":{"rendered":"http:\/\/www.diarioimagen.net\/?p=124046"},"modified":"2013-03-11T04:48:14","modified_gmt":"2013-03-11T10:48:14","slug":"los-primeros-100-de-2191-dias","status":"publish","type":"post","link":"https:\/\/www.diarioimagen.net\/?p=124046","title":{"rendered":"Los primeros 100 de 2,191 d\u00edas"},"content":{"rendered":"<h2>Tras la puerta del poder<\/h2>\n<h5>Roberto Vizca\u00edno<\/h5>\n<p>&nbsp;<\/p>\n<ul>\n<li><strong><i>Rodeado pr\u00e1cticamente por su equipo, Pe\u00f1a Nieto afirm\u00f3 que mantendr\u00e1 su acelerado ritmo hasta el final<\/i><\/strong><\/li>\n<li><strong><i>Madero y Calder\u00f3n tienen al PAN a punto de una ruptura insalvable, advierten consejeros<\/i><\/strong><\/li>\n<li><strong><i>Marcelo Ebrard \u201cno es de ninguna forma la salvaci\u00f3n de la izquierda mexicana\u201d, afirman <\/i>Los Chuchos<i>\u00a0<\/i><\/strong><\/li>\n<\/ul>\n<p align=\"center\">\n<p>El presidente Enrique Pe\u00f1a Nieto cumpli\u00f3 ayer los primeros 100 de los 2,191 d\u00edas que durar\u00e1 su gobierno, rodeado s\u00f3lo de los suyos.<\/p>\n<p>Y es que al acto realizado al medio d\u00eda en el Patio de Honor de Palacio Nacional, no asistieron ni los gobernadores, ni los l\u00edderes de los partidos pol\u00edticos, ni miembros del cuerpo diplom\u00e1tico, ni dirigentes empresariales, ni representantes de alcaldes o congresos locales, ni de organizaciones internacionales, ni organizaciones de la sociedad civil o de instituciones financieras nacionales o extranjeras.<\/p>\n<p>El recuento de logros y hechos qued\u00f3 as\u00ed s\u00f3lo entre los miembros del gabinete legal y ampliado, y algunos de los coordinadores parlamentarios y sus colaboradores.<\/p>\n<p>Ah\u00ed, entre ellos, qued\u00f3 el se\u00f1alamiento de Pe\u00f1a Nieto de que no hab\u00eda llegado al poder para administrar, sino para transformar a M\u00e9xico y de que el acelerado ritmo desarrollado no era tampoco casual, sino que se propon\u00eda mantenerlo hasta el final.<\/p>\n<p>Y es que en estos primeros 100 d\u00edas Pe\u00f1a Nieto ha visitado 26 estados, ha viajado a 4 pa\u00edses, ha participado en 99 actos, ha lanzado 10 grandes programas nacionales, ha iniciado la Cruzada Nacional Contra el Hambre, ha encarcelado a la dirigente magisterial m\u00e1s poderosa de M\u00e9xico (a Elba Esther Gordillo), ha propuesto, impulsado y propiciado la aprobaci\u00f3n de la reforma educativa, que promulg\u00f3 hace un par de semanas y ha firmado un pacto pol\u00edtico en el que ahora participan las principales fuerzas para sacar adelante otras reformas y 95 grandes compromisos con los cuales espera relanzar a M\u00e9xico hacia el desarrollo econ\u00f3mico y a una reorientaci\u00f3n de sus avances sociales.<\/p>\n<p>En ese mismo sitio, el primero de diciembre pasado dijo:<\/p>\n<p>\u201cEn la vida de un pa\u00eds, seis a\u00f1os son un periodo corto, <b>pero dos mil 191 d\u00edas<\/b> son suficientes para sentar las bases de lo que desde ahora debe ser nuestra meta: Hacer de M\u00e9xico un pa\u00eds pr\u00f3spero, de oportunidades y de bienestar para todos\u201d.<\/p>\n<p>Faltan ahora otros 2,091 d\u00edas por cumplir.<\/p>\n<p>Por lo pronto hoy, en el d\u00eda 101, dar\u00e1 a conocer la iniciativa para la reforma a las telecomunicaciones con la cual se pretende abrir la telefon\u00eda celular, la radio y la TV a nuevas cadenas y servicios.<\/p>\n<p>Esta reforma iniciar\u00e1 el fin de los grandes monopolios en M\u00e9xico.<b>\u00a0<\/b><\/p>\n<p align=\"center\"><b>EL PAN,\u00a0<\/b><b>TOTALMENTE ROTO<\/b><\/p>\n<p>Como no hay plazo que no se cumpla, el tiempo de las definiciones le ha llegado finalmente al Partido Acci\u00f3n Nacional.<\/p>\n<p>El encuentro de reflexi\u00f3n y an\u00e1lisis, de pasar facturas de la enorme derrota sufrida en julo pasado, est\u00e1 fijado para los d\u00edas 16 y 17 de este mes con el anuncio de una reforma de estatutos que mantiene en situaci\u00f3n de guerra a una buena parte de la c\u00fapula de Acci\u00f3n Nacional.<\/p>\n<p>Y por si esto fuese poco, esta ruptura entre los diferentes bandos blanquiazules &#8211;a saber 3: los calderonistas, los maderistas y los inconformes con los 2 primeros&#8211;, se profundiza debido a las diferencias que ha provocado entre ellos la reforma a las telecomunicaciones que hoy presentar\u00e1 el presidente Enrique Pe\u00f1a Nieto y que sale de la mesa del Pacto por M\u00e9xico, que preside el dirigente nacional del PAN, Gustavo Madero.<\/p>\n<p>Los dos temas mantienen a los tres grupos del panismo en una abierta guerra al grado de que la corriente del calderonismo que encabeza en el Senado el exsecretario de Hacienda y exprecandidato presidencial Ernesto Cordero &#8211;que opera con el apoyo de Luisa Mar\u00eda Calder\u00f3n (hermana de Felipe), Javier Lozano (ex secretario del Trabajo), y una decena m\u00e1s de legisladores blanquiazules afines al ex presidente&#8211;, se encuentra a punto de romper abierta y p\u00fablicamente con Gustavo Madero y la secretaria general del PAN, Cecilia Romero.<\/p>\n<p>Una ruptura de esta naturaleza provocar\u00eda un cisma de consecuencias insospechadas dentro de este partido. La posici\u00f3n de coordinador de la bancada de los senadores del PAN, depende de la voluntad de Gustavo Madero. El chihuahuense podr\u00eda verse obligado a remover a Cordero de ese cargo para designar a un senador aliado. Pero esta decisi\u00f3n podr\u00eda derivar en una rebeli\u00f3n interna en la fracci\u00f3n del Senado y entonces se mantendr\u00eda a Cordero por decisi\u00f3n de la mayor\u00eda de su grupo parlamentario, desconociendo en los hechos la dirigencia de Madero.<\/p>\n<p>Esto podr\u00eda ocurrir por dos motivos: porque el ex presidente Felipe Calder\u00f3n decidiera aprovechar el contexto para cobrarse las afrentas cometidas contra \u00e9l por Madero, y &#8211;dos-, porque Cordero y sus senadores saben que ellos tienen asegurado el cargo hasta el 2018 mientras que Madero podr\u00eda ser removido en las siguientes semanas.<\/p>\n<p>En este contexto varios panistas han exigido suspender la Asamblea Nacional anunciada para efectuarse los d\u00edas 16 y 17 de este mes, para reformar los estatutos de este partido.<\/p>\n<p>Uno de ellos, el ex pri\u00edsta tabasque\u00f1o Juan Jos\u00e9 Rodr\u00edguez Prats, hoy miembro del CEN de Acci\u00f3n Nacional, indic\u00f3:<\/p>\n<p>\u201cPara m\u00ed no tiene absolutamente ning\u00fan caso llegar a la asamblea y puede que ni haya qu\u00f3rum, porque hay un inmenso malestar en el panismo nacional. Gustavo (Madero) y Cecilia (Romero) no est\u00e1n conscientes del da\u00f1o que le han hecho al PAN, junto con Felipe (Calder\u00f3n)\u2026<\/p>\n<p>\u201cSinceramente creo que se debe formar otra corriente dentro del PAN que nos permita rescatar al partido\u2026<\/p>\n<p>\u201cEsa asamblea debe ser cancelada. No veo que haya un documento consensuado. Hay una soberbia en la dirigencia del PAN verdaderamente preocupante: si no tuvimos qu\u00f3rum en el Consejo, qu\u00e9 caso tiene convocar a la asamblea.<\/p>\n<p>\u201cNo hubo un trabajo m\u00ednimo de sensibilizaci\u00f3n pol\u00edtica y las reformas no tienen ninguna trascendencia que valga la pena para una Asamblea Nacional\u201d, subray\u00f3.<\/p>\n<p>Jorge Manzanera, reconocido como uno de los operadores electorales del PAN se\u00f1al\u00f3 que los calderonistas y los inconformes est\u00e1n en contra de la reforma propuesta por Madero y su grupo porque, de aprobarse, el CEN se quedar\u00eda con el control absoluto para definir los m\u00e9todos de selecci\u00f3n de candidatos.<\/p>\n<p>Se eliminar\u00eda la participaci\u00f3n de los militantes en el proceso de selecci\u00f3n para darle paso al uso de las encuestas y la designaci\u00f3n directa como m\u00e9todos ordinarios. Con eso se dar\u00eda fin a los procesos democr\u00e1ticos en la toma de decisiones, agreg\u00f3.<\/p>\n<p>Estos y otros cambios estatutarios son los que mantienen en situaci\u00f3n de guerra a muchos dirigentes de Acci\u00f3n Nacional.<b>\u00a0<\/b><\/p>\n<p align=\"center\"><b>FALTA UN A\u00d1O<\/b><\/p>\n<p>El activismo iniciado por el ex jefe de Gobierno del DF, Marcelo Ebrard, para hacerse de la presidencia del PRD, reestructurar este partido y comenzar a formar un Frente Amplio de Izquierdas en M\u00e9xico con miras de llegar con un candidato \u00fanico a la presidencial de 2018, recibi\u00f3 dos baldes de agua fr\u00eda:<\/p>\n<p>Los Chuchos, o Nueva Izquierda le recordaron que las elecciones para una nueva dirigencia dentro del partido del sol azteca ser\u00e1n hasta el pr\u00f3ximo a\u00f1o, es decir, en 2014 y Andr\u00e9s Manuel L\u00f3pez Obrador le respondi\u00f3 que \u00e9l no piensa darle su candidatura a ning\u00fan otro aspirante.<\/p>\n<p>El tabasque\u00f1o afirm\u00f3 que \u00e9l continuar\u00e1 con su intenci\u00f3n de llegar a la Presidencia hasta que lo logre o hasta que se muera.<\/p>\n<p>A su vez el senador Isidro Pedraza Ch\u00e1vez, l\u00edder de la Unidad de las Fuerzas de Izquierda Ciudadana, consider\u00f3 que las declaraciones hechas por Ebrard en su arranque por la dirigencia del PRD, son arrogantes y muestran un af\u00e1n protag\u00f3nico que no lo llevar\u00e1 a ning\u00fan lado.<\/p>\n<p>Pedraza repiti\u00f3 lo que le han dicho a Ebrard otros perredistas, quienes afirman que el ex jefe de Gobierno capitalino no conoce las entra\u00f1as del PRD y \u00a0por lo tanto no tiene calidad para criticar a sus dirigentes y sus acciones y decisiones.<\/p>\n<p>\u201cNo puede convertirse en el jinete del apocalipsis para luego presentarse como el salvador de este pa\u00eds\u2026 ha descalificado a las voces que tenemos en el partido, diciendo que solamente la \u00fanica voz de la izquierda es la de \u00e9l, y en ese sentido es falso\u201d, le indic\u00f3.<\/p>\n<p><em><a href=\"mailto:rvizcaino@gmail.com\" target=\"_blank\">rvizcaino@gmail.com<\/a><\/em><\/p>\n<p>++<\/p>\n<p>Tabasco&#8230;|Trizas<\/p>\n","protected":false},"excerpt":{"rendered":"<p><span style=\"color: #005497;\"><strong>Roberto Vizca\u00edno<\/strong><\/span><\/p>\n","protected":false},"author":1,"featured_media":0,"comment_status":"open","ping_status":"open","sticky":false,"template":"","format":"standard","meta":{"_monsterinsights_skip_tracking":false,"_monsterinsights_sitenote_active":false,"_monsterinsights_sitenote_note":"","_monsterinsights_sitenote_category":0,"footnotes":""},"categories":[136],"tags":[18,43674,93,94],"class_list":["post-124046","post","type-post","status-publish","format-standard","hentry","category-roberto-vizcaino-opinion","tag-enrique-pena-nieto","tag-opinion","tag-roberto-vizcaino","tag-tras-la-puerta-del-poder"],"_links":{"self":[{"href":"https:\/\/www.diarioimagen.net\/index.php?rest_route=\/wp\/v2\/posts\/124046","targetHints":{"allow":["GET"]}}],"collection":[{"href":"https:\/\/www.diarioimagen.net\/index.php?rest_route=\/wp\/v2\/posts"}],"about":[{"href":"https:\/\/www.diarioimagen.net\/index.php?rest_route=\/wp\/v2\/types\/post"}],"author":[{"embeddable":true,"href":"https:\/\/www.diarioimagen.net\/index.php?rest_route=\/wp\/v2\/users\/1"}],"replies":[{"embeddable":true,"href":"https:\/\/www.diarioimagen.net\/index.php?rest_route=%2Fwp%2Fv2%2Fcomments&post=124046"}],"version-history":[{"count":0,"href":"https:\/\/www.diarioimagen.net\/index.php?rest_route=\/wp\/v2\/posts\/124046\/revisions"}],"wp:attachment":[{"href":"https:\/\/www.diarioimagen.net\/index.php?rest_route=%2Fwp%2Fv2%2Fmedia&parent=124046"}],"wp:term":[{"taxonomy":"category","embeddable":true,"href":"https:\/\/www.diarioimagen.net\/index.php?rest_route=%2Fwp%2Fv2%2Fcategories&post=124046"},{"taxonomy":"post_tag","embeddable":true,"href":"https:\/\/www.diarioimagen.net\/index.php?rest_route=%2Fwp%2Fv2%2Ftags&post=124046"}],"curies":[{"name":"wp","href":"https:\/\/api.w.org\/{rel}","templated":true}]}}