{"id":124055,"date":"2013-03-11T00:06:34","date_gmt":"2013-03-11T06:06:34","guid":{"rendered":"http:\/\/www.diarioimagen.net\/?p=124055"},"modified":"2013-03-11T04:48:22","modified_gmt":"2013-03-11T10:48:22","slug":"2-mil-91-dias","status":"publish","type":"post","link":"https:\/\/www.diarioimagen.net\/?p=124055","title":{"rendered":"2 mil 91 d\u00edas"},"content":{"rendered":"<h2>\u00cdndice pol\u00edtico<\/h2>\n<h5>Francisco Rodr\u00edguez<\/h5>\n<p>&nbsp;<\/p>\n<p>Al gobierno del presidente Enrique Pe\u00f1a Nieto a\u00fan le faltan 2 mil 91 d\u00edas para concluir. Hasta ayer ya transcurrieron cien. Los primeros cien de un total de 2 mil 191 d\u00edas que componen el sexenio que va del 1 de diciembre de 2012 hasta el 30 de noviembre de 2018.<\/p>\n<p>Y de estos primeros cien d\u00edas del todav\u00eda nuevo gobierno queda una sensaci\u00f3n, m\u00e1s que comprobada: Durante los \u00faltimos 12 a\u00f1os, en M\u00e9xico no hubo gobierno. Hac\u00eda falta, urg\u00eda, un gobierno firme, suficientemente respaldado, para que el pa\u00eds pudiera salir adelante, superando<\/p>\n<p>No hubo gobierno los 2 mil 191 d\u00edas en los que Vicente Fox cedi\u00f3 el poder a los head hunters, primero; a su entonces flamante nueva esposa, despu\u00e9s, y a los llamados poderes f\u00e1cticos, todo el tiempo. El \u201c\u00bfy yo, por qu\u00e9?\u201d fue la divisa de su fr\u00edvola irresponsabilidad, pues sus verdaderos afanes estuvieron invariablemente dedicados a enriquecerse.<\/p>\n<p>Tampoco lo hubo en el calamitoso sexenio del usurpador Felipe Calder\u00f3n. Rodeado s\u00f3lo de \u201ccuates\u201d en eterna parranda et\u00edlica -con la mayor\u00eda terminar\u00eda en pleito de cantina-, el michoacano instaur\u00f3 a la mediocridad como constante de su accionar, y peor a\u00fan, siempre influido por oscuros y hasta retorcidos personajes, de los cuales Genaro Garc\u00eda Luna es el m\u00e1s claro ejemplo. \u00bfGobernar? \u00a1No!, \u00bfpara qu\u00e9?<\/p>\n<p>El reto de Pe\u00f1a Nieto, entonces, es enorme. Tiene como tarea permanente y constante, para los pr\u00f3ximos 2 mil 91 d\u00edas, el devolver a M\u00e9xico la gobernabilidad perdida durante la docena tr\u00e1gica que los panistas ocuparon -hasta \u201chaiga sido como haiga sido\u201d\u2014 el Poder Ejecutivo federal.<\/p>\n<p>Esta gobernabilidad reinstaurada, no obstante, requiere nuevos elementos y factores, en algunos casos indispensablemente distintos a aquellos que surtieron efecto aquellos primeros 70 a\u00f1os de hegemon\u00eda pri\u00edsta.<\/p>\n<p>Para empezar, el reconocimiento de la complejidad como elemento natural del proceso pol\u00edtico; luego, un sistema de participaci\u00f3n y colaboraci\u00f3n de actores plurales en el marco de redes plurales, y una nueva posici\u00f3n de los poderes p\u00fablicos en los procesos de gobierno, que demanda la adopci\u00f3n de nuevos roles e instrumentos.<\/p>\n<p align=\"center\"><b>HASTA EL TERCER MES<\/b><\/p>\n<p>\u00a0Corr\u00edan los primeros cien d\u00edas del gobierno de Ernesto Zedillo y en alguna de las muchas pl\u00e1ticas con el ya para entonces ex presidente Jos\u00e9 L\u00f3pez Portillo, me confi\u00f3 que cualquiera puede imaginarse lo que es el poder, lo que significa ser primer mandatario, incluso quien ocupa sexenalmente el cargo. Pero que tal, invariablemente es s\u00f3lo un ejercicio de imaginaci\u00f3n. \u201cUno no acaba de darse cuenta de lo que significa ser Presidente de la Rep\u00fablica, sino hasta que ya va corriendo el tercer mes que uno despacha en Los Pinos\u201d, me dijo.<\/p>\n<p>Y est\u00e1 comenzando el tercer mes de Enrique Pe\u00f1a Nieto en el poder presidencial. Ya sabe, ahora s\u00ed, lo que es ser el jefe del Estado mexicano. M\u00e1s a\u00fan, jefe de las fuerzas armadas, lo que \u00e9stas mismas le reiteran. Y ahora, tambi\u00e9n, jefe de las polic\u00edas (la gendarmer\u00eda), y ya formalmente jefe de su partido pol\u00edtico.<\/p>\n<p>Investido de tanto poder, Pe\u00f1a Nieto, en correspondencia est\u00e1 obligado a hacer un buen gobierno los pr\u00f3ximos 2 mil 91 d\u00edas.<\/p>\n<p>De acuerdo con Gerry Stoker (1998), el buen gobierno de Pe\u00f1a Nieto deber\u00e1 \u201cponer en tela de juicio supuestos tradicionales que entienden al gobierno como si fuera independiente\u201d de fuerzas sociales m\u00e1s amplias, y su legitimidad no viene dada, sino que resulta del reconocimiento expreso a relaciones de poder concretas.<\/p>\n<p>\u201cUn cambio en el equilibrio entre el Estado y la sociedad civil, donde hay una ciudadan\u00eda activa que contribuye a desarrollar el capital social y asume responsabilidades que tradicionalmente fueron del gobierno, y la complejidad que introduce la p\u00e9rdida de nitidez en materia de l\u00edmites y responsabilidades, suscita ambig\u00fcedad e incertidumbre\u201d.<\/p>\n<p>El \u201cbuen gobierno\u201d, en fin, consistir\u00e1 en lograr que las cosas se hagan, aunque no por el poder del gobierno de emplear autoridad, sino por emplear la capacidad de coordinaci\u00f3n entre los interesados, la orientaci\u00f3n para conseguir los resultados, y la integraci\u00f3n y regulaci\u00f3n para evitar efectos secundarios no deseados, y alcanzar coordinaci\u00f3n efectiva. La paradoja, empero, es que el buen gobierno puede fracasar por las tensiones, capacidades diferentes y fallos de direcci\u00f3n. Ojala no falle los pr\u00f3ximos 2 mil 91 d\u00edas. Son cruciales, \u00bfo no?<\/p>\n<p><b><i>\u00cdndice Flam\u00edgero:<\/i><\/b> Y antes de que terminara el plazo de los cien d\u00edas -invenci\u00f3n de Napole\u00f3n para demostrar que no estaba d\u00e9bil tras su destierro en la isla de Elba, y que Franklin D. Roosevelt institucionalizara con el New Deal, o una mejor\u00eda de la situaci\u00f3n a corto plazo-, el Pacto por M\u00e9xico present\u00f3 su propuesta de reformas en el pelead\u00edsimo ramo de las telecomunicaciones. La segunda propuesta, tras la llamada reforma educativa.<\/p>\n<p><em><a href=\"http:\/\/www.indicepolitico.com\/\" target=\"_blank\"><em>www.indicepolitico.com<\/em><\/a><br \/>\n<\/em><em><a href=\"mailto:pacorodriguez@journalist.com\" target=\"_blank\">pacorodriguez@journalist.com<\/a><\/em><\/p>\n","protected":false},"excerpt":{"rendered":"<p><span style=\"color: #005497;\"><strong>Francisco Rodr\u00edguez<\/strong><\/span><\/p>\n","protected":false},"author":1,"featured_media":0,"comment_status":"open","ping_status":"open","sticky":false,"template":"","format":"standard","meta":{"_monsterinsights_skip_tracking":false,"_monsterinsights_sitenote_active":false,"_monsterinsights_sitenote_note":"","_monsterinsights_sitenote_category":0,"footnotes":""},"categories":[549],"tags":[18,43689,550,43674],"class_list":["post-124055","post","type-post","status-publish","format-standard","hentry","category-francisco-rodriguez","tag-enrique-pena-nieto","tag-francisco-rodriguez","tag-indice-politico","tag-opinion"],"_links":{"self":[{"href":"https:\/\/www.diarioimagen.net\/index.php?rest_route=\/wp\/v2\/posts\/124055","targetHints":{"allow":["GET"]}}],"collection":[{"href":"https:\/\/www.diarioimagen.net\/index.php?rest_route=\/wp\/v2\/posts"}],"about":[{"href":"https:\/\/www.diarioimagen.net\/index.php?rest_route=\/wp\/v2\/types\/post"}],"author":[{"embeddable":true,"href":"https:\/\/www.diarioimagen.net\/index.php?rest_route=\/wp\/v2\/users\/1"}],"replies":[{"embeddable":true,"href":"https:\/\/www.diarioimagen.net\/index.php?rest_route=%2Fwp%2Fv2%2Fcomments&post=124055"}],"version-history":[{"count":0,"href":"https:\/\/www.diarioimagen.net\/index.php?rest_route=\/wp\/v2\/posts\/124055\/revisions"}],"wp:attachment":[{"href":"https:\/\/www.diarioimagen.net\/index.php?rest_route=%2Fwp%2Fv2%2Fmedia&parent=124055"}],"wp:term":[{"taxonomy":"category","embeddable":true,"href":"https:\/\/www.diarioimagen.net\/index.php?rest_route=%2Fwp%2Fv2%2Fcategories&post=124055"},{"taxonomy":"post_tag","embeddable":true,"href":"https:\/\/www.diarioimagen.net\/index.php?rest_route=%2Fwp%2Fv2%2Ftags&post=124055"}],"curies":[{"name":"wp","href":"https:\/\/api.w.org\/{rel}","templated":true}]}}