{"id":124070,"date":"2013-03-11T00:01:11","date_gmt":"2013-03-11T06:01:11","guid":{"rendered":"http:\/\/www.diarioimagen.net\/?p=124070"},"modified":"2013-03-11T04:48:56","modified_gmt":"2013-03-11T10:48:56","slug":"los-primeros-cien","status":"publish","type":"post","link":"https:\/\/www.diarioimagen.net\/?p=124070","title":{"rendered":"Los primeros cien"},"content":{"rendered":"<h2>Pol\u00edtica Spot<\/h2>\n<h5>Juan Manuel Maga\u00f1a<\/h5>\n<p>&nbsp;<\/p>\n<p>Enrique Pe\u00f1a Nieto cumpli\u00f3 ayer cien d\u00edas al frente del gobierno. Son d\u00edas que pretenden decirle a la ciudadan\u00eda si el nuevo poder es capaz de cumplirle las promesas que le formul\u00f3 en campa\u00f1a o si de plano hay que dejar ese cumplimiento para un mejor momento.<\/p>\n<p>Los mercad\u00f3logos dicen que la campa\u00f1a es un enamoramiento, el triunfo es luna de miel, pero la vida a partir del poder es por lo regular desencanto, si no es que enga\u00f1o, decepci\u00f3n y hasta divorcio. Tal como en un matrimonio, \u00bfno?<\/p>\n<p>En fechas recientes, en el caso de Vicente Fox fue notoria -claro, hasta el momento de desencanto que empez\u00f3 en esos cien d\u00edas- la manera excesiva en que prometi\u00f3: en 15 minutos arreglar\u00eda lo de Chiapas, la econom\u00eda crecer\u00eda un 7 por ciento, los amolados tendr\u00edan \u201cvocho\u201d y \u201cchangarro\u201d, caer\u00edan los \u201cpeces gordos\u201d, en fin. Bien se puede decir que su gobierno se pudri\u00f3 al a\u00f1o sin que siquiera una de esas cosas hubiese por lo menos avanzado.<\/p>\n<p>El caso de Felipe Calder\u00f3n fue un poco distinto. Ese minti\u00f3 deliberadamente para justificar la propaganda con la que una oligarqu\u00eda lo iba a sentar en la silla a chaleco. Nom\u00e1s lleg\u00f3 al poder y de inmediato hizo a un lado aquello de \u201cpresidente del empleo\u201d para tratar de verse fuerte todos los d\u00edas delante del espejo, con el Ej\u00e9rcito en las calles.<\/p>\n<p>Era tan poco lo que el \u201cespurio\u201d ten\u00eda que ofrecer, que la cuenta de los cien d\u00edas se le hizo demasiado larga. Todos vimos c\u00f3mo no pasaron ni 40 d\u00edas cuando debi\u00f3 inventarse una especie de primer informe de gobierno para fingir que estaba a cargo. Despu\u00e9s y sobre la marcha, se ver\u00eda que el tipo no tra\u00eda nada, ni a los 40 ni a los cien d\u00edas, ni en sus seis penosos a\u00f1os.<\/p>\n<p>Claro que en cien d\u00edas no va a pasar todo lo que la gente espera o lo que le han ofrecido. Pero ese periodo es significativo porque, adem\u00e1s de alg\u00fan resultado importante, se ver\u00e1 si se han tendido las l\u00edneas que de verdad conduzcan a los resultados prometidos.<\/p>\n<p>El llamado Pacto por M\u00e9xico contiene varias de esas l\u00edneas y su primer resultado prometedor, que no pr\u00e1ctico a\u00fan, es el de la reforma educativa. La cereza de ese pastelillo fue el encarcelamiento, en el d\u00eda 89, de Elba Esther, que no s\u00f3lo hizo las delicias de chicos y grandes, sino resolvi\u00f3 de un solo golpe medi\u00e1tico la cuesti\u00f3n de aprobaci\u00f3n de los primeros cien d\u00edas de este todav\u00eda nuevo gobierno.<\/p>\n<p>Por eso, hay que ser realistas y no enga\u00f1arnos, pues todav\u00eda vamos para largo, dado el tama\u00f1o de los problemas de M\u00e9xico. Ah\u00ed est\u00e1 como ejemplo m\u00e1s claro el asunto de la violencia y el crimen organizado en M\u00e9xico.<\/p>\n<p>La m\u00e1s reciente noticia nos habla de que en los primeros tres meses de este sexenio, el gobierno registr\u00f3 3 mil 157 homicidios dolosos \u201crelacionados a delitos federales\u201d. En diciembre se reportaron mil 139 casos, en enero mil 104 y en febrero, 914. Es decir, la violencia ah\u00ed sigue en forma preocupante, aunque se nos dice que febrero ya report\u00f3 la cifra m\u00e1s baja de muertos en los \u00faltimos 40 meses.<\/p>\n<p>Dentro del periodo de los cien d\u00edas ocurri\u00f3 la lamentable y condenable explosi\u00f3n en Pemex, sobre la que a\u00fan no se dice cu\u00e1les fueron las verdaderas causas ni se ha castigado a responsable alguno.<\/p>\n<p>Y a\u00fan est\u00e1 pendiente, creo yo, el momento en que este gobierno se decida a tomarle cuentas al anterior, en virtud del desastre y la corrupci\u00f3n heredadas. Por ahora, no hay m\u00e1s que contar.<\/p>\n<p><em><a href=\"mailto: maganapalace@yahoo.com.mx\" target=\"_blank\">maganapalace@yahoo.com.mx<\/a><\/em><\/p>\n","protected":false},"excerpt":{"rendered":"<p><span style=\"color: #005497;\"><strong>Juan Manuel Maga\u00f1a<\/strong><\/span><\/p>\n","protected":false},"author":1,"featured_media":0,"comment_status":"open","ping_status":"open","sticky":false,"template":"","format":"standard","meta":{"_monsterinsights_skip_tracking":false,"_monsterinsights_sitenote_active":false,"_monsterinsights_sitenote_note":"","_monsterinsights_sitenote_category":0,"footnotes":""},"categories":[22905],"tags":[18,43709,43674,22904],"class_list":["post-124070","post","type-post","status-publish","format-standard","hentry","category-juan-manuel-magana","tag-enrique-pena-nieto","tag-juan-manuel-magana","tag-opinion","tag-politica-spot"],"_links":{"self":[{"href":"https:\/\/www.diarioimagen.net\/index.php?rest_route=\/wp\/v2\/posts\/124070","targetHints":{"allow":["GET"]}}],"collection":[{"href":"https:\/\/www.diarioimagen.net\/index.php?rest_route=\/wp\/v2\/posts"}],"about":[{"href":"https:\/\/www.diarioimagen.net\/index.php?rest_route=\/wp\/v2\/types\/post"}],"author":[{"embeddable":true,"href":"https:\/\/www.diarioimagen.net\/index.php?rest_route=\/wp\/v2\/users\/1"}],"replies":[{"embeddable":true,"href":"https:\/\/www.diarioimagen.net\/index.php?rest_route=%2Fwp%2Fv2%2Fcomments&post=124070"}],"version-history":[{"count":0,"href":"https:\/\/www.diarioimagen.net\/index.php?rest_route=\/wp\/v2\/posts\/124070\/revisions"}],"wp:attachment":[{"href":"https:\/\/www.diarioimagen.net\/index.php?rest_route=%2Fwp%2Fv2%2Fmedia&parent=124070"}],"wp:term":[{"taxonomy":"category","embeddable":true,"href":"https:\/\/www.diarioimagen.net\/index.php?rest_route=%2Fwp%2Fv2%2Fcategories&post=124070"},{"taxonomy":"post_tag","embeddable":true,"href":"https:\/\/www.diarioimagen.net\/index.php?rest_route=%2Fwp%2Fv2%2Ftags&post=124070"}],"curies":[{"name":"wp","href":"https:\/\/api.w.org\/{rel}","templated":true}]}}