{"id":124076,"date":"2013-03-11T00:08:52","date_gmt":"2013-03-11T06:08:52","guid":{"rendered":"http:\/\/www.diarioimagen.net\/?p=124076"},"modified":"2013-03-11T04:50:51","modified_gmt":"2013-03-11T10:50:51","slug":"eav-inaugura-edificio-que-opera-con-energia-solar","status":"publish","type":"post","link":"https:\/\/www.diarioimagen.net\/?p=124076","title":{"rendered":"EAV inaugura edificio que opera con energ\u00eda solar"},"content":{"rendered":"<ul>\n<li><em><strong>Reciclagua es el primer inmueble gubernamental del pa\u00eds que se abastece de electricidad mediante el uso de fotoceldas<\/strong><\/em><\/li>\n<\/ul>\n<div id=\"attachment_124155\" style=\"width: 250px\" class=\"wp-caption alignleft\"><a href=\"http:\/\/www.diarioimagen.net\/wp-content\/uploads\/2013\/03\/agua-2053.jpg\"><img loading=\"lazy\" decoding=\"async\" aria-describedby=\"caption-attachment-124155\" class=\"size-medium wp-image-124155\" alt=\"El gobernador Eruviel \u00c1vila Villegas dio a conocer que la Planta Reciclagua Ambiental SA de CV, organismo descentralizado de la Secretar\u00eda del Medio Ambiente estatal, es el primer edificio gubernamental a nivel nacional que se abastece por su propia cuenta de electricidad generada a trav\u00e9s de energ\u00eda solar, con el empleo de fotoceldas, por medio de las cuales tambi\u00e9n opera un equipo especializado para el tratamiento de aguas residuales.\" src=\"http:\/\/www.diarioimagen.net\/wp-content\/uploads\/2013\/03\/agua-2053-240x135.jpg\" width=\"240\" height=\"135\" srcset=\"https:\/\/www.diarioimagen.net\/wp-content\/uploads\/2013\/03\/agua-2053-240x135.jpg 240w, https:\/\/www.diarioimagen.net\/wp-content\/uploads\/2013\/03\/agua-2053-420x236.jpg 420w, https:\/\/www.diarioimagen.net\/wp-content\/uploads\/2013\/03\/agua-2053-235x132.jpg 235w, https:\/\/www.diarioimagen.net\/wp-content\/uploads\/2013\/03\/agua-2053-202x114.jpg 202w, https:\/\/www.diarioimagen.net\/wp-content\/uploads\/2013\/03\/agua-2053-350x196.jpg 350w, https:\/\/www.diarioimagen.net\/wp-content\/uploads\/2013\/03\/agua-2053-220x123.jpg 220w, https:\/\/www.diarioimagen.net\/wp-content\/uploads\/2013\/03\/agua-2053-237x132.jpg 237w, https:\/\/www.diarioimagen.net\/wp-content\/uploads\/2013\/03\/agua-2053.jpg 480w\" sizes=\"auto, (max-width: 240px) 100vw, 240px\" \/><\/a><p id=\"caption-attachment-124155\" class=\"wp-caption-text\">El gobernador Eruviel \u00c1vila Villegas dio a conocer que la Planta Reciclagua Ambiental SA de CV, organismo descentralizado de la Secretar\u00eda del Medio Ambiente estatal, es el primer edificio gubernamental a nivel nacional que se abastece por su propia cuenta de electricidad generada a trav\u00e9s de energ\u00eda solar, con el empleo de fotoceldas, por medio de las cuales tambi\u00e9n opera un equipo especializado para el tratamiento de aguas residuales.<\/p><\/div>\n<p><strong>Toluca, Estado de M\u00e9xico.-<\/strong> El gobernador Eruviel \u00c1vila Villegas dio a conocer que la Planta Reciclagua Ambiental SA de CV, organismo descentralizado de la Secretar\u00eda del Medio Ambiente estatal, es el primer edificio gubernamental a nivel nacional que se abastece por su propia cuenta de electricidad generada a trav\u00e9s de energ\u00eda solar, con el empleo de fotoceldas, por medio de las cuales tambi\u00e9n opera un equipo especializado para el tratamiento de aguas residuales.<\/p>\n<p>Explic\u00f3 que el edificio administrativo de esta dependencia, encargada de dar tratamiento a las aguas residuales provenientes de la zona industrial Toluca-Lerma, genera la energ\u00eda el\u00e9ctrica para sus actividades cotidianas a trav\u00e9s de 92 paneles solares, que proporcionan los servicios de luz a las oficinas administrativas, en los que se invirti\u00f3 1.5 millones de pesos y generan un abasto de electricidad similar al que emplean en promedio 40 viviendas.<\/p>\n<p>\u201cEs un orgullo para el Gobierno del Estado de M\u00e9xico contar con instalaciones de este tipo, con un edificio inteligente que nos coloca a la vanguardia no solamente en lo tecnol\u00f3gico, sino en materia de eficiencia en el manejo de recursos, pues con el uso de energ\u00eda solar se deja de gastar en el pago de electricidad, adem\u00e1s del beneficio ambiental pues se reducen de manera notable las emisiones de bi\u00f3xido de carbono\u201d, expres\u00f3<\/p>\n<p>Adem\u00e1s, dijo, cuenta con un sistema inteligente de iluminaci\u00f3n por medio de sensores de presencia, con una vida \u00fatil de 25 a\u00f1os, que permitir\u00e1 reducir el consumo de energ\u00eda el\u00e9ctrica, pues si una oficina deja de registrar actividad durante 5 \u00f3 10 minutos, las l\u00e1mparas se apagan, adem\u00e1s de que si la luz natural es suficiente durante el d\u00eda, las luminarias tampoco encienden.<\/p>\n<p>En el caso del equipo empleado para el tratamiento de aguas residuales, denominado Solar Bee, es un circulador de flujo de agua que opera de forma aut\u00f3noma de d\u00eda y noche\u00a0 a trav\u00e9s de energ\u00eda solar, sustituye a una bomba mec\u00e1nica con capacidad de 100 caballos de potencia, mejora el procedimiento, elimina malos olores y evita enviar a la atm\u00f3sfera 437 toneladas de bi\u00f3xido de carbono al a\u00f1o.<\/p>\n<p>Eruviel \u00c1vila indic\u00f3 que este equipo tuvo una inversi\u00f3n superior a un mill\u00f3n 494 mil pesos, y aunque por el momento est\u00e1 instalado en uno de los ocho reactores biol\u00f3gicos de esta planta, gracias a sus resultados ya se analiza su posible implementaci\u00f3n en otras plantas y embalses de la entidad.<\/p>\n","protected":false},"excerpt":{"rendered":"<p>Toluca, Estado de M\u00e9xico.- El gobernador Eruviel \u00c1vila Villegas dio a conocer que la Planta Reciclagua Ambiental SA de CV, organismo descentralizado de la Secretar\u00eda del Medio Ambiente estatal, es el primer edificio gubernamental a nivel nacional que se abastece por su propia cuenta de electricidad generada a trav\u00e9s de energ\u00eda solar, con el empleo de fotoceldas, por medio de las cuales tambi\u00e9n opera un equipo especializado para el tratamiento de aguas residuales.<\/p>\n","protected":false},"author":1,"featured_media":124155,"comment_status":"open","ping_status":"open","sticky":false,"template":"","format":"standard","meta":{"_monsterinsights_skip_tracking":false,"_monsterinsights_sitenote_active":false,"_monsterinsights_sitenote_note":"","_monsterinsights_sitenote_category":0,"footnotes":""},"categories":[5],"tags":[5828,43675,452],"class_list":["post-124076","post","type-post","status-publish","format-standard","has-post-thumbnail","hentry","category-estado-de-mexico","tag-eruviel-avila-villegas","tag-estado-de-mexico","tag-toluca"],"_links":{"self":[{"href":"https:\/\/www.diarioimagen.net\/index.php?rest_route=\/wp\/v2\/posts\/124076","targetHints":{"allow":["GET"]}}],"collection":[{"href":"https:\/\/www.diarioimagen.net\/index.php?rest_route=\/wp\/v2\/posts"}],"about":[{"href":"https:\/\/www.diarioimagen.net\/index.php?rest_route=\/wp\/v2\/types\/post"}],"author":[{"embeddable":true,"href":"https:\/\/www.diarioimagen.net\/index.php?rest_route=\/wp\/v2\/users\/1"}],"replies":[{"embeddable":true,"href":"https:\/\/www.diarioimagen.net\/index.php?rest_route=%2Fwp%2Fv2%2Fcomments&post=124076"}],"version-history":[{"count":0,"href":"https:\/\/www.diarioimagen.net\/index.php?rest_route=\/wp\/v2\/posts\/124076\/revisions"}],"wp:featuredmedia":[{"embeddable":true,"href":"https:\/\/www.diarioimagen.net\/index.php?rest_route=\/wp\/v2\/media\/124155"}],"wp:attachment":[{"href":"https:\/\/www.diarioimagen.net\/index.php?rest_route=%2Fwp%2Fv2%2Fmedia&parent=124076"}],"wp:term":[{"taxonomy":"category","embeddable":true,"href":"https:\/\/www.diarioimagen.net\/index.php?rest_route=%2Fwp%2Fv2%2Fcategories&post=124076"},{"taxonomy":"post_tag","embeddable":true,"href":"https:\/\/www.diarioimagen.net\/index.php?rest_route=%2Fwp%2Fv2%2Ftags&post=124076"}],"curies":[{"name":"wp","href":"https:\/\/api.w.org\/{rel}","templated":true}]}}