{"id":124259,"date":"2013-03-12T00:13:32","date_gmt":"2013-03-12T06:13:32","guid":{"rendered":"http:\/\/www.diarioimagen.net\/?p=124259"},"modified":"2013-03-12T05:53:00","modified_gmt":"2013-03-12T11:53:00","slug":"eruviel-avila-entrega-maquinaria-y-apoyos-economicos-a-productores-mexiquenses","status":"publish","type":"post","link":"https:\/\/www.diarioimagen.net\/?p=124259","title":{"rendered":"Eruviel \u00c1vila entrega maquinaria y apoyos econ\u00f3micos a productores mexiquenses"},"content":{"rendered":"<h2>Arco Norte<\/h2>\n<h5>Jos\u00e9 Luis Monta\u00f1ez Aguilar<\/h5>\n<p>&nbsp;<\/p>\n<div id=\"attachment_124330\" style=\"width: 250px\" class=\"wp-caption alignleft\"><a href=\"http:\/\/www.diarioimagen.net\/wp-content\/uploads\/2013\/03\/arco-2054.jpg\"><img loading=\"lazy\" decoding=\"async\" aria-describedby=\"caption-attachment-124330\" class=\"size-medium wp-image-124330\" alt=\"El gobernador Eruviel \u00c1vila Villegas\" src=\"http:\/\/www.diarioimagen.net\/wp-content\/uploads\/2013\/03\/arco-2054-240x135.jpg\" width=\"240\" height=\"135\" srcset=\"https:\/\/www.diarioimagen.net\/wp-content\/uploads\/2013\/03\/arco-2054-240x135.jpg 240w, https:\/\/www.diarioimagen.net\/wp-content\/uploads\/2013\/03\/arco-2054-420x236.jpg 420w, https:\/\/www.diarioimagen.net\/wp-content\/uploads\/2013\/03\/arco-2054-235x132.jpg 235w, https:\/\/www.diarioimagen.net\/wp-content\/uploads\/2013\/03\/arco-2054-202x114.jpg 202w, https:\/\/www.diarioimagen.net\/wp-content\/uploads\/2013\/03\/arco-2054-350x196.jpg 350w, https:\/\/www.diarioimagen.net\/wp-content\/uploads\/2013\/03\/arco-2054-220x123.jpg 220w, https:\/\/www.diarioimagen.net\/wp-content\/uploads\/2013\/03\/arco-2054-237x132.jpg 237w, https:\/\/www.diarioimagen.net\/wp-content\/uploads\/2013\/03\/arco-2054.jpg 480w\" sizes=\"auto, (max-width: 240px) 100vw, 240px\" \/><\/a><p id=\"caption-attachment-124330\" class=\"wp-caption-text\">El gobernador Eruviel \u00c1vila Villegas<\/p><\/div>\n<p>El gobernador Eruviel \u00c1vila Villegas entreg\u00f3 en San Mart\u00edn de las Piramides maquinaria y apoyos econ\u00f3micos a productores agropecuarios de la regi\u00f3n y firm\u00f3 el Convenio Marco de Colaboraci\u00f3n entre el Gobierno del Estado de M\u00e9xico (GEM) y Diconsa, para la comercializaci\u00f3n de ma\u00edz de la entidad &#8211; primero en su tipo que la paraestatal signa en el pa\u00eds-, el cual respaldar\u00e1 a los productores de tuna, nopal y cebada maltera. \u201cQue todas estas acciones se traduzcan en bien para la gente, para el campo mexicano, para el campo mexiquense, del cual comemos todos, al cual debemos seguir apoyando con decisiones, con mucho entusiasmo, como lo hace el Presidente de la Rep\u00fablica, como lo hacen ustedes, productores del campo\u201d, se\u00f1al\u00f3.<\/p>\n<p style=\"text-align: center;\"><strong>CONVENIO PARA PREVENCI\u00d3N\u00a0Y ATENCI\u00d3N DEL DELITO<\/strong><\/p>\n<p>El gobernador Eruviel \u00c1vila Villegas y Roberto Campa Cifri\u00e1n, subsecretario de Prevenci\u00f3n y Participaci\u00f3n Ciudadana de la Secretar\u00eda de Gobernaci\u00f3n, firmaron el Convenio de Adhesi\u00f3n e Instalaci\u00f3n de la Comisi\u00f3n Interinstitucional Estatal de Prevenci\u00f3n Social de la Violencia y la Delincuencia, a trav\u00e9s del cual los municipios de Toluca, Ecatepec y Ciudad Nezahualc\u00f3yotl recibir\u00e1n 124 millones de pesos para atender adicciones, v\u00edctimas del delito, convivencia ciudadana, entre otros, con lo cual el Estado de M\u00e9xico da cumplimiento al acuerdo nacional para su creaci\u00f3n.<\/p>\n<p><em><a href=\"mailto:montanezaguilar@gmail.com\" target=\"_blank\">montanezaguilar@gmail.com<\/a><\/em><\/p>\n","protected":false},"excerpt":{"rendered":"<p><span style=\"color: #005497;\"><strong>Jos\u00e9 Luis Monta\u00f1ez Aguilar<\/strong><\/span><br \/>\n<br \/>\nEl gobernador Eruviel \u00c1vila Villegas entreg\u00f3 en San Mart\u00edn de las Piramides<\/p>\n","protected":false},"author":1,"featured_media":124330,"comment_status":"open","ping_status":"open","sticky":false,"template":"","format":"standard","meta":{"_monsterinsights_skip_tracking":false,"_monsterinsights_sitenote_active":false,"_monsterinsights_sitenote_note":"","_monsterinsights_sitenote_category":0,"footnotes":""},"categories":[5],"tags":[13284,5828,43675,43704,10192],"class_list":["post-124259","post","type-post","status-publish","format-standard","has-post-thumbnail","hentry","category-estado-de-mexico","tag-arco-norte","tag-eruviel-avila-villegas","tag-estado-de-mexico","tag-jose-luis-montanez-aguilar","tag-san-martin-de-las-piramides"],"_links":{"self":[{"href":"https:\/\/www.diarioimagen.net\/index.php?rest_route=\/wp\/v2\/posts\/124259","targetHints":{"allow":["GET"]}}],"collection":[{"href":"https:\/\/www.diarioimagen.net\/index.php?rest_route=\/wp\/v2\/posts"}],"about":[{"href":"https:\/\/www.diarioimagen.net\/index.php?rest_route=\/wp\/v2\/types\/post"}],"author":[{"embeddable":true,"href":"https:\/\/www.diarioimagen.net\/index.php?rest_route=\/wp\/v2\/users\/1"}],"replies":[{"embeddable":true,"href":"https:\/\/www.diarioimagen.net\/index.php?rest_route=%2Fwp%2Fv2%2Fcomments&post=124259"}],"version-history":[{"count":0,"href":"https:\/\/www.diarioimagen.net\/index.php?rest_route=\/wp\/v2\/posts\/124259\/revisions"}],"wp:featuredmedia":[{"embeddable":true,"href":"https:\/\/www.diarioimagen.net\/index.php?rest_route=\/wp\/v2\/media\/124330"}],"wp:attachment":[{"href":"https:\/\/www.diarioimagen.net\/index.php?rest_route=%2Fwp%2Fv2%2Fmedia&parent=124259"}],"wp:term":[{"taxonomy":"category","embeddable":true,"href":"https:\/\/www.diarioimagen.net\/index.php?rest_route=%2Fwp%2Fv2%2Fcategories&post=124259"},{"taxonomy":"post_tag","embeddable":true,"href":"https:\/\/www.diarioimagen.net\/index.php?rest_route=%2Fwp%2Fv2%2Ftags&post=124259"}],"curies":[{"name":"wp","href":"https:\/\/api.w.org\/{rel}","templated":true}]}}