{"id":124374,"date":"2013-03-13T00:01:14","date_gmt":"2013-03-13T06:01:14","guid":{"rendered":"http:\/\/www.diarioimagen.net\/?p=124374"},"modified":"2013-03-13T05:20:58","modified_gmt":"2013-03-13T11:20:58","slug":"por-primera-vez-en-su-historia-el-tianguis-turistico-se-realiza-en-una-ciudad-patrimonio-de-la-humanidad","status":"publish","type":"post","link":"https:\/\/www.diarioimagen.net\/?p=124374","title":{"rendered":"Por primera vez en su historia, el Tianguis Tur\u00edstico se realiza en una ciudad Patrimonio de la Humanidad"},"content":{"rendered":"<h2>De cinco estrellas<\/h2>\n<h5>Victoria Gonz\u00e1lez Prado<\/h5>\n<p>&nbsp;<\/p>\n<ul>\n<li><em><strong>Sobre el Certamen Internacional de Periodismo denominado: Canc\u00fan y la Cultura Maya<\/strong><\/em><\/li>\n<li><em><strong>Alfonso Sarabia de la Garza, nuevo titular del Aeropuerto Internacional de la Ciudad de M\u00e9xico<\/strong><\/em><\/li>\n<li><em><strong>Aeropuerto de Canc\u00fan, reconocido como el mejor de Am\u00e9rica Latina<\/strong><\/em><\/li>\n<\/ul>\n<div id=\"attachment_124525\" style=\"width: 250px\" class=\"wp-caption alignleft\"><a href=\"http:\/\/www.diarioimagen.net\/wp-content\/uploads\/2013\/03\/turismo-2055.jpg\"><img loading=\"lazy\" decoding=\"async\" aria-describedby=\"caption-attachment-124525\" class=\"size-medium wp-image-124525\" alt=\"La ciudad de Puebla, sede del Tianguis Tur\u00edstico.\" src=\"http:\/\/www.diarioimagen.net\/wp-content\/uploads\/2013\/03\/turismo-2055-240x135.jpg\" width=\"240\" height=\"135\" srcset=\"https:\/\/www.diarioimagen.net\/wp-content\/uploads\/2013\/03\/turismo-2055-240x135.jpg 240w, https:\/\/www.diarioimagen.net\/wp-content\/uploads\/2013\/03\/turismo-2055-420x236.jpg 420w, https:\/\/www.diarioimagen.net\/wp-content\/uploads\/2013\/03\/turismo-2055-235x132.jpg 235w, https:\/\/www.diarioimagen.net\/wp-content\/uploads\/2013\/03\/turismo-2055-202x114.jpg 202w, https:\/\/www.diarioimagen.net\/wp-content\/uploads\/2013\/03\/turismo-2055-350x196.jpg 350w, https:\/\/www.diarioimagen.net\/wp-content\/uploads\/2013\/03\/turismo-2055-220x123.jpg 220w, https:\/\/www.diarioimagen.net\/wp-content\/uploads\/2013\/03\/turismo-2055-237x132.jpg 237w, https:\/\/www.diarioimagen.net\/wp-content\/uploads\/2013\/03\/turismo-2055.jpg 480w\" sizes=\"auto, (max-width: 240px) 100vw, 240px\" \/><\/a><p id=\"caption-attachment-124525\" class=\"wp-caption-text\">La ciudad de Puebla, sede del Tianguis Tur\u00edstico.<\/p><\/div>\n<p>A punto est\u00e1 de iniciar el Tianguis Tur\u00edstico, que por primera vez en su historia se realizar\u00e1 en una ciudad sin mar. Puebla de los \u00c1ngeles, es la sede, ciudad Patrimonio de la Humanidad, que adem\u00e1s de albergar un sinn\u00famero de recintos hist\u00f3ricos ofrece una gastronom\u00eda exquisita en la que destacan el famoso mole poblano, las chalupas y un buen n\u00famero de dulces tradicionales. El tianguis inicia el pr\u00f3ximo domingo 17 de marzo y concluye el mi\u00e9rcoles 20 y de las actividades les estaremos informando\u2026 La hist\u00f3rica ciudad de Puebla, a trav\u00e9s de su oficina de Turismo, nos invit\u00f3 a dar un recorrido por esta hermosa ciudad, declarada Patrimonio de la Humanidad en 1987 por la UNESCO, que ser\u00e1 sede del Tianguis Tur\u00edstico del 17 al 20 de marzo, al cual se espera asistan\u00a0 400 expositores y mil 900 compradores de Estados Unidos, Europa, Asia y Am\u00e9rica Latina, donde se promocionar\u00e1n y comercializar\u00e1n productos y servicios tur\u00edsticos del pa\u00eds. Fueron nuestros anfitriones Rosa del Castillo \u00c1vila, jefa del departamento de operaciones y Fabi\u00e1n Valdivia P\u00e9rez, jefe del departamento de Promoci\u00f3n, de la Secretaria de Desarrollo Econ\u00f3mico y Turismo, quienes en un interesante recorrido nos hablaron sobre la riquezas que posee la catedral, en la cual se han realizado importantes trabajos de restauraci\u00f3n en su arquitectura y en las obras de arte que en su interior guarda, esto como parte del proyecto \u201cFuentes -Catedral\u201d. Para \u00e9ste se destinaron alrededor de 400 millones de pesos, con lo cual se mejor\u00f3 la imagen del Centro Hist\u00f3rico de Puebla, la iluminaci\u00f3n en arquitectura representativa y monumentos; Rehabilitaci\u00f3n de parques y en algunos espacios se instalaron juegos infantiles, gimnasios al aire libre; Mantenimiento a fachadas del Centro Hist\u00f3rico, mediante un an\u00e1lisis para determinar las acciones de restauraci\u00f3n de acuerdo a las normativas del INAH; Mantenimiento a vialidades (banquetas, rodamiento y ciclov\u00eda), asegur\u00f3 Fabi\u00e1n Valdivia. Parte de este interesante recorrido se realiz\u00f3 en el \u201cCentro Expositor\u201d, donde fuimos recibidos por Tita Su\u00e1rez, jefa del departamento de ventas y mercadotecnia, quien asegur\u00f3: \u201cel Centro Expositor cuenta con una superficie de 40 mil m\u00b2, de los cuales 24 mil ser\u00e1n utilizados para la realizaci\u00f3n del Tianguis Tur\u00edstico, adem\u00e1s de siete m\u00f3dulos VIP, oficinas, ba\u00f1os, elevador y sala de juntas; el \u00e1rea de convenciones cuenta con una superficie de 9 mil m\u00b2, \u00e1rea de proyecciones, sala de prensa, sala presidencial, \u00e1reas de oficina, cocina por cada nivel, terraza y 990 cajones de estacionamiento\u201d. Alejandro Ca\u00f1edo Priesca, director de la oficina de Turismo del municipio, dijo:\u00a0 \u201cse cuentan con aproximadamente 5 mil 500 habitaciones y se est\u00e1 trabajando en la log\u00edstica para hospedar a los visitantes, pidiendo apoyo a la ciudad de M\u00e9xico y Tlaxcala\u201d. Tambi\u00e9n se\u00f1al\u00f3 que se est\u00e1n capacitando a m\u00e1s de mil taxistas para que ofrezcan un mejor servicio. \u201cTenemos muchos retos, incluyendo que Puebla tenga una vocaci\u00f3n tur\u00edstica\u201d, destac\u00f3 Ca\u00f1edo Priesca. Cabe mencionar que por primera vez en 38 a\u00f1os se realizar\u00e1 el Tianguis Tur\u00edstico en un destino que no es de sol y playa, y se espera la participaci\u00f3n de 33 pa\u00edses, la realizaci\u00f3n de 35 mil citas de negocios, cerca de 2 mil compradores y una derrama econ\u00f3mica de 170 millones de pesos.<\/p>\n<p><i>\u2730\u2730\u2730\u2730\u2730<\/i>\u00a0Antes de la celebraci\u00f3n del XI Foro Nacional de Turismo, la OVC de Canc\u00fan lanz\u00f3 una convocatoria para el Certamen Internacional de Periodismo denominado: Canc\u00fan y la Cultura Maya. La convocatoria fue para periodistas en M\u00e9xico (excepto Quintana Roo), Estados Unidos y Canad\u00e1 en tres categor\u00edas: Impresos, Radio y Televisi\u00f3n e Internet. De acuerdo al dictamen\u00a0que emitir\u00eda el jurado certificador, se otorgar\u00edan dos premios en efectivo por categor\u00eda primer lugar 2 mil d\u00f3lares y segundo lugar mil d\u00f3lares. El jurado podr\u00eda otorgar menciones honor\u00edficas que consistir\u00edan en medalla de honor y diploma. Los trabajos fueron presentados tal cual lo indicaba la convocatoria con fecha l\u00edmite el 7 de febrero del a\u00f1o en curso y el resultado se dar\u00eda a conocer a trav\u00e9s de los medios nacionales de comunicaci\u00f3n el pasado 17 de febrero del 2013, y los premios se entregar\u00edan en la clausura del foro. El caso es que no hubo tal anuncio, los premios no fueron entregados, como indicaba la convocatoria y los concursantes se quedaron esperando. Los participantes, que no acudieron al foro \u201csiguen esperando\u201d que les avisen en qu\u00e9 vuelo llegar\u00e1n a Canc\u00fan pues apartaron -como dec\u00eda la convocatoria-, los d\u00edas 18, 19 y 20 de febrero, con la esperanza de recoger sus premios en la clausura del XI Foro. Por supuesto, las entidades que convocaron al certamen cubrir\u00edan los gastos de viaje de los premiados. Para esta convocatoria se eligi\u00f3 como jurado calificador al presidente de la Asociaci\u00f3n de Hoteles de Canc\u00fan, el director de la OVC de Canc\u00fan, el rector de la Universidad An\u00e1huac Canc\u00fan y el rector de la Universidad La Salle Canc\u00fan. El XI Foro Nacional de Turismo ya es historia y los ilusionados galardonados s\u00f3lo recibieron una escueta felicitaci\u00f3n por correo electr\u00f3nico: \u201cFelicidades resultaste ganador del Certamen Internacional de Periodismo Canc\u00fan y la Cultura Maya\u201d. Y la convocatoria \u00bfse refiri\u00f3 a un premio en efectivo o ya me confund\u00ed como siempre? Los ganadores siguen esperando que alguien les diga algo m\u00e1s que felicidades \u00bfser\u00e1 que a los organizadores se les olvid\u00f3? Lo que s\u00ed nos queda claro es que los galardonados siguen esperando un viaje a Canc\u00fan y un premio en efectivo\u2026 Eso s\u00ed, de las menciones honor\u00edficas no sabemos nada\u00a0 \u00bfO s\u00ed ? \u00bfSer\u00e1 que cambiaron las reglas y no avisaron? Y si no cambiaron, \u00bfpor qu\u00e9 no se entregaron los premios en tiempo y forma? Para qu\u00e9 sirvi\u00f3 la convocatoria si al final se les olvid\u00f3 entregar los premios?, bueno, quiz\u00e1 fue una de esas bromas\u2026 \u00bfEs una broma? \u00bfQui\u00e9n nos puede contestar?<\/p>\n<p><i>\u2730\u2730\u2730\u2730\u2730<\/i>\u00a0<b>Alfonso Sarabia de la Garza<\/b> es el nuevo titular del Aeropuerto Internacional de la Ciudad de M\u00e9xico (AICM), en sustituci\u00f3n de Gilberto L\u00f3pez Meyer, que ahora es director general de Aeropuertos y Servicios Auxiliares (ASA). La Secretar\u00eda de Comunicaciones y Transportes (SCT) inform\u00f3 que Alfonso Sarabia se desempe\u00f1aba como coordinador de Administraci\u00f3n de la Comisi\u00f3n Federal de Electricidad. La semana pasada, la SCT<b> <\/b>inform\u00f3 en un comunicado el nombramiento de <b>Gilberto L\u00f3pez Meyer<\/b> en ASA.<\/p>\n<p><i>\u2730\u2730\u2730\u2730\u2730<\/i>\u00a0Por cuarto a\u00f1o consecutivo, el Aeropuerto de Canc\u00fan perteneciente al Grupo Aeroportuario del Sureste (Asur) fue reconocido como el mejor de Am\u00e9rica Latina en cuanto a calidad de sus servicios por el Consejo Internacional de Aeropuertos. El reconocimiento es producto del Programa <i>Airport Service Quality<\/i> (ASQ) del organismo antes mencionado, mediante el cual se mide el desempe\u00f1o de los m\u00e1s de 250 aeropuertos m\u00e1s importantes del mundo en el rubro de servicios que proporcionan a sus pasajeros. <b>Adolfo Castro<\/b>, director general de Asur, dijo que \u201cse trata de un gran reconocimiento al trabajo de un equipo por parte de los clientes; es el est\u00edmulo para seguir haciendo bien lo que nos gusta: pensar en ellos y servirlos\u201d. Mientras que el director de la terminal a\u00e9rea de Canc\u00fan, <b>Carlos Trueba<\/b>, mencion\u00f3 que los resultados obtenidos reflejan la importancia de lo que significa para el grupo la calidad en el servicio. \u201cEl compromiso con la calidad por parte de toda la comunidad aeroportuaria ha sido un punto clave para poder otorgar un servicio de excelencia a los pasajeros. Por ello, los premios obtenidos son un reconocimiento a todos los que d\u00eda a d\u00eda participamos en este esfuerzo\u201d, expuso a trav\u00e9s de un comunicado. El Aeropuerto de Canc\u00fan ya hab\u00eda sido seleccionado como el mejor de Am\u00e9rica Latina en los a\u00f1os 2009, 2010 y 2011. Antes, en 2008, hab\u00eda sido calificado como el segundo lugar de la regi\u00f3n. La ceremonia de premiaci\u00f3n en la que se entregar\u00e1 el reconocimiento al Aeropuerto de Canc\u00fan como el mejor de Am\u00e9rica Latina, se llevar\u00e1 a cabo durante la reuni\u00f3n ACI <i>Europe\/ World Annual Congress and Exhibition<\/i>, que tendr\u00e1 lugar del 10 al 12 de junio pr\u00f3ximos en Estambul, Turqu\u00eda, y ser\u00e1 encabezada por la directora general del <i>Airport Council International<\/i>, <b>Angela Gittens<\/b>.<\/p>\n<p><i><em><a href=\"mailto:victoriagprado@gmail.com\" target=\"_blank\">victoriagprado@gmail.com<\/a><\/em><\/i><\/p>\n<p>&nbsp;<\/p>\n","protected":false},"excerpt":{"rendered":"<p>A punto est\u00e1 de iniciar el Tianguis Tur\u00edstico, que por primera vez en su historia se realizar\u00e1 en una ciudad sin mar.<\/p>\n","protected":false},"author":1,"featured_media":124525,"comment_status":"open","ping_status":"open","sticky":false,"template":"","format":"standard","meta":{"_monsterinsights_skip_tracking":false,"_monsterinsights_sitenote_active":false,"_monsterinsights_sitenote_note":"","_monsterinsights_sitenote_category":0,"footnotes":""},"categories":[11],"tags":[107,16876,43681,106],"class_list":["post-124374","post","type-post","status-publish","format-standard","has-post-thumbnail","hentry","category-turismo","tag-de-cinco-estrellas","tag-tianguis-turistico","tag-turismo","tag-victoria-gonzalez-prado"],"_links":{"self":[{"href":"https:\/\/www.diarioimagen.net\/index.php?rest_route=\/wp\/v2\/posts\/124374","targetHints":{"allow":["GET"]}}],"collection":[{"href":"https:\/\/www.diarioimagen.net\/index.php?rest_route=\/wp\/v2\/posts"}],"about":[{"href":"https:\/\/www.diarioimagen.net\/index.php?rest_route=\/wp\/v2\/types\/post"}],"author":[{"embeddable":true,"href":"https:\/\/www.diarioimagen.net\/index.php?rest_route=\/wp\/v2\/users\/1"}],"replies":[{"embeddable":true,"href":"https:\/\/www.diarioimagen.net\/index.php?rest_route=%2Fwp%2Fv2%2Fcomments&post=124374"}],"version-history":[{"count":0,"href":"https:\/\/www.diarioimagen.net\/index.php?rest_route=\/wp\/v2\/posts\/124374\/revisions"}],"wp:featuredmedia":[{"embeddable":true,"href":"https:\/\/www.diarioimagen.net\/index.php?rest_route=\/wp\/v2\/media\/124525"}],"wp:attachment":[{"href":"https:\/\/www.diarioimagen.net\/index.php?rest_route=%2Fwp%2Fv2%2Fmedia&parent=124374"}],"wp:term":[{"taxonomy":"category","embeddable":true,"href":"https:\/\/www.diarioimagen.net\/index.php?rest_route=%2Fwp%2Fv2%2Fcategories&post=124374"},{"taxonomy":"post_tag","embeddable":true,"href":"https:\/\/www.diarioimagen.net\/index.php?rest_route=%2Fwp%2Fv2%2Ftags&post=124374"}],"curies":[{"name":"wp","href":"https:\/\/api.w.org\/{rel}","templated":true}]}}