{"id":124435,"date":"2013-03-13T00:13:02","date_gmt":"2013-03-13T06:13:02","guid":{"rendered":"http:\/\/www.diarioimagen.net\/?p=124435"},"modified":"2013-03-13T04:50:05","modified_gmt":"2013-03-13T10:50:05","slug":"eruviel-ofrece-10-campus-mas-para-el-estado-de-mexico-y-entrega-obras-en-acolman","status":"publish","type":"post","link":"https:\/\/www.diarioimagen.net\/?p=124435","title":{"rendered":"Eruviel ofrece 10 campus m\u00e1s para el Estado de M\u00e9xico y entrega obras en Acolman"},"content":{"rendered":"<h2>Arco Norte<\/h2>\n<h5>Jos\u00e9 Luis Monta\u00f1ez Aguilar<\/h5>\n<p>&nbsp;<\/p>\n<p><a href=\"http:\/\/www.diarioimagen.net\/wp-content\/uploads\/2013\/03\/acolman-2055.jpg\"><img loading=\"lazy\" decoding=\"async\" class=\"alignleft size-medium wp-image-124466\" style=\"margin-right: 9px; margin-bottom: 9px;\" alt=\"acolman-2055\" src=\"http:\/\/www.diarioimagen.net\/wp-content\/uploads\/2013\/03\/acolman-2055-240x135.jpg\" width=\"240\" height=\"135\" srcset=\"https:\/\/www.diarioimagen.net\/wp-content\/uploads\/2013\/03\/acolman-2055-240x135.jpg 240w, https:\/\/www.diarioimagen.net\/wp-content\/uploads\/2013\/03\/acolman-2055-420x236.jpg 420w, https:\/\/www.diarioimagen.net\/wp-content\/uploads\/2013\/03\/acolman-2055-235x132.jpg 235w, https:\/\/www.diarioimagen.net\/wp-content\/uploads\/2013\/03\/acolman-2055-202x114.jpg 202w, https:\/\/www.diarioimagen.net\/wp-content\/uploads\/2013\/03\/acolman-2055-350x196.jpg 350w, https:\/\/www.diarioimagen.net\/wp-content\/uploads\/2013\/03\/acolman-2055-220x123.jpg 220w, https:\/\/www.diarioimagen.net\/wp-content\/uploads\/2013\/03\/acolman-2055-237x132.jpg 237w, https:\/\/www.diarioimagen.net\/wp-content\/uploads\/2013\/03\/acolman-2055.jpg 480w\" sizes=\"auto, (max-width: 240px) 100vw, 240px\" \/><\/a>\u201cVamos por 10 unidades acad\u00e9micas, varias de ellas con la UAEM que ya refer\u00eda nuestro se\u00f1or rector, otras Universidades Polit\u00e9cnicas, otras Universidades Bicentenario, pero vamos por 10 centros acad\u00e9micos de nivel superior para nuestro querido Estado de M\u00e9xico, algunas las habremos de inaugurar este mismo a\u00f1o, otras seguramente el pr\u00f3ximo, lo importante es que se detonan este mismo a\u00f1o 2013\u201d, dijo el gobernador Eruviel \u00c1vila Villegas ante Vicente Anaya Aguilar, presidente municipal de Acolman. En el segundo d\u00eda de actividades de la gira con pernocta en la Regi\u00f3n de las Pir\u00e1mides, el gobernador Eruviel \u00c1vila Villegas coloc\u00f3 la primera piedra de la Unidad Acad\u00e9mica Profesional de la Universidad Aut\u00f3noma del Estado de M\u00e9xico (UAEM), e inaugur\u00f3 el bulevar Tepexpan, as\u00ed como la primera Biblioteca Digital Estado de M\u00e9xico en este municipio. Al dar inicio a los trabajos de construcci\u00f3n de la Unidad Acad\u00e9mica Profesional de la UAEM, ubicada en el ejido Santa Catarina y Tenango, con la que se cumple uno de los compromisos hechos en campa\u00f1a en esta regi\u00f3n del estado, pidi\u00f3 al rector de la m\u00e1xima casa de estudios en la entidad, Eduardo Gasca Pliego, analizar la posibilidad de adicionar la licenciatura en turismo en este campus, para detonar en esta materia la Regi\u00f3n de las Pir\u00e1mides, y destac\u00f3 que este a\u00f1o se construir\u00e1n 10 planteles de educaci\u00f3n superior en la entidad.<\/p>\n<p><em><a href=\"mailto:montanezaguilar@gmail.com\" target=\"_blank\">montanezaguilar@gmail.com<\/a><\/em><\/p>\n","protected":false},"excerpt":{"rendered":"<p><span style=\"color: #005497;\"><strong>Jos\u00e9 Luis Monta\u00f1ez Aguilar<\/strong><\/span><br \/>\n<br \/>\nVamos por 10 unidades acad\u00e9micas, varias de ellas con la UAEM que ya refer\u00eda nuestro se\u00f1or rector<\/p>\n","protected":false},"author":1,"featured_media":124466,"comment_status":"open","ping_status":"open","sticky":false,"template":"","format":"standard","meta":{"_monsterinsights_skip_tracking":false,"_monsterinsights_sitenote_active":false,"_monsterinsights_sitenote_note":"","_monsterinsights_sitenote_category":0,"footnotes":""},"categories":[5],"tags":[13284,43675,43704,1491],"class_list":["post-124435","post","type-post","status-publish","format-standard","has-post-thumbnail","hentry","category-estado-de-mexico","tag-arco-norte","tag-estado-de-mexico","tag-jose-luis-montanez-aguilar","tag-uaem"],"_links":{"self":[{"href":"https:\/\/www.diarioimagen.net\/index.php?rest_route=\/wp\/v2\/posts\/124435","targetHints":{"allow":["GET"]}}],"collection":[{"href":"https:\/\/www.diarioimagen.net\/index.php?rest_route=\/wp\/v2\/posts"}],"about":[{"href":"https:\/\/www.diarioimagen.net\/index.php?rest_route=\/wp\/v2\/types\/post"}],"author":[{"embeddable":true,"href":"https:\/\/www.diarioimagen.net\/index.php?rest_route=\/wp\/v2\/users\/1"}],"replies":[{"embeddable":true,"href":"https:\/\/www.diarioimagen.net\/index.php?rest_route=%2Fwp%2Fv2%2Fcomments&post=124435"}],"version-history":[{"count":0,"href":"https:\/\/www.diarioimagen.net\/index.php?rest_route=\/wp\/v2\/posts\/124435\/revisions"}],"wp:featuredmedia":[{"embeddable":true,"href":"https:\/\/www.diarioimagen.net\/index.php?rest_route=\/wp\/v2\/media\/124466"}],"wp:attachment":[{"href":"https:\/\/www.diarioimagen.net\/index.php?rest_route=%2Fwp%2Fv2%2Fmedia&parent=124435"}],"wp:term":[{"taxonomy":"category","embeddable":true,"href":"https:\/\/www.diarioimagen.net\/index.php?rest_route=%2Fwp%2Fv2%2Fcategories&post=124435"},{"taxonomy":"post_tag","embeddable":true,"href":"https:\/\/www.diarioimagen.net\/index.php?rest_route=%2Fwp%2Fv2%2Ftags&post=124435"}],"curies":[{"name":"wp","href":"https:\/\/api.w.org\/{rel}","templated":true}]}}