{"id":124578,"date":"2013-03-14T00:13:12","date_gmt":"2013-03-14T06:13:12","guid":{"rendered":"http:\/\/www.diarioimagen.net\/?p=124578"},"modified":"2013-03-14T05:16:24","modified_gmt":"2013-03-14T11:16:24","slug":"eruviel-realiza-120-acciones-durante-su-gira-por-la-region-de-las-piramides","status":"publish","type":"post","link":"https:\/\/www.diarioimagen.net\/?p=124578","title":{"rendered":"Eruviel realiza 120 acciones durante su gira por la Regi\u00f3n de las Pir\u00e1mides"},"content":{"rendered":"<h2>Arco Norte<\/h2>\n<h5>Jos\u00e9 Luis Monta\u00f1ez Aguilar<\/h5>\n<p>&nbsp;<\/p>\n<div id=\"attachment_124662\" style=\"width: 250px\" class=\"wp-caption alignleft\"><a href=\"http:\/\/www.diarioimagen.net\/wp-content\/uploads\/2013\/03\/eruviel-arco-2056.jpg\"><img loading=\"lazy\" decoding=\"async\" aria-describedby=\"caption-attachment-124662\" class=\"size-medium wp-image-124662\" alt=\"Eruviel \u00c1vila Villegas, gobernador del Estado de M\u00e9xico.\" src=\"http:\/\/www.diarioimagen.net\/wp-content\/uploads\/2013\/03\/eruviel-arco-2056-240x135.jpg\" width=\"240\" height=\"135\" srcset=\"https:\/\/www.diarioimagen.net\/wp-content\/uploads\/2013\/03\/eruviel-arco-2056-240x135.jpg 240w, https:\/\/www.diarioimagen.net\/wp-content\/uploads\/2013\/03\/eruviel-arco-2056-420x236.jpg 420w, https:\/\/www.diarioimagen.net\/wp-content\/uploads\/2013\/03\/eruviel-arco-2056-235x132.jpg 235w, https:\/\/www.diarioimagen.net\/wp-content\/uploads\/2013\/03\/eruviel-arco-2056-202x114.jpg 202w, https:\/\/www.diarioimagen.net\/wp-content\/uploads\/2013\/03\/eruviel-arco-2056-350x196.jpg 350w, https:\/\/www.diarioimagen.net\/wp-content\/uploads\/2013\/03\/eruviel-arco-2056-220x123.jpg 220w, https:\/\/www.diarioimagen.net\/wp-content\/uploads\/2013\/03\/eruviel-arco-2056-237x132.jpg 237w, https:\/\/www.diarioimagen.net\/wp-content\/uploads\/2013\/03\/eruviel-arco-2056.jpg 480w\" sizes=\"auto, (max-width: 240px) 100vw, 240px\" \/><\/a><p id=\"caption-attachment-124662\" class=\"wp-caption-text\">Eruviel \u00c1vila Villegas, gobernador del Estado de M\u00e9xico.<\/p><\/div>\n<p>Durante los tres d\u00edas de la gira con pernocta en la Regi\u00f3n de las Pir\u00e1mides que realiz\u00f3 el gobernador Eruviel \u00c1vila Villegas y los integrantes del gabinete estatal, se llevaron a cabo de manera simult\u00e1nea 120 acciones, entre inauguraci\u00f3n de obras, entrega de apoyos en diversos sectores, jornadas asistenciales, asesor\u00edas y firma de convenios de colaboraci\u00f3n. Este recorrido, efectuado del 11 al 13 de marzo por los municipios de Acolman, Otumba, Axapusco, Nopaltepec y San Mart\u00edn de las Pir\u00e1mides, es el segundo ejercicio de este tipo que lleva a cabo la actual administraci\u00f3n estatal. Como ejemplo de las actividades realizadas, la Secretar\u00eda de Desarrollo Social entreg\u00f3 apoyos del programa Por Mi Comunidad, en beneficio de m\u00e1s de 350 familias; supervis\u00f3 centros de distribuci\u00f3n de apoyos de programas sociales y dio canastas alimentarias y apoyos integrados a las 10 Acciones por la Mujer; mientras que la Secretar\u00eda de Salud proporcion\u00f3 200 sillas de ruedas, 160 auxiliares auditivos, 400 lentes y 60 bastones. Asimismo, la Secretar\u00eda de Desarrollo Urbano firm\u00f3 convenios de Coordinaci\u00f3n y Colaboraci\u00f3n entre el Instituto Mexiquense de Vivienda Social (IMEVIS) y los ayuntamientos de Nopaltepec y Axapusco, e instal\u00f3 el Comit\u00e9 para Prevenci\u00f3n y Control\u00a0 de Crecimiento Urbano; en materia de Agua y Obra P\u00fablica, se entregaron obras de electrificaci\u00f3n y se supervisaron obras, y en Comunicaciones se verificaron vitalidades.<\/p>\n<p style=\"text-align: center;\"><strong>ANTORCHISTAS<\/strong><\/p>\n<p>Incongruente el discurso de la presidenta municipal Maricela Serrano. \u00bfSigue siendo \u201cgestora social\u201d de Antorcha Campesina en Ixtapaluca o es alcaldesa de esa ciudad? Primero, env\u00eda como carne de ca\u00f1\u00f3n a la poblaci\u00f3n que gobierna, junto con ciudadanos de Chimalhuac\u00e1n, a manifestarse frente al palacio del Poder Ejecutivo en Toluca, y despu\u00e9s se refiere al partido del que emana como mentiroso para referirse al programa Cruzada Nacional Contra el Hambre. \u00bfEste tipo de personas son quienes administran en los municipios mexiquenses?\u00a0 La ciudadan\u00eda deber\u00eda estar atenta de \u201cesos cuantos\u201d que gobiernan, como la propia edil refiere, ya que si de crear clima de inestabilidad social se trata, consideramos que la se\u00f1ora es una experta.<\/p>\n<p><em><a href=\"mailto:montanezaguilar@gmail.com\" target=\"_blank\">montanezaguilar@gmail.com<\/a><\/em><\/p>\n","protected":false},"excerpt":{"rendered":"<p><span style=\"color: #005497;\"><strong>Jos\u00e9 Luis Monta\u00f1ez Aguilar<\/strong><\/span><br \/>\n<br \/>\nDurante los tres d\u00edas de la gira con pernocta en la Regi\u00f3n de las Pir\u00e1mides que realiz\u00f3 el gobernador Eruviel \u00c1vila Villegas y los integrantes del gabinete estatal, se llevaron a cabo de manera simult\u00e1nea 120 acciones, entre inauguraci\u00f3n de obras, entrega de apoyos en diversos sectores, jornadas asistenciales, asesor\u00edas y firma de convenios de colaboraci\u00f3n. <\/p>\n","protected":false},"author":1,"featured_media":124662,"comment_status":"open","ping_status":"open","sticky":false,"template":"","format":"standard","meta":{"_monsterinsights_skip_tracking":false,"_monsterinsights_sitenote_active":false,"_monsterinsights_sitenote_note":"","_monsterinsights_sitenote_category":0,"footnotes":""},"categories":[5],"tags":[13284,5828,43675,43704],"class_list":["post-124578","post","type-post","status-publish","format-standard","has-post-thumbnail","hentry","category-estado-de-mexico","tag-arco-norte","tag-eruviel-avila-villegas","tag-estado-de-mexico","tag-jose-luis-montanez-aguilar"],"_links":{"self":[{"href":"https:\/\/www.diarioimagen.net\/index.php?rest_route=\/wp\/v2\/posts\/124578","targetHints":{"allow":["GET"]}}],"collection":[{"href":"https:\/\/www.diarioimagen.net\/index.php?rest_route=\/wp\/v2\/posts"}],"about":[{"href":"https:\/\/www.diarioimagen.net\/index.php?rest_route=\/wp\/v2\/types\/post"}],"author":[{"embeddable":true,"href":"https:\/\/www.diarioimagen.net\/index.php?rest_route=\/wp\/v2\/users\/1"}],"replies":[{"embeddable":true,"href":"https:\/\/www.diarioimagen.net\/index.php?rest_route=%2Fwp%2Fv2%2Fcomments&post=124578"}],"version-history":[{"count":0,"href":"https:\/\/www.diarioimagen.net\/index.php?rest_route=\/wp\/v2\/posts\/124578\/revisions"}],"wp:featuredmedia":[{"embeddable":true,"href":"https:\/\/www.diarioimagen.net\/index.php?rest_route=\/wp\/v2\/media\/124662"}],"wp:attachment":[{"href":"https:\/\/www.diarioimagen.net\/index.php?rest_route=%2Fwp%2Fv2%2Fmedia&parent=124578"}],"wp:term":[{"taxonomy":"category","embeddable":true,"href":"https:\/\/www.diarioimagen.net\/index.php?rest_route=%2Fwp%2Fv2%2Fcategories&post=124578"},{"taxonomy":"post_tag","embeddable":true,"href":"https:\/\/www.diarioimagen.net\/index.php?rest_route=%2Fwp%2Fv2%2Ftags&post=124578"}],"curies":[{"name":"wp","href":"https:\/\/api.w.org\/{rel}","templated":true}]}}