{"id":124747,"date":"2013-03-15T00:03:13","date_gmt":"2013-03-15T06:03:13","guid":{"rendered":"http:\/\/www.diarioimagen.net\/?p=124747"},"modified":"2013-03-15T03:24:46","modified_gmt":"2013-03-15T09:24:46","slug":"los-campeones-en-quejas-2012-banamex-y-bbva-bancomer","status":"publish","type":"post","link":"https:\/\/www.diarioimagen.net\/?p=124747","title":{"rendered":"Los campeones en quejas 2012, Banamex y BBVA Bancomer"},"content":{"rendered":"<h2>Detr\u00e1s del Poder<\/h2>\n<h5>Jos\u00e9 Antonio L\u00f3pez Sosa<\/h5>\n<p>&nbsp;<\/p>\n<p>Si en el PAN hay divisi\u00f3n, en el PRD no s\u00f3lo \u201chace aire\u201d, sino se presenta una tolvanera. Y es que aunada a su proverbial pulverizaci\u00f3n en tribus, castas y linajes ha aterrizado ah\u00ed, lo mismo que en el partido blanquiazul, la divisi\u00f3n entre pactistas y antipactistas, lo que se sazona con el muy adelantado anuncio de Marcelo Ebrard de convertirse en dirigente nacional del sol azteca en los pr\u00f3ximos comicios internos. Muchos frentes, aunque es una sola la batalla.<\/p>\n<p>De todo ello y de muchas otras cosas m\u00e1s habl\u00f3 este \u00faltimo lunes 11 el propio Ebrard en la George Washington University de la capital imperial. Invitado como orador inaugural de un seminario sobre estrategias electorales en las redes sociales, el ex jefe del gobierno del Distrito Federal critic\u00f3 que, tras la firma del Pacto por M\u00e9xico -\u201cun acuerdo demasiado vago, demasiado vasto, de 95 o 98 puntos\u201d, dijo- el PRD se muestra \u201cdemasiado cerca\u201d del gobierno federal que encabeza el presidente Enrique Pe\u00f1a Nieto.<\/p>\n<p>\u201c\u00bfCu\u00e1l es la diferencia -entre el gobierno y el PRD- en t\u00e9rminos de posicionamiento?\u201d, se pregunt\u00f3. Y respondi\u00f3 \u00e9l mismo que pr\u00e1cticamente no existe.<\/p>\n<p>Frente a estudiosos y estudiantes del marketing pol\u00edtico de todo el continente americano, Ebrard plante\u00f3 que lo mejor hubiese sido que los representantes perredistas y los del gobierno pe\u00f1ista se hubiesen sentado a encontrar coincidencias entre lo que buscan los militantes del sol azteca y lo que quiere el gobierno pe\u00f1ista, pero que tal no se dio y, subray\u00f3, \u201c\u00bfahora en qu\u00e9 nos vamos a diferenciar (los perredistas del gobierno)?\u201d.<\/p>\n<p>Puso como ejemplo la iniciativa de reformas en materia de telecomunicaciones -que casi a la misma hora se presentaba en la capital de la Rep\u00fablica mexicana-, se\u00f1alando que nadie del PRD la conoc\u00eda\u2026 y sin embargo la estaban rubricando. Critic\u00f3, asimismo, que ese documento no se hubiese \u201cprocesado\u201d entre los parlamentarios\u2026<\/p>\n<p>Y s\u00ed, dijo que s\u00ed le interesa participar en el proceso de renovaci\u00f3n de la dirigencia perredista, a celebrarse dentro de exactamente un a\u00f1o, en marzo de 2014, subrayando que lo har\u00eda en t\u00e9rminos estatutarios.<\/p>\n<p>Lo que tambi\u00e9n ya sabemos es que su campa\u00f1a para ese cargo tendr\u00e1 como tem\u00e1tica principal todo aquello que derive de su posici\u00f3n anti- Pacto por M\u00e9xico. Y, claro, de la tribu de \u201cLos Chuchos\u201d, quienes fueron los signatarios.<\/p>\n<p align=\"center\">\u00a0<b>FRENTE AMPLIO\u00a0<\/b><b>PARA 2018<\/b><\/p>\n<p>A pregunta expresa y luego de reconocer que el movimiento #YoSoy132 impact\u00f3 en las m\u00e1s recientes campa\u00f1as presidenciales, \u201cpero no es una expresi\u00f3n pol\u00edtica permanente, tampoco org\u00e1nica\u201d, Ebrard acept\u00f3 que el PRD deber\u00eda encabezar algunas de las propuestas de los j\u00f3venes que durante un tiempo pusieron en jaque a los estrategas de la campa\u00f1a pri\u00edsta.<\/p>\n<p>Pero que, para que tal suceda, el PRD debe cambiar muchas cosas. Debe presentar, dijo, nuevas ideas, nuevas caras, nuevas formas. Muy en especial las formas que, consider\u00f3, son arcaicas, \u201cdel siglo XIX\u201d.<\/p>\n<p>Y ejemplific\u00f3 con lo dif\u00edcil que resulta afiliarse al sol azteca. Es una suerte de acto heroico, ironiz\u00f3 ante las carcajadas del auditorio de la Graduate School of Political Management donde hasta hoy se celebra el seminario.<\/p>\n<p>Lo explic\u00f3 as\u00ed: \u201cSi t\u00fa te quieres afiliar al PRD es un acto heroico, mas si eres joven. Llegas y preguntas \u2018Oiga d\u00f3nde est\u00e1 el m\u00f3dulo\u2019. Y te responden \u2018No le puedo decir porque es confidencial\u2019. \u00bfUsted de qu\u00e9 grupo (tribu) es?\u2019\u201d<\/p>\n<p>Sobre el futuro, donde va impl\u00edcita su aspiraci\u00f3n a dirigir al PRD, Ebrard apunt\u00f3 que va a darse una competencia entre las fuerzas de izquierda para las elecciones de 2015, pero que frente a la tendencia gubernamental de pulverizarlas, el reto es un frente amplio que agrupe a todos los partidos progresistas para llegar fortalecidos a los comicios del 2018. Es complejo, pero factible.<\/p>\n<p>Y record\u00f3 que en el 2006 las izquierdas obtuvieron 14 millones de votos. Casi 16 millones en el 2012. Y que tal quiere decir que hay un n\u00facleo de votantes consistente que demandan un rumbo distinto para el pa\u00eds y que al mismo tiempo dicen a la izquierda: \u201c\u00a1organ\u00edzate y representa esto!\u201d.<\/p>\n<p>He ah\u00ed el futuro, seg\u00fan Ebrard en Washington.<\/p>\n<p><em><a href=\"mailto:lopez.sosa@mexico.com\" target=\"_blank\">lopez.sosa@mexico.com<\/a><\/em><br \/>\n<em><a href=\"http:\/\/twitter.com\/#%21\/joseantonio1977\" target=\"_blank\">@joseantonio1977<br \/>\n<\/a><\/em><em><a href=\"http:\/\/www.formulaconfidencial.com.mx\/\" target=\"_blank\">www.formulaconfidencial.com.mx<\/a><\/em><\/p>\n","protected":false},"excerpt":{"rendered":"<p><span style=\"color: #005497;\"><strong>Jos\u00e9 Antonio L\u00f3pez Sosa<\/strong><\/span><\/p>\n","protected":false},"author":1,"featured_media":0,"comment_status":"open","ping_status":"open","sticky":false,"template":"","format":"standard","meta":{"_monsterinsights_skip_tracking":false,"_monsterinsights_sitenote_active":false,"_monsterinsights_sitenote_note":"","_monsterinsights_sitenote_category":0,"footnotes":""},"categories":[637],"tags":[70,494,638,43690,43674],"class_list":["post-124747","post","type-post","status-publish","format-standard","hentry","category-jose-antonio-lopez-sosa","tag-banamex","tag-bbva-bancomer","tag-detras-del-poder","tag-jose-antonio-lopez-sosa","tag-opinion"],"_links":{"self":[{"href":"https:\/\/www.diarioimagen.net\/index.php?rest_route=\/wp\/v2\/posts\/124747","targetHints":{"allow":["GET"]}}],"collection":[{"href":"https:\/\/www.diarioimagen.net\/index.php?rest_route=\/wp\/v2\/posts"}],"about":[{"href":"https:\/\/www.diarioimagen.net\/index.php?rest_route=\/wp\/v2\/types\/post"}],"author":[{"embeddable":true,"href":"https:\/\/www.diarioimagen.net\/index.php?rest_route=\/wp\/v2\/users\/1"}],"replies":[{"embeddable":true,"href":"https:\/\/www.diarioimagen.net\/index.php?rest_route=%2Fwp%2Fv2%2Fcomments&post=124747"}],"version-history":[{"count":0,"href":"https:\/\/www.diarioimagen.net\/index.php?rest_route=\/wp\/v2\/posts\/124747\/revisions"}],"wp:attachment":[{"href":"https:\/\/www.diarioimagen.net\/index.php?rest_route=%2Fwp%2Fv2%2Fmedia&parent=124747"}],"wp:term":[{"taxonomy":"category","embeddable":true,"href":"https:\/\/www.diarioimagen.net\/index.php?rest_route=%2Fwp%2Fv2%2Fcategories&post=124747"},{"taxonomy":"post_tag","embeddable":true,"href":"https:\/\/www.diarioimagen.net\/index.php?rest_route=%2Fwp%2Fv2%2Ftags&post=124747"}],"curies":[{"name":"wp","href":"https:\/\/api.w.org\/{rel}","templated":true}]}}