{"id":124932,"date":"2013-03-18T00:08:15","date_gmt":"2013-03-18T06:08:15","guid":{"rendered":"http:\/\/www.diarioimagen.net\/?p=124932"},"modified":"2013-03-18T00:29:01","modified_gmt":"2013-03-18T06:29:01","slug":"en-2012-la-uaem-acredito-2515-programas-educativos","status":"publish","type":"post","link":"https:\/\/www.diarioimagen.net\/?p=124932","title":{"rendered":"En 2012 la UAEM acredit\u00f3 2,515 programas educativos"},"content":{"rendered":"<ul>\n<li><em><strong>Con ellos, 1.1 millones de mexicanos realizan estudios de nivel superior en planes reconocidos por su calidad<\/strong><\/em><\/li>\n<\/ul>\n<div id=\"attachment_125002\" style=\"width: 250px\" class=\"wp-caption alignleft\"><a href=\"http:\/\/www.diarioimagen.net\/wp-content\/uploads\/2013\/03\/UAEM-2058.jpg\"><img loading=\"lazy\" decoding=\"async\" aria-describedby=\"caption-attachment-125002\" class=\"size-medium wp-image-125002\" alt=\"Luis Eduardo Zedillo Ponce de Le\u00f3n, director del Consejo para la Acreditaci\u00f3n, hizo una recapitulaci\u00f3n de la calidad de los programas educativos de la UAEM.\" src=\"http:\/\/www.diarioimagen.net\/wp-content\/uploads\/2013\/03\/UAEM-2058-240x135.jpg\" width=\"240\" height=\"135\" srcset=\"https:\/\/www.diarioimagen.net\/wp-content\/uploads\/2013\/03\/UAEM-2058-240x135.jpg 240w, https:\/\/www.diarioimagen.net\/wp-content\/uploads\/2013\/03\/UAEM-2058-420x236.jpg 420w, https:\/\/www.diarioimagen.net\/wp-content\/uploads\/2013\/03\/UAEM-2058-235x132.jpg 235w, https:\/\/www.diarioimagen.net\/wp-content\/uploads\/2013\/03\/UAEM-2058-202x114.jpg 202w, https:\/\/www.diarioimagen.net\/wp-content\/uploads\/2013\/03\/UAEM-2058-350x196.jpg 350w, https:\/\/www.diarioimagen.net\/wp-content\/uploads\/2013\/03\/UAEM-2058-220x123.jpg 220w, https:\/\/www.diarioimagen.net\/wp-content\/uploads\/2013\/03\/UAEM-2058-237x132.jpg 237w, https:\/\/www.diarioimagen.net\/wp-content\/uploads\/2013\/03\/UAEM-2058.jpg 480w\" sizes=\"auto, (max-width: 240px) 100vw, 240px\" \/><\/a><p id=\"caption-attachment-125002\" class=\"wp-caption-text\">Luis Eduardo Zedillo Ponce de Le\u00f3n, director del Consejo para la Acreditaci\u00f3n, hizo una recapitulaci\u00f3n de la calidad de los programas educativos de la UAEM.<\/p><\/div>\n<p><strong>Toluca, M\u00e9xico.-<\/strong> En 2012, 2 mil 515 programas educativos de diversas \u00e1reas del conocimiento lograron acreditarse o reacreditarse, y con ello, 1.1 millones de mexicanos realizan estudios de nivel superior en programas reconocidos por su calidad, se\u00f1al\u00f3 en la Universidad Aut\u00f3noma del Estado de M\u00e9xico, el director general del Consejo para la Acreditaci\u00f3n de la Educaci\u00f3n Superior (COPAES), Luis Eduardo Zedillo Ponce de Le\u00f3n.<\/p>\n<p>Lo anterior, durante la inauguraci\u00f3n del Primer Foro de la Red de Programas Acreditados de la Educaci\u00f3n Tur\u00edstica y Gastron\u00f3mica, organizado por el Consejo Nacional para la Calidad de la Educaci\u00f3n Tur\u00edstica (CONAET) y que tuvo como sede la UAEM.<\/p>\n<p>En el marco del inicio de los trabajos de dicho ejercicio acad\u00e9mico, que en representaci\u00f3n del rector de la UAEM, Eduardo Gasca Pliego, encabez\u00f3 el secretario de Docencia, Felipe Gonz\u00e1lez Solano, acompa\u00f1ado por el presidente del CONAET, Rafael Guti\u00e9rrez Niebla, Zedillo Ponce de Le\u00f3n coment\u00f3 que en s\u00f3lo dos a\u00f1os, se logr\u00f3 un incremento de m\u00e1s de 400 acreditaciones de programas educativos y agreg\u00f3 que dichos logros son resultado del compromiso de la mayor\u00eda de los organismos acreditadores.<\/p>\n<p>En el evento, al que asisti\u00f3 el director general de Turismo del gobierno del Estado de M\u00e9xico, Alejandro Balc\u00e1zar Gonz\u00e1lez, el secretario de Docencia consider\u00f3 que las instituciones de educaci\u00f3n superior tienen la responsabilidad de generar recursos humanos de excelencia, capaces de potenciar la riqueza\u00a0 y ajustarse a un marco de sustentabilidad.<\/p>\n<p>Por ello, asever\u00f3 el funcionario universitario, contar con programas de educaci\u00f3n tur\u00edstica y gastron\u00f3mica acreditados es un paso importante; sin embargo, dijo, deben encontrarse estrategias de mejora que permitan estar a la vanguardia de las tendencias nacionales e internacionales.<\/p>\n<p>&nbsp;<\/p>\n","protected":false},"excerpt":{"rendered":"<p>Toluca, M\u00e9xico.- En 2012, 2 mil 515 programas educativos de diversas \u00e1reas del conocimiento lograron acreditarse<\/p>\n","protected":false},"author":1,"featured_media":125002,"comment_status":"open","ping_status":"open","sticky":false,"template":"","format":"standard","meta":{"_monsterinsights_skip_tracking":false,"_monsterinsights_sitenote_active":false,"_monsterinsights_sitenote_note":"","_monsterinsights_sitenote_category":0,"footnotes":""},"categories":[5],"tags":[43675,1491],"class_list":["post-124932","post","type-post","status-publish","format-standard","has-post-thumbnail","hentry","category-estado-de-mexico","tag-estado-de-mexico","tag-uaem"],"_links":{"self":[{"href":"https:\/\/www.diarioimagen.net\/index.php?rest_route=\/wp\/v2\/posts\/124932","targetHints":{"allow":["GET"]}}],"collection":[{"href":"https:\/\/www.diarioimagen.net\/index.php?rest_route=\/wp\/v2\/posts"}],"about":[{"href":"https:\/\/www.diarioimagen.net\/index.php?rest_route=\/wp\/v2\/types\/post"}],"author":[{"embeddable":true,"href":"https:\/\/www.diarioimagen.net\/index.php?rest_route=\/wp\/v2\/users\/1"}],"replies":[{"embeddable":true,"href":"https:\/\/www.diarioimagen.net\/index.php?rest_route=%2Fwp%2Fv2%2Fcomments&post=124932"}],"version-history":[{"count":0,"href":"https:\/\/www.diarioimagen.net\/index.php?rest_route=\/wp\/v2\/posts\/124932\/revisions"}],"wp:featuredmedia":[{"embeddable":true,"href":"https:\/\/www.diarioimagen.net\/index.php?rest_route=\/wp\/v2\/media\/125002"}],"wp:attachment":[{"href":"https:\/\/www.diarioimagen.net\/index.php?rest_route=%2Fwp%2Fv2%2Fmedia&parent=124932"}],"wp:term":[{"taxonomy":"category","embeddable":true,"href":"https:\/\/www.diarioimagen.net\/index.php?rest_route=%2Fwp%2Fv2%2Fcategories&post=124932"},{"taxonomy":"post_tag","embeddable":true,"href":"https:\/\/www.diarioimagen.net\/index.php?rest_route=%2Fwp%2Fv2%2Ftags&post=124932"}],"curies":[{"name":"wp","href":"https:\/\/api.w.org\/{rel}","templated":true}]}}