{"id":124938,"date":"2013-03-18T00:09:34","date_gmt":"2013-03-18T06:09:34","guid":{"rendered":"http:\/\/www.diarioimagen.net\/?p=124938"},"modified":"2013-03-18T00:30:27","modified_gmt":"2013-03-18T06:30:27","slug":"mancera-piensa-visitar-espana","status":"publish","type":"post","link":"https:\/\/www.diarioimagen.net\/?p=124938","title":{"rendered":"Mancera piensa visitar Espa\u00f1a"},"content":{"rendered":"<ul>\n<li><em><strong>Afirma que podr\u00eda reunirse con la alcaldesa de Madrid para tratar temas de infraestructura urbana y medio ambiente<\/strong><\/em><\/li>\n<\/ul>\n<div id=\"attachment_125013\" style=\"width: 250px\" class=\"wp-caption alignleft\"><a href=\"http:\/\/www.diarioimagen.net\/wp-content\/uploads\/2013\/03\/Mancera-2058.jpg\"><img loading=\"lazy\" decoding=\"async\" aria-describedby=\"caption-attachment-125013\" class=\"size-medium wp-image-125013\" alt=\"Miguel \u00c1ngel Mancera, jefe de gobierno del DF, ir\u00e1 a Ciudad del Vaticano y anunci\u00f3 que planea hacer de regreso una escala en Madrid.\" src=\"http:\/\/www.diarioimagen.net\/wp-content\/uploads\/2013\/03\/Mancera-2058-240x135.jpg\" width=\"240\" height=\"135\" srcset=\"https:\/\/www.diarioimagen.net\/wp-content\/uploads\/2013\/03\/Mancera-2058-240x135.jpg 240w, https:\/\/www.diarioimagen.net\/wp-content\/uploads\/2013\/03\/Mancera-2058-420x236.jpg 420w, https:\/\/www.diarioimagen.net\/wp-content\/uploads\/2013\/03\/Mancera-2058-235x132.jpg 235w, https:\/\/www.diarioimagen.net\/wp-content\/uploads\/2013\/03\/Mancera-2058-202x114.jpg 202w, https:\/\/www.diarioimagen.net\/wp-content\/uploads\/2013\/03\/Mancera-2058-350x196.jpg 350w, https:\/\/www.diarioimagen.net\/wp-content\/uploads\/2013\/03\/Mancera-2058-220x123.jpg 220w, https:\/\/www.diarioimagen.net\/wp-content\/uploads\/2013\/03\/Mancera-2058-237x132.jpg 237w, https:\/\/www.diarioimagen.net\/wp-content\/uploads\/2013\/03\/Mancera-2058.jpg 480w\" sizes=\"auto, (max-width: 240px) 100vw, 240px\" \/><\/a><p id=\"caption-attachment-125013\" class=\"wp-caption-text\">Miguel \u00c1ngel Mancera, jefe de gobierno del DF, ir\u00e1 a Ciudad del Vaticano y anunci\u00f3 que planea hacer de regreso una escala en Madrid.<\/p><\/div>\n<p>El jefe del gobierno del distrito Federal, Miguel \u00c1ngel Mancera Espinosa, planea hacer una escala en Espa\u00f1a en su viaje al Vaticano para tratar con autoridades ib\u00e9ricas temas de infraestructura urbana y cuidado del ambiente.<\/p>\n<p>Luego de su participaci\u00f3n para celebrar un aniversario m\u00e1s de la expropiaci\u00f3n petrolera en el monumento a la Revoluci\u00f3n, aclar\u00f3 que podr\u00eda reunirse con la alcaldesa de Madrid, Ana Botella, sin embargo, hasta el momento no est\u00e1 confirmado.<\/p>\n<p>\u201cEst\u00e1n por confirmarnos alguna agenda en Espa\u00f1a, pero eso lo vamos a ver. Ver\u00edamos todo lo que tiene que ver con infraestructura urbana, con cuidado del medio ambiente, eso nos interesa mucho, y con movilidad\u201d, dijo Mancera.<\/p>\n<p>El mandatario capitalino inform\u00f3 que planea volar esta noche al Vaticano, luego de que recibi\u00f3 una invitaci\u00f3n de la Prefectura Pont\u00edfice.<\/p>\n<p>Se\u00f1al\u00f3 que de ser posible podr\u00eda hacer una invitaci\u00f3n al Papa Francisco para que visite la ciudad de M\u00e9xico.<\/p>\n<p>\u201cEsta es una de las ciudades con el centro religioso m\u00e1s importante, dir\u00eda yo, del mundo en la Bas\u00edlica de Guadalupe.<\/p>\n<p>\u201cEstamos por celebrar los 200 a\u00f1os de la Catedral, entonces hay varios s\u00edmbolos importantes de esta fe cat\u00f3lica que representa la ciudad de M\u00e9xico\u201d, expuso.<\/p>\n<p>El jefe de gobierno admiti\u00f3 que a\u00fan no cuenta con boleto de regreso de avi\u00f3n, debido a la alta demanda que hay en estos d\u00edas al Vaticano.<\/p>\n<p>\u201cSolamente vamos a estar presentes como invitados. Creo que (regreso) el mi\u00e9rcoles, estamos viendo porque est\u00e1 complicad\u00edsimo, me dicen que hay m\u00e1s de 116 pa\u00edses que estar\u00e1n presentes, entonces s\u00ed est\u00e1 complicado, pero a primera hora yo espero regresar\u201d.<\/p>\n<p>&nbsp;<\/p>\n","protected":false},"excerpt":{"rendered":"<p>El jefe del gobierno del distrito Federal, Miguel \u00c1ngel Mancera Espinosa, planea hacer una escala en Espa\u00f1a en su viaje al Vaticano para tratar con autoridades ib\u00e9ricas temas de infraestructura urbana y cuidado del ambiente.<\/p>\n","protected":false},"author":1,"featured_media":125013,"comment_status":"open","ping_status":"open","sticky":false,"template":"","format":"standard","meta":{"_monsterinsights_skip_tracking":false,"_monsterinsights_sitenote_active":false,"_monsterinsights_sitenote_note":"","_monsterinsights_sitenote_category":0,"footnotes":""},"categories":[6],"tags":[39,850,1908,5314],"class_list":["post-124938","post","type-post","status-publish","format-standard","has-post-thumbnail","hentry","category-cd-de-mexico","tag-distrito-federal","tag-espana","tag-medio-ambiente","tag-miguel-angel-mancera-espinosa"],"_links":{"self":[{"href":"https:\/\/www.diarioimagen.net\/index.php?rest_route=\/wp\/v2\/posts\/124938","targetHints":{"allow":["GET"]}}],"collection":[{"href":"https:\/\/www.diarioimagen.net\/index.php?rest_route=\/wp\/v2\/posts"}],"about":[{"href":"https:\/\/www.diarioimagen.net\/index.php?rest_route=\/wp\/v2\/types\/post"}],"author":[{"embeddable":true,"href":"https:\/\/www.diarioimagen.net\/index.php?rest_route=\/wp\/v2\/users\/1"}],"replies":[{"embeddable":true,"href":"https:\/\/www.diarioimagen.net\/index.php?rest_route=%2Fwp%2Fv2%2Fcomments&post=124938"}],"version-history":[{"count":0,"href":"https:\/\/www.diarioimagen.net\/index.php?rest_route=\/wp\/v2\/posts\/124938\/revisions"}],"wp:featuredmedia":[{"embeddable":true,"href":"https:\/\/www.diarioimagen.net\/index.php?rest_route=\/wp\/v2\/media\/125013"}],"wp:attachment":[{"href":"https:\/\/www.diarioimagen.net\/index.php?rest_route=%2Fwp%2Fv2%2Fmedia&parent=124938"}],"wp:term":[{"taxonomy":"category","embeddable":true,"href":"https:\/\/www.diarioimagen.net\/index.php?rest_route=%2Fwp%2Fv2%2Fcategories&post=124938"},{"taxonomy":"post_tag","embeddable":true,"href":"https:\/\/www.diarioimagen.net\/index.php?rest_route=%2Fwp%2Fv2%2Ftags&post=124938"}],"curies":[{"name":"wp","href":"https:\/\/api.w.org\/{rel}","templated":true}]}}