{"id":124945,"date":"2013-03-18T00:13:04","date_gmt":"2013-03-18T06:13:04","guid":{"rendered":"http:\/\/www.diarioimagen.net\/?p=124945"},"modified":"2013-03-18T00:23:28","modified_gmt":"2013-03-18T06:23:28","slug":"eruviel-y-robles-firman-acuerdo-para-combatir-la-pobreza-en-el-estado-de-mexico","status":"publish","type":"post","link":"https:\/\/www.diarioimagen.net\/?p=124945","title":{"rendered":"Eruviel  y Robles firman acuerdo para combatir la pobreza en el Estado de M\u00e9xico"},"content":{"rendered":"<h2>Arco Norte<\/h2>\n<h5>Jos\u00e9 Luis Monta\u00f1ez Aguilar<\/h5>\n<p>&nbsp;<\/p>\n<div id=\"attachment_125000\" style=\"width: 250px\" class=\"wp-caption alignleft\"><a href=\"http:\/\/www.diarioimagen.net\/wp-content\/uploads\/2013\/03\/eruviel-2058.jpg\"><img loading=\"lazy\" decoding=\"async\" aria-describedby=\"caption-attachment-125000\" class=\"size-medium wp-image-125000\" alt=\"Luego de firmar con la secretaria de Desarrollo Social federal, Rosario Robles Berlanga, el Acuerdo Integral para el Desarrollo Social Incluyente, el gobernador Eruviel \u00c1vila Villegas destac\u00f3 que seg\u00fan el Coneval, en 2010, en el Estado de M\u00e9xico se redujo la pobreza de 43.9 a 42.9 por ciento.\" src=\"http:\/\/www.diarioimagen.net\/wp-content\/uploads\/2013\/03\/eruviel-2058-240x135.jpg\" width=\"240\" height=\"135\" srcset=\"https:\/\/www.diarioimagen.net\/wp-content\/uploads\/2013\/03\/eruviel-2058-240x135.jpg 240w, https:\/\/www.diarioimagen.net\/wp-content\/uploads\/2013\/03\/eruviel-2058-420x236.jpg 420w, https:\/\/www.diarioimagen.net\/wp-content\/uploads\/2013\/03\/eruviel-2058-235x132.jpg 235w, https:\/\/www.diarioimagen.net\/wp-content\/uploads\/2013\/03\/eruviel-2058-202x114.jpg 202w, https:\/\/www.diarioimagen.net\/wp-content\/uploads\/2013\/03\/eruviel-2058-350x196.jpg 350w, https:\/\/www.diarioimagen.net\/wp-content\/uploads\/2013\/03\/eruviel-2058-220x123.jpg 220w, https:\/\/www.diarioimagen.net\/wp-content\/uploads\/2013\/03\/eruviel-2058-237x132.jpg 237w, https:\/\/www.diarioimagen.net\/wp-content\/uploads\/2013\/03\/eruviel-2058.jpg 480w\" sizes=\"auto, (max-width: 240px) 100vw, 240px\" \/><\/a><p id=\"caption-attachment-125000\" class=\"wp-caption-text\">Luego de firmar con la secretaria de Desarrollo Social federal, Rosario Robles Berlanga, el Acuerdo Integral para el Desarrollo Social Incluyente, el gobernador Eruviel \u00c1vila Villegas destac\u00f3 que seg\u00fan el Coneval, en 2010, en el Estado de M\u00e9xico se redujo la pobreza de 43.9 a 42.9 por ciento.<\/p><\/div>\n<p>La secretaria de Desarrollo Social federal, Rosario Robles Berlanga, y el gobernador Eruviel \u00c1vila Villegas firmaron el Acuerdo Integral para el Desarrollo Social Incluyente, a trav\u00e9s del cual se destinar\u00e1n 11 mil millones de pesos para atender a m\u00e1s de 800 mil personas de 32 municipios que viven en pobreza extrema y carencia alimentaria, como parte de la Cruzada Nacional Contra el Hambre, que puso en marcha el presidente Enrique Pe\u00f1a Nieto. \u201cEste acuerdo es de gran importancia, ya que sienta las bases para una adecuada y mayor coordinaci\u00f3n con el gobierno federal, especialmente con la Secretar\u00eda de Desarrollo Social, adem\u00e1s de que armoniza los programas sociales y focaliza los esfuerzos de ambos niveles de gobierno para atender las necesidades m\u00e1s apremiantes de los grupos m\u00e1s vulnerables de nuestra sociedad\u201d, expres\u00f3 el titular del Ejecutivo estatal. En la ceremonia realizada en el Sal\u00f3n del Pueblo del Palacio de Gobierno, con la que el gobierno del Estado de M\u00e9xico se suma formalmente a la Cruzada para Combatir el Hambre y la Pobreza en el pa\u00eds, el gobernador Eruviel \u00c1vila y la secretaria Rosario Robles coincidieron en se\u00f1alar que la suma de esfuerzos de los tres \u00f3rdenes de gobierno y de la sociedad, contribuyen a lograr mejores resultados en beneficio de la comunidad.<\/p>\n<p style=\"text-align: center;\"><strong>Nombramientos en la Secretar\u00eda General de Gobierno<\/strong><\/p>\n<p>Por otra parte, el gobernador tom\u00f3 protesta a siete funcionarios p\u00fablicos que forman parte de la Secretar\u00eda General de Gobierno, a quienes exhort\u00f3 a trabajar con profesionalismo en beneficio de los mexiquenses. Acompa\u00f1ado de Efr\u00e9n Rojas D\u00e1vila, secretario general de Gobierno, Eruviel \u00c1vila tom\u00f3 protesta a Coralia Villegas Romero, como secretaria t\u00e9cnica del Consejo Estatal de Poblaci\u00f3n; Guadalupe Ruiz Vel\u00e1zquez, directora general del Instituto de la Defensor\u00eda de Oficio y Francisco Garc\u00eda Camarena, director general del Instituto de la Funci\u00f3n Registral en el Estado de M\u00e9xico. Asimismo, rindieron protesta Alberto Mart\u00edn Saavedra Rodr\u00edguez y Rodolfo Jard\u00f3n Zarza, como coordinadores de gobierno de las zonas Nororiente y Oriente II, respectivamente, adem\u00e1s de Francisco Javier Espinoza Franco, como director de Gobierno de la regi\u00f3n de Naucalpan, y Mario Alberto Cervantes, como director de Gobierno zona Zumpango.<\/p>\n<p><em><a href=\"mailto:montanezaguilar@gmail.com\" target=\"_blank\">montanezaguilar@gmail.com<\/a><\/em><\/p>\n","protected":false},"excerpt":{"rendered":"<p><span style=\"color: #005497;\"><strong>Jos\u00e9 Luis Monta\u00f1ez Aguilar<\/strong><\/span><br \/>\n<br \/>\nLa secretaria de Desarrollo Social federal, Rosario Robles Berlanga, y el gobernador Eruviel \u00c1vila Villegas firmaron el Acuerdo Integral para el<br \/>\nDesarrollo Social Incluyente, a trav\u00e9s del cual se destinar\u00e1n 11 mil millones de pesos para atender a m\u00e1s de 800 mil personas de 32 municipios que viven en pobreza extrema y carencia alimentaria, como parte de la Cruzada Nacional Contra el Hambre, que puso en marcha el presidente Enrique Pe\u00f1a Nieto.<\/p>\n","protected":false},"author":1,"featured_media":125000,"comment_status":"open","ping_status":"open","sticky":false,"template":"","format":"standard","meta":{"_monsterinsights_skip_tracking":false,"_monsterinsights_sitenote_active":false,"_monsterinsights_sitenote_note":"","_monsterinsights_sitenote_category":0,"footnotes":""},"categories":[5],"tags":[13284,5828,43675,43704,2421],"class_list":["post-124945","post","type-post","status-publish","format-standard","has-post-thumbnail","hentry","category-estado-de-mexico","tag-arco-norte","tag-eruviel-avila-villegas","tag-estado-de-mexico","tag-jose-luis-montanez-aguilar","tag-pobreza"],"_links":{"self":[{"href":"https:\/\/www.diarioimagen.net\/index.php?rest_route=\/wp\/v2\/posts\/124945","targetHints":{"allow":["GET"]}}],"collection":[{"href":"https:\/\/www.diarioimagen.net\/index.php?rest_route=\/wp\/v2\/posts"}],"about":[{"href":"https:\/\/www.diarioimagen.net\/index.php?rest_route=\/wp\/v2\/types\/post"}],"author":[{"embeddable":true,"href":"https:\/\/www.diarioimagen.net\/index.php?rest_route=\/wp\/v2\/users\/1"}],"replies":[{"embeddable":true,"href":"https:\/\/www.diarioimagen.net\/index.php?rest_route=%2Fwp%2Fv2%2Fcomments&post=124945"}],"version-history":[{"count":0,"href":"https:\/\/www.diarioimagen.net\/index.php?rest_route=\/wp\/v2\/posts\/124945\/revisions"}],"wp:featuredmedia":[{"embeddable":true,"href":"https:\/\/www.diarioimagen.net\/index.php?rest_route=\/wp\/v2\/media\/125000"}],"wp:attachment":[{"href":"https:\/\/www.diarioimagen.net\/index.php?rest_route=%2Fwp%2Fv2%2Fmedia&parent=124945"}],"wp:term":[{"taxonomy":"category","embeddable":true,"href":"https:\/\/www.diarioimagen.net\/index.php?rest_route=%2Fwp%2Fv2%2Fcategories&post=124945"},{"taxonomy":"post_tag","embeddable":true,"href":"https:\/\/www.diarioimagen.net\/index.php?rest_route=%2Fwp%2Fv2%2Ftags&post=124945"}],"curies":[{"name":"wp","href":"https:\/\/api.w.org\/{rel}","templated":true}]}}