{"id":124951,"date":"2013-03-18T00:03:32","date_gmt":"2013-03-18T06:03:32","guid":{"rendered":"http:\/\/www.diarioimagen.net\/?p=124951"},"modified":"2013-03-19T00:25:26","modified_gmt":"2013-03-19T06:25:26","slug":"el-gdf-inicia-campana-contra-cancer-de-piel","status":"publish","type":"post","link":"https:\/\/www.diarioimagen.net\/?p=124951","title":{"rendered":"El GDF inicia campa\u00f1a contra c\u00e1ncer de piel"},"content":{"rendered":"<ul>\n<li><em><strong>El domingo 24 har\u00e1 una jornada de foto-protecci\u00f3n para diagnosticar casos de esa enfermedad: Ahued Ortega<\/strong><\/em><\/li>\n<\/ul>\n<div id=\"attachment_124985\" style=\"width: 250px\" class=\"wp-caption alignleft\"><a href=\"http:\/\/www.diarioimagen.net\/wp-content\/uploads\/2013\/03\/cancer-2058.jpg\"><img loading=\"lazy\" decoding=\"async\" aria-describedby=\"caption-attachment-124985\" class=\"size-medium wp-image-124985\" alt=\"La Secretar\u00eda de Salud capitalina organizar\u00e1 el pr\u00f3ximo domingo el arranque de la \u201cCampa\u00f1a de Prevenci\u00f3n y Detecci\u00f3n Oportuna de C\u00e1ncer en la Piel\u201d.\" src=\"http:\/\/www.diarioimagen.net\/wp-content\/uploads\/2013\/03\/cancer-2058-240x135.jpg\" width=\"240\" height=\"135\" srcset=\"https:\/\/www.diarioimagen.net\/wp-content\/uploads\/2013\/03\/cancer-2058-240x135.jpg 240w, https:\/\/www.diarioimagen.net\/wp-content\/uploads\/2013\/03\/cancer-2058-420x236.jpg 420w, https:\/\/www.diarioimagen.net\/wp-content\/uploads\/2013\/03\/cancer-2058-235x132.jpg 235w, https:\/\/www.diarioimagen.net\/wp-content\/uploads\/2013\/03\/cancer-2058-202x114.jpg 202w, https:\/\/www.diarioimagen.net\/wp-content\/uploads\/2013\/03\/cancer-2058-350x196.jpg 350w, https:\/\/www.diarioimagen.net\/wp-content\/uploads\/2013\/03\/cancer-2058-220x123.jpg 220w, https:\/\/www.diarioimagen.net\/wp-content\/uploads\/2013\/03\/cancer-2058-237x132.jpg 237w, https:\/\/www.diarioimagen.net\/wp-content\/uploads\/2013\/03\/cancer-2058.jpg 480w\" sizes=\"auto, (max-width: 240px) 100vw, 240px\" \/><\/a><p id=\"caption-attachment-124985\" class=\"wp-caption-text\">La Secretar\u00eda de Salud capitalina organizar\u00e1 el pr\u00f3ximo domingo el arranque de la \u201cCampa\u00f1a de Prevenci\u00f3n y Detecci\u00f3n Oportuna de C\u00e1ncer en la Piel\u201d.<\/p><\/div>\n<p>El gobierno del Distrito Federal, a trav\u00e9s de la Secretar\u00eda de Salud, anunci\u00f3 la puesta en marcha de la \u201cCampa\u00f1a de Prevenci\u00f3n y Detecci\u00f3n Oportuna de C\u00e1ncer de Piel\u201d en la ciudad de M\u00e9xico, e inform\u00f3 que el pr\u00f3ximo domingo 24 de marzo, se realizar\u00e1 una jornada de foto-protecci\u00f3n para diagnosticar casos de c\u00e1ncer de piel, y otras enfermedades dermatol\u00f3gicas, a fin de canalizar a los pacientes para su atenci\u00f3n m\u00e9dica.<\/p>\n<p>El secretario de Salud capitalino, Armando Ahued Ortega, destac\u00f3 que dicha jornada se realizar\u00e1 en la Glorieta del \u00c1ngel de la Independencia con el respaldo de L\u2019oreal M\u00e9xico y La Roche-Posa, donde participar\u00e1n 50 dermat\u00f3logos a trav\u00e9s de 80 carpas de consulta y se repartir\u00e1n 10 mil muestras de bloqueador solar a los asistentes.<\/p>\n<p>Asimismo, se\u00f1al\u00f3 que se distribuir\u00e1n 110 mil muestras de bloqueador solar en escuelas de Educaci\u00f3n B\u00e1sica, en actividades de la Secretar\u00eda de Salud local y en el Ciclot\u00f3n que se realiza los domingos en Avenida Reforma; adem\u00e1s se repartir\u00e1n tr\u00edpticos, folletos y posters con informaci\u00f3n y recomendaciones para el cuidado de la piel.<\/p>\n<p>Armando Ahued, se\u00f1al\u00f3 que es indispensable fomentar una cultura de prevenci\u00f3n de c\u00e1ncer de piel y recomend\u00f3 estar alertas ante la presencia de cambios en la coloraci\u00f3n de piel o en la aparici\u00f3n de lesiones. De ser el caso \u2013dijo- se debe acudir de inmediato con el especialista y no auto medicarse, ni aplicarse tratamientos sin supervisi\u00f3n m\u00e9dica.<\/p>\n<p>Destac\u00f3 que el gobierno del Distrito Federal cuenta con el mejor espacio de dermatolog\u00eda del pa\u00eds: El Centro Dermatol\u00f3gico \u201cDr. Ladislao de la Pascua\u201d, un referente a nivel Latinoam\u00e9rica, reconocido por la calidad profesional de sus especialistas dermat\u00f3logos y dermato-onc\u00f3logos, as\u00ed como por la labor de investigaci\u00f3n que ah\u00ed se realiza.<\/p>\n<p>Ahued Ortega, inform\u00f3 que la incidencia del c\u00e1ncer de piel maligno es del 1.5 por ciento y el 98.5 es c\u00e1ncer de piel no melanoma, tan s\u00f3lo el a\u00f1o pasado en el Dermatol\u00f3gico Pascua, se atendieron a 472 personas diagnosticadas con c\u00e1ncer de piel no melanoma y a siete personas con c\u00e1ncer piel melanoma.<\/p>\n<p>&nbsp;<\/p>\n","protected":false},"excerpt":{"rendered":"<p>El gobierno del Distrito Federal, a trav\u00e9s de la Secretar\u00eda de Salud, anunci\u00f3 la puesta en marcha de la \u201cCampa\u00f1a de Prevenci\u00f3n y Detecci\u00f3n Oportuna de C\u00e1ncer de Piel\u201d en la ciudad de M\u00e9xico, e inform\u00f3 que el pr\u00f3ximo domingo 24 de marzo, se realizar\u00e1 una jornada de foto-protecci\u00f3n para diagnosticar casos de c\u00e1ncer de piel, y otras enfermedades dermatol\u00f3gicas, a fin de canalizar a los pacientes para su atenci\u00f3n m\u00e9dica.<\/p>\n","protected":false},"author":1,"featured_media":124985,"comment_status":"open","ping_status":"open","sticky":false,"template":"","format":"standard","meta":{"_monsterinsights_skip_tracking":false,"_monsterinsights_sitenote_active":false,"_monsterinsights_sitenote_note":"","_monsterinsights_sitenote_category":0,"footnotes":""},"categories":[17,6],"tags":[10975,39,432],"class_list":["post-124951","post","type-post","status-publish","format-standard","has-post-thumbnail","hentry","category-especiales","category-cd-de-mexico","tag-cancer-de-piel","tag-distrito-federal","tag-secretaria-de-salud"],"_links":{"self":[{"href":"https:\/\/www.diarioimagen.net\/index.php?rest_route=\/wp\/v2\/posts\/124951","targetHints":{"allow":["GET"]}}],"collection":[{"href":"https:\/\/www.diarioimagen.net\/index.php?rest_route=\/wp\/v2\/posts"}],"about":[{"href":"https:\/\/www.diarioimagen.net\/index.php?rest_route=\/wp\/v2\/types\/post"}],"author":[{"embeddable":true,"href":"https:\/\/www.diarioimagen.net\/index.php?rest_route=\/wp\/v2\/users\/1"}],"replies":[{"embeddable":true,"href":"https:\/\/www.diarioimagen.net\/index.php?rest_route=%2Fwp%2Fv2%2Fcomments&post=124951"}],"version-history":[{"count":0,"href":"https:\/\/www.diarioimagen.net\/index.php?rest_route=\/wp\/v2\/posts\/124951\/revisions"}],"wp:featuredmedia":[{"embeddable":true,"href":"https:\/\/www.diarioimagen.net\/index.php?rest_route=\/wp\/v2\/media\/124985"}],"wp:attachment":[{"href":"https:\/\/www.diarioimagen.net\/index.php?rest_route=%2Fwp%2Fv2%2Fmedia&parent=124951"}],"wp:term":[{"taxonomy":"category","embeddable":true,"href":"https:\/\/www.diarioimagen.net\/index.php?rest_route=%2Fwp%2Fv2%2Fcategories&post=124951"},{"taxonomy":"post_tag","embeddable":true,"href":"https:\/\/www.diarioimagen.net\/index.php?rest_route=%2Fwp%2Fv2%2Ftags&post=124951"}],"curies":[{"name":"wp","href":"https:\/\/api.w.org\/{rel}","templated":true}]}}