{"id":125062,"date":"2013-03-19T00:03:00","date_gmt":"2013-03-19T06:03:00","guid":{"rendered":"http:\/\/www.diarioimagen.net\/?p=125062"},"modified":"2013-03-19T00:28:57","modified_gmt":"2013-03-19T06:28:57","slug":"noticias-del-tianguis-turistico","status":"publish","type":"post","link":"https:\/\/www.diarioimagen.net\/?p=125062","title":{"rendered":"Noticias del Tianguis Tur\u00edstico"},"content":{"rendered":"<h2>Detr\u00e1s del Poder<\/h2>\n<h5>Jos\u00e9 Antonio L\u00f3pez Sosa<\/h5>\n<p>&nbsp;<\/p>\n<p><b>Puebla, Puebla.<\/b>&#8211; Sin lugar a duda la noticia m\u00e1s importante que se ha dado a conocer durante el Tianguis Tur\u00edstico de Puebla 2013 sali\u00f3 de la canciller\u00eda mexicana.<\/p>\n<p>La Secretar\u00eda de Relaciones Exteriores dio a conocer ayer el acuerdo de supresi\u00f3n de visas en viajes de corta duraci\u00f3n, lo cual se traduce en que el turismo entre ambos pa\u00edses no requerir\u00e1 de visado en adelante.<\/p>\n<p>Fue M\u00e9xico quien unilateralmente determin\u00f3 suspender un acuerdo previo de supresi\u00f3n de visas y Brasil por reciprocidad diplom\u00e1tica comenz\u00f3 a requerirla tambi\u00e9n a nacionales mexicanos desde la administraci\u00f3n de Vicente Fox.<\/p>\n<p>Sin lugar a duda ello representa un \u00e1rea de oportunidad para ambas naciones, en especial para la industria tur\u00edstica mexicana por la creciente cantidad de turismo brasile\u00f1o en distintos lugares del orbe, Brasil hoy en d\u00eda representa uno de los mercados exportadores de turistas m\u00e1s importantes en el continente.<\/p>\n<p align=\"center\"><b>CIFRAS EN PUEBLA<\/b><\/p>\n<p>Rafael Moreno Valle, gobernador de Puebla, asegura que durante su administraci\u00f3n el turismo ha aumentado un 31%, asegura que su misi\u00f3n es mostrar un rostro distinto de su estado a trav\u00e9s de sus 7 pueblos m\u00e1gicos.<\/p>\n<p>La secretaria de Turismo, Claudia Ru\u00edz Massieu, habl\u00f3 de los n\u00fameros en el tianguis y durante el a\u00f1o pasado.<\/p>\n<p>M\u00e1s de 23 millones de turistas internacionales llegaron a M\u00e9xico de acuerdo a las cifras de Sectur, lo que no queda claro si lo comparamos con las cifras del Instituto Nacional de Migraci\u00f3n en el a\u00f1o 2012, que anuncian 10 millones 826 mil extranjeros ingresados por aeropuertos, a menos que los otros 13 millones hayan ingresado por las fronteras.<\/p>\n<p>La derrama econ\u00f3mica en materia tur\u00edstica rond\u00f3 los 2 mil 600 millones de d\u00f3lares de acuerdo a cifras oficiales.<\/p>\n<p>En este tianguis hay representantes de 42 pa\u00edses, 500 expositores y 600 compradores. Las 3 mil 200 habitaciones disponibles en Puebla est\u00e1n pr\u00e1cticamente a tope.<\/p>\n<p>Los destinos nacionales de mayor importancia est\u00e1n presentes en este tianguis tur\u00edstico, medios de comunicaci\u00f3n nacionales e internacionales estamos congregados para conocer las novedades y las cifras que de este tianguis emanar\u00e1n para la industria tur\u00edstica nacional.<\/p>\n<p align=\"center\"><b>EXCESIVA SEGURIDAD<\/b><\/p>\n<p>Una de las aristas en el Tianguis Tur\u00edstico nos parece que es el exceso de seguridad.<\/p>\n<p>De acuerdo al discurso del gobernador la entidad goza de tranquilidad frente a la crisis de inseguridad nacional, luego entonces resulta inexplicable la decena de cortes vehiculares, polic\u00eda estatal, municipal y federal, incluso elementos del Ej\u00e9rcito mexicano en el Centro de Exposiciones y los fuertes en los momentos que el gobernador del estado se presenta.<\/p>\n<p>El domingo pasado hicimos un enlace en vivo para nuestra emisi\u00f3n \u201cDe Viaje en F\u00f3rmula Confidencial\u201d en Radio F\u00f3rmula, estuvimos en vivo en el momento que el gobernador daba un discurso de bienvenida al Tianguis en la Plaza de la Victoria.<\/p>\n<p>La seguridad personal del gobernador es a tal grado que se nos impidi\u00f3 siquiera acercarnos a una de las bocinas para transmitir su discurso en vivo, \u201csolo los autorizados por el gobernador\u201d fueron las palabras de su numeroso cuerpo de seguridad que nos dejaron a m\u00e1s de 70 metros del sitio en que Moreno Valle daba su discurso.<\/p>\n<p><em><a href=\"mailto:lopez.sosa@mexico.com\" target=\"_blank\">lopez.sosa@mexico.com<\/a><\/em><br \/>\n<em><a href=\"http:\/\/twitter.com\/#%21\/joseantonio1977\" target=\"_blank\">@joseantonio1977<br \/>\n<\/a><\/em><em><a href=\"http:\/\/www.formulaconfidencial.com.mx\/\" target=\"_blank\">www.formulaconfidencial.com.mx<\/a><\/em><\/p>\n","protected":false},"excerpt":{"rendered":"<p><span style=\"color: #005497;\"><strong>Jos\u00e9 Antonio L\u00f3pez Sosa<\/strong><\/span><\/p>\n","protected":false},"author":1,"featured_media":0,"comment_status":"open","ping_status":"open","sticky":false,"template":"","format":"standard","meta":{"_monsterinsights_skip_tracking":false,"_monsterinsights_sitenote_active":false,"_monsterinsights_sitenote_note":"","_monsterinsights_sitenote_category":0,"footnotes":""},"categories":[637],"tags":[638,43690,43674,46],"class_list":["post-125062","post","type-post","status-publish","format-standard","hentry","category-jose-antonio-lopez-sosa","tag-detras-del-poder","tag-jose-antonio-lopez-sosa","tag-opinion","tag-puebla"],"_links":{"self":[{"href":"https:\/\/www.diarioimagen.net\/index.php?rest_route=\/wp\/v2\/posts\/125062","targetHints":{"allow":["GET"]}}],"collection":[{"href":"https:\/\/www.diarioimagen.net\/index.php?rest_route=\/wp\/v2\/posts"}],"about":[{"href":"https:\/\/www.diarioimagen.net\/index.php?rest_route=\/wp\/v2\/types\/post"}],"author":[{"embeddable":true,"href":"https:\/\/www.diarioimagen.net\/index.php?rest_route=\/wp\/v2\/users\/1"}],"replies":[{"embeddable":true,"href":"https:\/\/www.diarioimagen.net\/index.php?rest_route=%2Fwp%2Fv2%2Fcomments&post=125062"}],"version-history":[{"count":0,"href":"https:\/\/www.diarioimagen.net\/index.php?rest_route=\/wp\/v2\/posts\/125062\/revisions"}],"wp:attachment":[{"href":"https:\/\/www.diarioimagen.net\/index.php?rest_route=%2Fwp%2Fv2%2Fmedia&parent=125062"}],"wp:term":[{"taxonomy":"category","embeddable":true,"href":"https:\/\/www.diarioimagen.net\/index.php?rest_route=%2Fwp%2Fv2%2Fcategories&post=125062"},{"taxonomy":"post_tag","embeddable":true,"href":"https:\/\/www.diarioimagen.net\/index.php?rest_route=%2Fwp%2Fv2%2Ftags&post=125062"}],"curies":[{"name":"wp","href":"https:\/\/api.w.org\/{rel}","templated":true}]}}