{"id":125070,"date":"2013-03-19T00:01:30","date_gmt":"2013-03-19T06:01:30","guid":{"rendered":"http:\/\/www.diarioimagen.net\/?p=125070"},"modified":"2013-03-19T00:29:14","modified_gmt":"2013-03-19T06:29:14","slug":"pemex-para-donde-moverse","status":"publish","type":"post","link":"https:\/\/www.diarioimagen.net\/?p=125070","title":{"rendered":"Pemex, \u00bfpara d\u00f3nde moverse?"},"content":{"rendered":"<h2>Pol\u00edtica Spot<\/h2>\n<h5>Juan Manuel Maga\u00f1a<\/h5>\n<p>&nbsp;<\/p>\n<p>La verdadera reforma de Pemex consistir\u00eda en hacer que de veras pertenezca a los mexicanos. Hasta ahora eso s\u00f3lo ocurre en el discurso, porque lo cierto es que sus beneficios est\u00e1n bien capturados por una red de intereses, entre los cuales est\u00e1n primero los de los m\u00e1s ricos de este pa\u00eds.<\/p>\n<p>Pemex ha sido exprimido por un fisco, que a su vez devuelve o perdona una enorme cantidad de dinero en impuestos a las grandes empresas del territorio.<\/p>\n<p>Y as\u00ed es como en parte se explica que los gobiernos no tengan dinero para frenar la desigualdad social. Esa enorme deformaci\u00f3n de la econom\u00eda estatal ha sido la que ha apretado tanto a Pemex hasta casi ahorcarlo.<\/p>\n<p>Otra tenaza que le ha hecho da\u00f1o letal es la corrupci\u00f3n. La paraestatal ha sido pr\u00f3diga pero para pol\u00edticos, amigos, prestanombres y parientes de quienes han estado en el primer c\u00edrculo del poder.<\/p>\n<p>La vista m\u00e1s descarada de esto la tuvimos recientemente con Juan Camilo Mouri\u00f1o.<\/p>\n<p>Otra m\u00e1s, es la que en diferentes momentos de la historia se nos ha revelado: las enormes transfusiones de recursos que se la han hecho a su sindicato, en grado tal que no se puede pensar en su l\u00edder Carlos Romero Deschamps sin asociarlo con un lujoso yate o con un Ferrari, y sin compararlo con Elba Esther.<\/p>\n<p>Y faltar\u00eda por mencionar la forma en que la paraestatal ha sido tambi\u00e9n atenazada por el crimen organizado, que orde\u00f1a a placer sus ductos de gasolina y gas para traficar con eso en un gran mercado negro.<\/p>\n<p>Soltar a la empresa de esa red de intereses deber\u00eda ser el verdadero prop\u00f3sito de la reforma. Redireccionar sus recursos para que se fortalezca y para que apoye el desarrollo nacional tendr\u00eda que ser el objetivo.<\/p>\n<p>S\u00f3lo as\u00ed se podr\u00eda hacer efectiva aquella expresi\u00f3n demag\u00f3gica de que Pemex, el petr\u00f3leo, es de los mexicanos.<\/p>\n<p>Todo el entorno pol\u00edtico y econ\u00f3mico de M\u00e9xico est\u00e1 a la espera de una anunciada reforma energ\u00e9tica. Las posturas se est\u00e1n dando y hasta coloc\u00e1ndose en conflicto potencial. Contra lo que se supone sea una privatizaci\u00f3n, se organiza una resistencia, que ya vimos en qu\u00e9 acab\u00f3 cuando Felipe Calder\u00f3n s\u00ed quiso hacer tal cosa en forma enga\u00f1osa.<\/p>\n<p>El presidente Enrique Pe\u00f1a Nieto acaba de decir que Pemex \u201cno se vende ni se privatiza, es y seguir\u00e1 siendo patrimonio de todos los mexicanos\u201d. Y agreg\u00f3 que \u201cHay que mover a Pemex para que Pemex mueva a M\u00e9xico\u201d<\/p>\n<p>Planteado as\u00ed pareciera ir en el buen sentido que mencionamos en este texto.<\/p>\n<p>Pero eso s\u00f3lo se sabr\u00e1 hasta que lo que proponga y firme est\u00e9 en el papel. Y pareciera ir en este sentido lo anunciado por el dirigente pri\u00edsta C\u00e9sar Camacho Quiroz: que ser\u00e1 en el llamado Pacto por M\u00e9xico donde \u201ctodos los partidos\u201d impulsar\u00e1n una reforma energ\u00e9tica que beneficie al pa\u00eds.<\/p>\n<p>Una voz calificada es la del ingeniero Cuauht\u00e9moc C\u00e1rdenas, quien sostuvo que por mil razones el cambio en la pol\u00edtica petrolera es urgente pues la industria enfrenta un severo deterioro.<\/p>\n<p>Pero por eso censur\u00f3 que los gobiernos neoliberales hayan atribuido la situaci\u00f3n que enfrenta Pemex a la falta de capitales y capacidad financiera, aun cuando resulta de alta rentabilidad para inversionistas privados.<\/p>\n<p>Consider\u00f3 que el r\u00e9gimen fiscal al que se ha sometido a la paraestatal le ha impedido funcionar con la eficacia que requiere y mantener los ritmos de inversi\u00f3n necesarios.<\/p>\n<p>Y ah\u00ed est\u00e1 ya en las calles Andr\u00e9s Manuel L\u00f3pez Obrador con su movimiento Morena y otras organizaciones que le siguen para oponerse rotundamente a una eventual privatizaci\u00f3n, pues temen, al igual que C\u00e1rdenas, que se diga una cosa para al final hacerse precisamente lo contrario.<\/p>\n<p>Est\u00e1 m\u00e1s que claro que en la escena hay a la vez un temor no despejado y un consenso aun no firmado. Dos posibles finales que har\u00e1n historia. En medio, el suspenso.<\/p>\n<p><em><a href=\"mailto: maganapalace@yahoo.com.mx\" target=\"_blank\">maganapalace@yahoo.com.mx<\/a><\/em><\/p>\n","protected":false},"excerpt":{"rendered":"<p><span style=\"color: #005497;\"><strong>Juan Manuel Maga\u00f1a<\/strong><\/span><\/p>\n","protected":false},"author":1,"featured_media":0,"comment_status":"open","ping_status":"open","sticky":false,"template":"","format":"standard","meta":{"_monsterinsights_skip_tracking":false,"_monsterinsights_sitenote_active":false,"_monsterinsights_sitenote_note":"","_monsterinsights_sitenote_category":0,"footnotes":""},"categories":[22905],"tags":[43709,43674,292,22904],"class_list":["post-125070","post","type-post","status-publish","format-standard","hentry","category-juan-manuel-magana","tag-juan-manuel-magana","tag-opinion","tag-pemex","tag-politica-spot"],"_links":{"self":[{"href":"https:\/\/www.diarioimagen.net\/index.php?rest_route=\/wp\/v2\/posts\/125070","targetHints":{"allow":["GET"]}}],"collection":[{"href":"https:\/\/www.diarioimagen.net\/index.php?rest_route=\/wp\/v2\/posts"}],"about":[{"href":"https:\/\/www.diarioimagen.net\/index.php?rest_route=\/wp\/v2\/types\/post"}],"author":[{"embeddable":true,"href":"https:\/\/www.diarioimagen.net\/index.php?rest_route=\/wp\/v2\/users\/1"}],"replies":[{"embeddable":true,"href":"https:\/\/www.diarioimagen.net\/index.php?rest_route=%2Fwp%2Fv2%2Fcomments&post=125070"}],"version-history":[{"count":0,"href":"https:\/\/www.diarioimagen.net\/index.php?rest_route=\/wp\/v2\/posts\/125070\/revisions"}],"wp:attachment":[{"href":"https:\/\/www.diarioimagen.net\/index.php?rest_route=%2Fwp%2Fv2%2Fmedia&parent=125070"}],"wp:term":[{"taxonomy":"category","embeddable":true,"href":"https:\/\/www.diarioimagen.net\/index.php?rest_route=%2Fwp%2Fv2%2Fcategories&post=125070"},{"taxonomy":"post_tag","embeddable":true,"href":"https:\/\/www.diarioimagen.net\/index.php?rest_route=%2Fwp%2Fv2%2Ftags&post=125070"}],"curies":[{"name":"wp","href":"https:\/\/api.w.org\/{rel}","templated":true}]}}